{"id":412739,"date":"2019-01-29T00:11:48","date_gmt":"2019-01-29T06:11:48","guid":{"rendered":"https:\/\/www.diarioimagen.net\/?p=412739"},"modified":"2019-01-29T02:10:55","modified_gmt":"2019-01-29T08:10:55","slug":"talleres-de-orientacion-legal-para-pueblos-indigenas","status":"publish","type":"post","link":"https:\/\/www.diarioimagen.net\/?p=412739","title":{"rendered":"Talleres de orientaci\u00f3n legal para pueblos ind\u00edgenas"},"content":{"rendered":"<ul>\n<li><strong><em>Asesor\u00edas gratuitas a grupos vulnerables en 43 municipios<\/em><\/strong><\/li>\n<\/ul>\n<p>&nbsp;<\/p>\n<p><a href=\"https:\/\/www.diarioimagen.net\/?attachment_id=412811\" rel=\"attachment wp-att-412811\"><img loading=\"lazy\" decoding=\"async\" class=\"aligncenter size-large wp-image-412811\" src=\"https:\/\/www.diarioimagen.net\/wp-content\/uploads\/2019\/01\/talleres-460x259.jpg\" alt=\"\" width=\"460\" height=\"259\" srcset=\"https:\/\/www.diarioimagen.net\/wp-content\/uploads\/2019\/01\/talleres-460x259.jpg 460w, https:\/\/www.diarioimagen.net\/wp-content\/uploads\/2019\/01\/talleres-240x135.jpg 240w, https:\/\/www.diarioimagen.net\/wp-content\/uploads\/2019\/01\/talleres-235x132.jpg 235w, https:\/\/www.diarioimagen.net\/wp-content\/uploads\/2019\/01\/talleres-202x114.jpg 202w, https:\/\/www.diarioimagen.net\/wp-content\/uploads\/2019\/01\/talleres-350x196.jpg 350w, https:\/\/www.diarioimagen.net\/wp-content\/uploads\/2019\/01\/talleres-220x123.jpg 220w, https:\/\/www.diarioimagen.net\/wp-content\/uploads\/2019\/01\/talleres-237x132.jpg 237w, https:\/\/www.diarioimagen.net\/wp-content\/uploads\/2019\/01\/talleres.jpg 480w\" sizes=\"auto, (max-width: 460px) 100vw, 460px\" \/><\/a><\/p>\n<p>&nbsp;<\/p>\n<p><strong>Toluca, Estado de M\u00e9xico<\/strong>.- El gobierno del Estado de M\u00e9xico, en coordinaci\u00f3n con la Comisi\u00f3n estatal de Derechos Humanos (Codhem), realiza talleres de orientaci\u00f3n legal en los 43 municipios en los que se concentran los pueblos originarios de la entidad.<\/p>\n<p>A trav\u00e9s del Instituto de la Defensor\u00eda P\u00fablica (IDP) y de la Comisi\u00f3n Ejecutiva de Atenci\u00f3n a V\u00edctimas (CEAVEM) de la Secretar\u00eda de Justicia y Derechos Humanos, y del Consejo Estatal para el Desarrollo Integral de los Pueblos Ind\u00edgenas (CEDIPIEM), el gobierno estatal acerca los servicios de justicia cotidiana a las comunidades m\u00e1s vulnerables, con el fin de que las y los mexiquenses conozcan sus derechos y los hagan valer.<\/p>\n<p>\u201cA m\u00ed me parece en lo personal ben\u00e9fico porque pues uno desconoce los servicios que pueden beneficiar en lo familiar, personal\u201d, consider\u00f3 Emma D\u00edaz Nolasco, habitante de la comunidad de San Pablo Autopan.<\/p>\n<p>Las jornadas se programan en coordinaci\u00f3n con los l\u00edderes ind\u00edgenas de las comunidades mazahua, otom\u00ed, nahua, tlahuica y matlazinca.<\/p>\n<p>\u201cAtendemos las solicitudes de nuestros l\u00edderes ind\u00edgenas, en algunos casos de los jefes supremos ind\u00edgenas para acercar estos servicios; en este caso, son talleres jur\u00eddicos informativos donde solicitamos la presencia de otras instituciones como el Instituto de la Defensor\u00eda P\u00fablica, la Comisi\u00f3n Ejecutiva de Atenci\u00f3n a V\u00edctimas, que nos hacen favor de acompa\u00f1arnos a informarles sobre los derechos que tienen nuestros hermanos ind\u00edgenas en todo el territorio del Estado de M\u00e9xico\u201d, explic\u00f3 Israel \u00c1ngel Osornio Su\u00e1rez, abogado del \u00e1rea jur\u00eddica de CEDIPIEM.<\/p>\n<p>Durante estas jornadas itinerantes un representante de cada organismo expone en qu\u00e9 consiste su trabajo y los servicios que ofertan de manera gratuita. Adem\u00e1s, ofrecen asesor\u00edas jur\u00eddicas y psicol\u00f3gicas a quienes solicitan sus servicios.<\/p>\n<p>Estos talleres se llevan a cabo de forma itinerante en los muncipios con presencia de grupos ind\u00edgenas originarios. Para los mazahuas se realizan en Almoloya de Ju\u00e1rez, Atlacomulco, Donato Guerra, El Oro, Ixtapan del Oro, Ixtlahuaca, Jocotitl\u00e1n, San Felipe del Progreso, San Jos\u00e9 del Rinc\u00f3n, Temascalcingo, Valle de Bravo, Villa de Allende y Villa Victoria.<\/p>\n<p>Para el pueblo otom\u00ed, visitan los municipios de Acambay, Aculco, Amanalco, Capulhuac, Chapa de Mota, Jilotepec, Jiquipilco, Lerma, Metepec, Ocoyoacac, Otzolotepec, Morelos, Soyaniquilpan, Temascalcingo, Temoaya, Tianguistenco, Timilpan, Toluca, Villa del Carb\u00f3n, Xonacatl\u00e1n y Zinacantepec.<\/p>\n<p>Para el pueblo nahua los talleres se llevan a cabo en Amecameca, Capulhuac, Joquicingo, Malinalco, Sultepec, Tejupilco, Temascaltepec, Tenango del Valle, Texcoco, Tianguistenco y Xalatlaco.<\/p>\n<p>Para los pueblos tlahuica y matlazinca se recorren los municipios de Ocuilan y Temascaltepec.<\/p>\n","protected":false},"excerpt":{"rendered":"<p>El gobierno del Estado de M\u00e9xico, en coordinaci\u00f3n con la Comisi\u00f3n estatal de Derechos Humanos (Codhem), realiza talleres de orientaci\u00f3n legal en los 43 municipios en los que se concentran los pueblos originarios de la entidad.<\/p>\n","protected":false},"author":3,"featured_media":412811,"comment_status":"open","ping_status":"open","sticky":false,"template":"","format":"standard","meta":{"_monsterinsights_skip_tracking":false,"_monsterinsights_sitenote_active":false,"_monsterinsights_sitenote_note":"","_monsterinsights_sitenote_category":0,"footnotes":""},"categories":[5],"tags":[43675,3834,452],"class_list":["post-412739","post","type-post","status-publish","format-standard","has-post-thumbnail","hentry","category-estado-de-mexico","tag-estado-de-mexico","tag-pueblos-indigenas","tag-toluca"],"_links":{"self":[{"href":"https:\/\/www.diarioimagen.net\/index.php?rest_route=\/wp\/v2\/posts\/412739","targetHints":{"allow":["GET"]}}],"collection":[{"href":"https:\/\/www.diarioimagen.net\/index.php?rest_route=\/wp\/v2\/posts"}],"about":[{"href":"https:\/\/www.diarioimagen.net\/index.php?rest_route=\/wp\/v2\/types\/post"}],"author":[{"embeddable":true,"href":"https:\/\/www.diarioimagen.net\/index.php?rest_route=\/wp\/v2\/users\/3"}],"replies":[{"embeddable":true,"href":"https:\/\/www.diarioimagen.net\/index.php?rest_route=%2Fwp%2Fv2%2Fcomments&post=412739"}],"version-history":[{"count":0,"href":"https:\/\/www.diarioimagen.net\/index.php?rest_route=\/wp\/v2\/posts\/412739\/revisions"}],"wp:featuredmedia":[{"embeddable":true,"href":"https:\/\/www.diarioimagen.net\/index.php?rest_route=\/wp\/v2\/media\/412811"}],"wp:attachment":[{"href":"https:\/\/www.diarioimagen.net\/index.php?rest_route=%2Fwp%2Fv2%2Fmedia&parent=412739"}],"wp:term":[{"taxonomy":"category","embeddable":true,"href":"https:\/\/www.diarioimagen.net\/index.php?rest_route=%2Fwp%2Fv2%2Fcategories&post=412739"},{"taxonomy":"post_tag","embeddable":true,"href":"https:\/\/www.diarioimagen.net\/index.php?rest_route=%2Fwp%2Fv2%2Ftags&post=412739"}],"curies":[{"name":"wp","href":"https:\/\/api.w.org\/{rel}","templated":true}]}}