{"id":412765,"date":"2019-01-29T00:08:58","date_gmt":"2019-01-29T06:08:58","guid":{"rendered":"https:\/\/www.diarioimagen.net\/?p=412765"},"modified":"2019-01-29T01:57:45","modified_gmt":"2019-01-29T07:57:45","slug":"triplica-tlalnepantla-presupuesto-en-promocion-cultural","status":"publish","type":"post","link":"https:\/\/www.diarioimagen.net\/?p=412765","title":{"rendered":"Triplica Tlalnepantla presupuesto en promoci\u00f3n cultural"},"content":{"rendered":"<p><a href=\"https:\/\/www.diarioimagen.net\/?attachment_id=412818\" rel=\"attachment wp-att-412818\"><img loading=\"lazy\" decoding=\"async\" class=\"aligncenter size-large wp-image-412818\" src=\"https:\/\/www.diarioimagen.net\/wp-content\/uploads\/2019\/01\/TLALNEPANTLA-29-460x259.jpg\" alt=\"\" width=\"460\" height=\"259\" srcset=\"https:\/\/www.diarioimagen.net\/wp-content\/uploads\/2019\/01\/TLALNEPANTLA-29-460x259.jpg 460w, https:\/\/www.diarioimagen.net\/wp-content\/uploads\/2019\/01\/TLALNEPANTLA-29-240x135.jpg 240w, https:\/\/www.diarioimagen.net\/wp-content\/uploads\/2019\/01\/TLALNEPANTLA-29-235x132.jpg 235w, https:\/\/www.diarioimagen.net\/wp-content\/uploads\/2019\/01\/TLALNEPANTLA-29-202x114.jpg 202w, https:\/\/www.diarioimagen.net\/wp-content\/uploads\/2019\/01\/TLALNEPANTLA-29-350x196.jpg 350w, https:\/\/www.diarioimagen.net\/wp-content\/uploads\/2019\/01\/TLALNEPANTLA-29-220x123.jpg 220w, https:\/\/www.diarioimagen.net\/wp-content\/uploads\/2019\/01\/TLALNEPANTLA-29-237x132.jpg 237w, https:\/\/www.diarioimagen.net\/wp-content\/uploads\/2019\/01\/TLALNEPANTLA-29.jpg 480w\" sizes=\"auto, (max-width: 460px) 100vw, 460px\" \/><\/a><\/p>\n<p>&nbsp;<\/p>\n<p><strong>Tlalnepantla, Estado de M\u00e9xico.-<\/strong> El gobierno de Tlalnepantla realizar\u00e1 una inversi\u00f3n hist\u00f3rica en materia cultural al triplicar el presupuesto anual dedicado a este rubro, inform\u00f3 el presidente municipal, Raciel P\u00e9rez Cruz, durante la graduaci\u00f3n de la tercera generaci\u00f3n de la Escuela de Iniciaci\u00f3n Art\u00edstica asociada al INBA \u201cJos\u00e9 Emilio Pacheco\u201d.<\/p>\n<p>Luego de entregar diplomas a los 23 j\u00f3venes que concluyeron los estudios art\u00edsticos avalados por el Instituto Nacional de Bellas Artes (INBA), el alcalde indic\u00f3 que en los pr\u00f3ximos d\u00edas se presentar\u00e1 al cuerpo edilicio el presupuesto con esta modificaci\u00f3n.<\/p>\n","protected":false},"excerpt":{"rendered":"<p>El gobierno de Tlalnepantla realizar\u00e1 una inversi\u00f3n hist\u00f3rica en materia cultural al triplicar el presupuesto anual dedicado a este rubro, inform\u00f3 el presidente municipal, Raciel P\u00e9rez Cruz, durante la graduaci\u00f3n de la tercera generaci\u00f3n de la Escuela de Iniciaci\u00f3n Art\u00edstica asociada al INBA \u201cJos\u00e9 Emilio Pacheco\u201d.<\/p>\n","protected":false},"author":3,"featured_media":412818,"comment_status":"open","ping_status":"open","sticky":false,"template":"","format":"standard","meta":{"_monsterinsights_skip_tracking":false,"_monsterinsights_sitenote_active":false,"_monsterinsights_sitenote_note":"","_monsterinsights_sitenote_category":0,"footnotes":""},"categories":[35155],"tags":[43675,82312,169],"class_list":["post-412765","post","type-post","status-publish","format-standard","has-post-thumbnail","hentry","category-estado-de-mexico-estado-de-mexico","tag-estado-de-mexico","tag-promocion-cultural","tag-tlalnepantla"],"_links":{"self":[{"href":"https:\/\/www.diarioimagen.net\/index.php?rest_route=\/wp\/v2\/posts\/412765","targetHints":{"allow":["GET"]}}],"collection":[{"href":"https:\/\/www.diarioimagen.net\/index.php?rest_route=\/wp\/v2\/posts"}],"about":[{"href":"https:\/\/www.diarioimagen.net\/index.php?rest_route=\/wp\/v2\/types\/post"}],"author":[{"embeddable":true,"href":"https:\/\/www.diarioimagen.net\/index.php?rest_route=\/wp\/v2\/users\/3"}],"replies":[{"embeddable":true,"href":"https:\/\/www.diarioimagen.net\/index.php?rest_route=%2Fwp%2Fv2%2Fcomments&post=412765"}],"version-history":[{"count":0,"href":"https:\/\/www.diarioimagen.net\/index.php?rest_route=\/wp\/v2\/posts\/412765\/revisions"}],"wp:featuredmedia":[{"embeddable":true,"href":"https:\/\/www.diarioimagen.net\/index.php?rest_route=\/wp\/v2\/media\/412818"}],"wp:attachment":[{"href":"https:\/\/www.diarioimagen.net\/index.php?rest_route=%2Fwp%2Fv2%2Fmedia&parent=412765"}],"wp:term":[{"taxonomy":"category","embeddable":true,"href":"https:\/\/www.diarioimagen.net\/index.php?rest_route=%2Fwp%2Fv2%2Fcategories&post=412765"},{"taxonomy":"post_tag","embeddable":true,"href":"https:\/\/www.diarioimagen.net\/index.php?rest_route=%2Fwp%2Fv2%2Ftags&post=412765"}],"curies":[{"name":"wp","href":"https:\/\/api.w.org\/{rel}","templated":true}]}}