{"id":412767,"date":"2019-01-29T00:07:47","date_gmt":"2019-01-29T06:07:47","guid":{"rendered":"https:\/\/www.diarioimagen.net\/?p=412767"},"modified":"2019-01-29T01:59:01","modified_gmt":"2019-01-29T07:59:01","slug":"elena-garcia-martinez-implementa-operativos-de-seguridad-en-tultitlan","status":"publish","type":"post","link":"https:\/\/www.diarioimagen.net\/?p=412767","title":{"rendered":"Elena Garc\u00eda Mart\u00ednez implementa operativos de seguridad en Tultitl\u00e1n"},"content":{"rendered":"<ul>\n<li><strong><em>Coordinados los tres niveles de gobierno<\/em><\/strong><\/li>\n<\/ul>\n<p>&nbsp;<\/p>\n<div id=\"attachment_412821\" style=\"width: 470px\" class=\"wp-caption aligncenter\"><a href=\"https:\/\/www.diarioimagen.net\/?attachment_id=412821\" rel=\"attachment wp-att-412821\"><img loading=\"lazy\" decoding=\"async\" aria-describedby=\"caption-attachment-412821\" class=\"size-large wp-image-412821\" src=\"https:\/\/www.diarioimagen.net\/wp-content\/uploads\/2019\/01\/TULTITLAN-29-460x259.jpg\" alt=\"\" width=\"460\" height=\"259\" srcset=\"https:\/\/www.diarioimagen.net\/wp-content\/uploads\/2019\/01\/TULTITLAN-29-460x259.jpg 460w, https:\/\/www.diarioimagen.net\/wp-content\/uploads\/2019\/01\/TULTITLAN-29-240x135.jpg 240w, https:\/\/www.diarioimagen.net\/wp-content\/uploads\/2019\/01\/TULTITLAN-29-235x132.jpg 235w, https:\/\/www.diarioimagen.net\/wp-content\/uploads\/2019\/01\/TULTITLAN-29-202x114.jpg 202w, https:\/\/www.diarioimagen.net\/wp-content\/uploads\/2019\/01\/TULTITLAN-29-350x196.jpg 350w, https:\/\/www.diarioimagen.net\/wp-content\/uploads\/2019\/01\/TULTITLAN-29-220x123.jpg 220w, https:\/\/www.diarioimagen.net\/wp-content\/uploads\/2019\/01\/TULTITLAN-29-237x132.jpg 237w, https:\/\/www.diarioimagen.net\/wp-content\/uploads\/2019\/01\/TULTITLAN-29.jpg 480w\" sizes=\"auto, (max-width: 460px) 100vw, 460px\" \/><\/a><p id=\"caption-attachment-412821\" class=\"wp-caption-text\">En Tultitl\u00e1n se establecieron 7 filtros de revisi\u00f3n a personas y veh\u00edculos y 2 c\u00e9lulas m\u00f3viles.<\/p><\/div>\n<p>&nbsp;<\/p>\n<p><strong>Tultitl\u00e1n, Estado de M\u00e9xico<\/strong>.- Como parte de la estrategia, para inhibir la acci\u00f3n delincuencial y con ello reforzar la seguridad de los tultitlenses en transporte p\u00fablico, veh\u00edculos particulares, motocicletas, establecimientos y entre otros, el gobierno que preside Elena Garc\u00eda Mart\u00ednez, lleva a cabo operativos de seguridad a trav\u00e9s de la Direcci\u00f3n de Seguridad P\u00fablica, Vialidad y Protecci\u00f3n Civil.<\/p>\n<p>La mun\u00edcipe mencion\u00f3 que diariamente se re\u00fane con elementos de seguridad de los tres \u00f3rdenes de gobierno, para implementar estrategias de combate a la delincuencia y sobre todo, para que las familias tultitlenses puedan salir tranquilamente de sus hogares y trabajos. Por otra parte, el titular de la dependencia Julio C\u00e9sar Cata\u00f1o Ram\u00edrez, mencion\u00f3 que durante el operativo \u201cCoordinaci\u00f3n Tultitl\u00e1n\u201d se establecieron 7 filtros de revisi\u00f3n a personas y veh\u00edculos, as\u00ed como 2 c\u00e9lulas m\u00f3viles para la verificaci\u00f3n de algunos giros comerciales como deshuesaderos, casas de empe\u00f1o y bares.<\/p>\n<p>El Estado de Fuerza se conform\u00f3 de la siguiente manera: 1 Fiscal Regional, 2 Jefes de Unidad, 20 agentes del Ministerios P\u00fablicos, 20 elementos de la PDI (Polic\u00eda de Investigaci\u00f3n), 74 elementos de SEDENA, con 5 veh\u00edculos, 60 elementos de la SSEM (Secretar\u00eda de Seguridad del Estado de M\u00e9xico), con 10 veh\u00edculos, 8 elementos de Gendarmer\u00eda con 2 veh\u00edculos, 55 elementos de la Polic\u00eda Municipal de Tultitl\u00e1n, 15 veh\u00edculos, 2 motocicletas, 6 elementos de Desarrollo Econ\u00f3mico del Ayuntamiento de Tultitl\u00e1n, 6 elementos de Protecci\u00f3n Civil de Tultitl\u00e1n con 3 veh\u00edculos y 2 elementos de la Polic\u00eda Federal con 2 veh\u00edculos.<\/p>\n<p>Cata\u00f1o Ram\u00edrez, indic\u00f3 que gracias a este operativo se revisaron 216 veh\u00edculos de transporte p\u00fablico, 219 veh\u00edculos particulares, 3 mil 429 personas, 59 personas consultadas por mandamiento judicial, con resultado negativo, 3 inmuebles asegurados por la FGJEM (Fiscal\u00eda General de Justicia del Estado de M\u00e9xico), 116 motocicletas revisadas, 2 personas detenidas por falta administrativa, 5 citatorios entregados por el Ayuntamiento, 5 inmuebles suspendidos temporalmente por el Ayuntamiento y operativos en 7 casas de empe\u00f1o requiriendo la documentaci\u00f3n correspondiente, algunos establecimientos ten\u00edan documentaci\u00f3n incompleta dejando citatorios para ponerse en regla y otros fueron suspendidos temporalmente por no tener documentaci\u00f3n alguna.<\/p>\n<p>Adem\u00e1s se consigui\u00f3 el aseguramiento de 2 veh\u00edculos, se decomisaron 11 bolsas con marihuana, 1 tel\u00e9fono m\u00f3vil, 9 envoltorios de coca\u00edna en polvo, 1 cuchillo, 1 mariconera y 1 navaja plegable.<\/p>\n<p>Las detenciones fueron por delitos contra el medio ambiente, portaci\u00f3n de arma punzocortante, veh\u00edculo irregular as\u00ed como portaci\u00f3n de droga y fueron remitidos al Ministerio P\u00fablico de Cuautitl\u00e1n Izcalli para determinar su situaci\u00f3n jur\u00eddica.<\/p>\n<p>Subray\u00f3 tambi\u00e9n que el objetivo de estos operativos es brindar seguridad a los pasajeros y transe\u00fantes, a quienes exhort\u00f3 a hacer las denuncias correspondientes cuando ocurra alg\u00fan incidente y de esta manera se disminuya la incidencia delictiva en la demarcaci\u00f3n destacando la importancia de ser testigos del trabajo que se ha realizado en operativos conjuntos, a fin de prevenir delitos en zonas de alta incidencia delictiva.<\/p>\n<p>Finalmente,\u00a0 el responsable de la seguridad p\u00fablica en la demarcaci\u00f3n, afirm\u00f3 que este tipo operativos se replicar\u00e1n en las tres zonas que conforman el territorio municipal y que gracias a las nuevas acciones implementadas por la presidenta municipal, en menos de un mes ya hay resultados favorables para los habitantes de Tultitl\u00e1n.<\/p>\n","protected":false},"excerpt":{"rendered":"<p>Como parte de la estrategia, para inhibir la acci\u00f3n delincuencial y con ello reforzar la seguridad de los tultitlenses en transporte p\u00fablico, veh\u00edculos particulares, motocicletas, establecimientos y entre otros, el gobierno que preside Elena Garc\u00eda Mart\u00ednez, lleva a cabo operativos de seguridad a trav\u00e9s de la Direcci\u00f3n de Seguridad P\u00fablica, Vialidad y Protecci\u00f3n Civil.<\/p>\n","protected":false},"author":3,"featured_media":412821,"comment_status":"open","ping_status":"open","sticky":false,"template":"","format":"standard","meta":{"_monsterinsights_skip_tracking":false,"_monsterinsights_sitenote_active":false,"_monsterinsights_sitenote_note":"","_monsterinsights_sitenote_category":0,"footnotes":""},"categories":[35155],"tags":[43675,357,43677,578],"class_list":["post-412767","post","type-post","status-publish","format-standard","has-post-thumbnail","hentry","category-estado-de-mexico-estado-de-mexico","tag-estado-de-mexico","tag-operativos","tag-seguridad","tag-tultitlan"],"_links":{"self":[{"href":"https:\/\/www.diarioimagen.net\/index.php?rest_route=\/wp\/v2\/posts\/412767","targetHints":{"allow":["GET"]}}],"collection":[{"href":"https:\/\/www.diarioimagen.net\/index.php?rest_route=\/wp\/v2\/posts"}],"about":[{"href":"https:\/\/www.diarioimagen.net\/index.php?rest_route=\/wp\/v2\/types\/post"}],"author":[{"embeddable":true,"href":"https:\/\/www.diarioimagen.net\/index.php?rest_route=\/wp\/v2\/users\/3"}],"replies":[{"embeddable":true,"href":"https:\/\/www.diarioimagen.net\/index.php?rest_route=%2Fwp%2Fv2%2Fcomments&post=412767"}],"version-history":[{"count":0,"href":"https:\/\/www.diarioimagen.net\/index.php?rest_route=\/wp\/v2\/posts\/412767\/revisions"}],"wp:featuredmedia":[{"embeddable":true,"href":"https:\/\/www.diarioimagen.net\/index.php?rest_route=\/wp\/v2\/media\/412821"}],"wp:attachment":[{"href":"https:\/\/www.diarioimagen.net\/index.php?rest_route=%2Fwp%2Fv2%2Fmedia&parent=412767"}],"wp:term":[{"taxonomy":"category","embeddable":true,"href":"https:\/\/www.diarioimagen.net\/index.php?rest_route=%2Fwp%2Fv2%2Fcategories&post=412767"},{"taxonomy":"post_tag","embeddable":true,"href":"https:\/\/www.diarioimagen.net\/index.php?rest_route=%2Fwp%2Fv2%2Ftags&post=412767"}],"curies":[{"name":"wp","href":"https:\/\/api.w.org\/{rel}","templated":true}]}}