{"id":412769,"date":"2019-01-29T00:06:21","date_gmt":"2019-01-29T06:06:21","guid":{"rendered":"https:\/\/www.diarioimagen.net\/?p=412769"},"modified":"2019-01-29T02:00:49","modified_gmt":"2019-01-29T08:00:49","slug":"busca-naucalpan-eliminar-violencia-de-genero-al-erradicar-las-agresiones","status":"publish","type":"post","link":"https:\/\/www.diarioimagen.net\/?p=412769","title":{"rendered":"Busca Naucalpan eliminar violencia de g\u00e9nero, al erradicar las agresiones"},"content":{"rendered":"<ul>\n<li><strong><em>Celebran el D\u00eda Naranja<\/em><\/strong><\/li>\n<\/ul>\n<p>&nbsp;<\/p>\n<div id=\"attachment_412824\" style=\"width: 470px\" class=\"wp-caption aligncenter\"><a href=\"https:\/\/www.diarioimagen.net\/?attachment_id=412824\" rel=\"attachment wp-att-412824\"><img loading=\"lazy\" decoding=\"async\" aria-describedby=\"caption-attachment-412824\" class=\"size-large wp-image-412824\" src=\"https:\/\/www.diarioimagen.net\/wp-content\/uploads\/2019\/01\/NAUCALPAN-29-460x137.jpg\" alt=\"\" width=\"460\" height=\"137\" srcset=\"https:\/\/www.diarioimagen.net\/wp-content\/uploads\/2019\/01\/NAUCALPAN-29-460x137.jpg 460w, https:\/\/www.diarioimagen.net\/wp-content\/uploads\/2019\/01\/NAUCALPAN-29-240x72.jpg 240w, https:\/\/www.diarioimagen.net\/wp-content\/uploads\/2019\/01\/NAUCALPAN-29.jpg 700w\" sizes=\"auto, (max-width: 460px) 100vw, 460px\" \/><\/a><p id=\"caption-attachment-412824\" class=\"wp-caption-text\">Un grupo de mujeres, al celebrar el D\u00eda Naranja, anunci\u00f3 que en Naucalpan le apuestan a la movilizaci\u00f3n comunitaria y las intervenciones grupales.<\/p><\/div>\n<p>&nbsp;<\/p>\n<p><strong>Naucalpan, Estado de M\u00e9xico<\/strong>.- Con el prop\u00f3sito de generar conciencia y erradicar la violencia que sufren mujeres y ni\u00f1as diariamente, la Secretar\u00eda de las Mujeres Naucalpenses y la Igualdad Sustantiva conmemor\u00f3 el D\u00eda Naranja, campa\u00f1a internacional que se lleva a cabo el d\u00eda 25 de cada mes.<\/p>\n<p>La titular de la Secretar\u00eda, Adriana Gonz\u00e1lez Furlong, manifest\u00f3 que con este tipo de acciones el organismo busca involucrar a la poblaci\u00f3n en la erradicaci\u00f3n de las agresiones que sufren las naucalpenses. A\u00f1adi\u00f3 que este problema es provocado por la desigualdad y diferencias que se dan entren hombres y mujeres.<\/p>\n<p>\u201cLa Secretar\u00eda de las Mujeres y la Igualdad Sustantiva le apuesta a la movilizaci\u00f3n comunitaria, a las intervenciones grupales dirigidas tanto a mujeres como a hombres, porque los cambios que se deben generar son a la par\u201d, dijo Gonz\u00e1lez Furlong. Indic\u00f3 que del primer d\u00eda de la administraci\u00f3n a la fecha se han atendido a 120 mujeres, a quienes se les dar\u00e1 seguimiento puntual.<\/p>\n<p>La presidenta de la Comisi\u00f3n de Violencia Contra las Mujeres, la Sexta Regidora, Maricela Hern\u00e1ndez Inocente, celebr\u00f3 que existan este tipo de foros en el municipio, ya que sirven para informar a los naucalpenses respecto a este tema y hacen un llamado a las autoridades para cumplir con las medidas de prevenci\u00f3n, seguridad y justicia de g\u00e9nero.<\/p>\n<p>La Segunda Regidora, Graciela Alexis Santos Garc\u00eda, dijo que Naucalpan es el primer municipio a nivel nacional que cuenta con una Secretar\u00eda Municipal de las Mujeres Naucalpenses y la Igualdad Sustantiva, con la misma jerarqu\u00eda que las dependencias de mayor rango.<\/p>\n<p>El primer Observatorio Municipal de la Igualdad y Prevenci\u00f3n de la Violencia estar\u00e1 a cargo de la Secretar\u00eda que encabeza Gonz\u00e1lez Furlong, el cual se encargar\u00e1 de recopilar datos y trabajar de la mano con acad\u00e9micos para crear pol\u00edticas p\u00fablicas que erradiquen el problema en Naucalpan.<\/p>\n<p>De igual forma, se construir\u00e1 el Centro de Desarrollo Integral de las Mujeres Naucalpenses, que brindar\u00e1 atenci\u00f3n oportuna a las v\u00edctimas de violencia y colaborar\u00e1 en conjunto con otras instancias.<\/p>\n<p>Santos Garc\u00eda asegur\u00f3 que la Direcci\u00f3n de la Igualdad Sustantiva implementar\u00e1 la transversalidad de perspectiva de g\u00e9nero, con lo que se pretende promover la igualdad de oportunidades y de trato entre mujeres y hombres.<\/p>\n<p>En el evento se cont\u00f3 con la presencia del Secretario General del Sindicato \u00danico de Trabajadores al Servicio del Estado y Municipios (SUTEyM), Tom\u00e1s Palomares Parra, quien asegur\u00f3 que apoyar\u00e1 a la Presidenta Municipal para erradicar la violencia de g\u00e9nero en los centros de trabajo.<\/p>\n","protected":false},"excerpt":{"rendered":"<p>Con el prop\u00f3sito de generar conciencia y erradicar la violencia que sufren mujeres y ni\u00f1as diariamente, la Secretar\u00eda de las Mujeres Naucalpenses y la Igualdad Sustantiva conmemor\u00f3 el D\u00eda Naranja, campa\u00f1a internacional que se lleva a cabo el d\u00eda 25 de cada mes.<\/p>\n","protected":false},"author":3,"featured_media":412825,"comment_status":"open","ping_status":"open","sticky":false,"template":"","format":"standard","meta":{"_monsterinsights_skip_tracking":false,"_monsterinsights_sitenote_active":false,"_monsterinsights_sitenote_note":"","_monsterinsights_sitenote_category":0,"footnotes":""},"categories":[35155],"tags":[43675,970,14425],"class_list":["post-412769","post","type-post","status-publish","format-standard","has-post-thumbnail","hentry","category-estado-de-mexico-estado-de-mexico","tag-estado-de-mexico","tag-naucalpan","tag-violencia-de-genero"],"_links":{"self":[{"href":"https:\/\/www.diarioimagen.net\/index.php?rest_route=\/wp\/v2\/posts\/412769","targetHints":{"allow":["GET"]}}],"collection":[{"href":"https:\/\/www.diarioimagen.net\/index.php?rest_route=\/wp\/v2\/posts"}],"about":[{"href":"https:\/\/www.diarioimagen.net\/index.php?rest_route=\/wp\/v2\/types\/post"}],"author":[{"embeddable":true,"href":"https:\/\/www.diarioimagen.net\/index.php?rest_route=\/wp\/v2\/users\/3"}],"replies":[{"embeddable":true,"href":"https:\/\/www.diarioimagen.net\/index.php?rest_route=%2Fwp%2Fv2%2Fcomments&post=412769"}],"version-history":[{"count":0,"href":"https:\/\/www.diarioimagen.net\/index.php?rest_route=\/wp\/v2\/posts\/412769\/revisions"}],"wp:featuredmedia":[{"embeddable":true,"href":"https:\/\/www.diarioimagen.net\/index.php?rest_route=\/wp\/v2\/media\/412825"}],"wp:attachment":[{"href":"https:\/\/www.diarioimagen.net\/index.php?rest_route=%2Fwp%2Fv2%2Fmedia&parent=412769"}],"wp:term":[{"taxonomy":"category","embeddable":true,"href":"https:\/\/www.diarioimagen.net\/index.php?rest_route=%2Fwp%2Fv2%2Fcategories&post=412769"},{"taxonomy":"post_tag","embeddable":true,"href":"https:\/\/www.diarioimagen.net\/index.php?rest_route=%2Fwp%2Fv2%2Ftags&post=412769"}],"curies":[{"name":"wp","href":"https:\/\/api.w.org\/{rel}","templated":true}]}}