{"id":412779,"date":"2019-01-29T00:09:47","date_gmt":"2019-01-29T06:09:47","guid":{"rendered":"https:\/\/www.diarioimagen.net\/?p=412779"},"modified":"2019-01-29T02:16:37","modified_gmt":"2019-01-29T08:16:37","slug":"persiste-el-odio-racial-entre-nosotros","status":"publish","type":"post","link":"https:\/\/www.diarioimagen.net\/?p=412779","title":{"rendered":"Persiste el odio racial entre nosotros"},"content":{"rendered":"<h2>\u00cdndice pol\u00edtico<\/h2>\n<h5>Francisco Rodr\u00edguez<\/h5>\n<p>&nbsp;<\/p>\n<div id=\"attachment_408618\" style=\"width: 470px\" class=\"wp-caption aligncenter\"><a href=\"https:\/\/www.diarioimagen.net\/?attachment_id=408618\" rel=\"attachment wp-att-408618\"><img loading=\"lazy\" decoding=\"async\" aria-describedby=\"caption-attachment-408618\" class=\"size-large wp-image-408618\" src=\"https:\/\/www.diarioimagen.net\/wp-content\/uploads\/2018\/12\/violencia-MARAL-460x300.jpg\" alt=\"\" width=\"460\" height=\"300\" srcset=\"https:\/\/www.diarioimagen.net\/wp-content\/uploads\/2018\/12\/violencia-MARAL-460x300.jpg 460w, https:\/\/www.diarioimagen.net\/wp-content\/uploads\/2018\/12\/violencia-MARAL-240x157.jpg 240w, https:\/\/www.diarioimagen.net\/wp-content\/uploads\/2018\/12\/violencia-MARAL-768x501.jpg 768w, https:\/\/www.diarioimagen.net\/wp-content\/uploads\/2018\/12\/violencia-MARAL.jpg 1200w\" sizes=\"auto, (max-width: 460px) 100vw, 460px\" \/><\/a><p id=\"caption-attachment-408618\" class=\"wp-caption-text\">La batalla contin\u00faa&#8230; | Maral<\/p><\/div>\n<p>&nbsp;<\/p>\n<p>Tres cosas destacaban en la correspondencia sostenida entre\u00a0Alexander von Humboldt\u00a0y\u00a0Charles Darwin: el naturalista alem\u00e1n le relataba al evolucionista ingl\u00e9s que en este septentri\u00f3n exist\u00eda tierra que pod\u00eda comerse; que dos terceras partes de la plata que se usaba en el mundo hab\u00eda salido de costas de nuestro Golfo\u2026 y la profunda desigualdad entre sus habitantes.<\/p>\n<p>Y s\u00ed, fueron ciertas las tres. A pesar de que somos el pa\u00eds por excelencia de la desigualdad social, no obstante que hemos sido derrotados por el extranjero a falta de identidad nacional, a pesar de que todav\u00eda no nos aceptamos como somos y despreciamos el rico mosaico de nuestro mestizaje, las cosas siguen igual.<\/p>\n<p>Le rendimos honores a la pigmentocracia, somos altaneros y arrogantes raciales, abusamos del maltrato, la intolerancia y la discriminaci\u00f3n hacia nuestros coterr\u00e1neos y coet\u00e1neos, y nunca hemos sido solidarios con 16 millones de ind\u00edgenas que est\u00e1n en el fondo del abismo social que conforma nuestra patria.<\/p>\n<p>La ultraderecha se nutre de esta situaci\u00f3n de encono y se confabula con el conservadurismo para frenar la evoluci\u00f3n social. La derecha fascistoide se burla de los compromisos en abierto con los m\u00e1s pobres, de los homenajes en concierto a sus tradiciones seculares, de la defensa de su patrimonio originario. En ning\u00fan pa\u00eds moderno pasa esto.<\/p>\n<p>La tercera parte de los ind\u00edgenas latinoamericanos, 50 millones de seres humanos, vive en nuestro territorio, mientras el macizo de 11 familias ling\u00fc\u00edsticas, 68 agrupaciones \u00e9tnicas esperan una respuesta que ha tardado siglos en llegar. Las 364 variantes idiom\u00e1ticas se extinguen con la miseria indetenible.<\/p>\n<p>Despu\u00e9s de un eterno penar, se apagan cotidianamente. Catorce est\u00e1n en riesgo de desaparici\u00f3n, entre ellos los valientes\u00a0kikap\u00faes, los irreductibles chontales y mixtecos, los l\u00facidos\u00a0olutecos popolocas, descendientes de Marina, la inteligente\u00a0Malinche, luchan todav\u00eda por sobrevivir, en medio de un p\u00e1ramo de indiferencia.<\/p>\n<p>Lo que pudiera ser todav\u00eda un semillero de florecimiento cultural y de desarrollo regional equilibrado, se est\u00e1 perdiendo por la violencia y la discriminaci\u00f3n que ejercemos en su contra. A trav\u00e9s de los siglos, dec\u00edan los historiadores\u00a0Vicente Riva Palacio,\u00a0Alfredo Chavero\u00a0y\u00a0Jos\u00e9 Mar\u00eda Vigil, presos en la C\u00e1rcel de Bel\u00e9n.<\/p>\n<p>Y seguimos siendo m\u00e1s brutos que un arado. Parece que la sentencia est\u00e1 siendo cumplida: no podremos mejorar hasta que a una rana le salgan pelos. Todas las pol\u00edticas indigenistas han ido a parar al barril sin fondo de la demagogia, porque no hemos sabido qu\u00e9 hacer con ellos. Nos persiguen sus fantasmas&#8230; que son los nuestros.<\/p>\n<p>La cuesti\u00f3n indigenista preside nuestra historia. Y en otros pa\u00edses del \u00e1rea latinoamericana se han adoptado soluciones m\u00e1s directas y categ\u00f3ricas que las mexicanas. La corrupci\u00f3n ancestral ha jugado un papel decisivo en la postergaci\u00f3n y el odio racial entre los mexicanos.<\/p>\n<p>Ning\u00fan resultado, por lo visto, de la \u201cprimera revoluci\u00f3n social del mundo, incluyendo la sovi\u00e9tica\u201d \u2014como gustaban pregonar los jilgueros del sistema pri\u00edsta. Ella no toc\u00f3, ni con el p\u00e9talo de una rosa esos avatares vergonzosos. Es una verdadera asignatura pendiente de todos los mexicanos con dos dedos de frente, bien nacidos.<\/p>\n<p>Nuestro explotado\u00a0art\u00edculo 4o. Constitucional, el de la pomposa igualdad, reconoce la naturaleza pluricultural de la Naci\u00f3n \u201csustentada originalmente en sus pueblos ind\u00edgenas \u201c; adopta la protecci\u00f3n y desarrollo de las lenguas nativas, excita a su mejoramiento, pero nunca ha pasado de ser un cat\u00e1logo de intenciones demag\u00f3gicas.<\/p>\n<p>La Constituci\u00f3n jura proteger sus culturas, usos, costumbres, recursos y formas de organizaci\u00f3n social, con el \u201cefectivo acceso a la jurisdicci\u00f3n del Estado\u201d, incluyendo la garant\u00eda de que \u201cen los juicios agrarios se tomar\u00e1n en cuenta sus pr\u00e1cticas y costumbres jur\u00eddicas \u201c, pero como la Constituci\u00f3n no dice exactamente c\u00f3mo, todo es un simple latiguillo de discurso oficial.<\/p>\n<p>Vivimos los mexicanos, en el mejor de los casos, la \u201cadministraci\u00f3n\u201d del indigenismo. Hasta la fecha, los grupos \u00e9tnicos originarios no tienen acceso a servicios, m\u00ednimos de salud, educaci\u00f3n, asistencia social y bienestar, alegando las autoridades que \u201cno saben lo que est\u00e1n expresando\u201d.<\/p>\n<p>Muchos siglos despu\u00e9s, las c\u00e1maras de Diputados y Senadores pueden ufanarse de tener representantes de las etnias y de los grupos ling\u00fc\u00edsticos. Hasta ahora empezamos a apreciar su participaci\u00f3n decidida en los debates sobre igualdad social, desarrollo nacional y defensa de la soberan\u00eda mexicana. Hasta ahora nos damos cuenta de su coraje y de su amor al pa\u00eds.<\/p>\n<p>Si supi\u00e9ramos que los otros 34 millones de ind\u00edgenas latinoamericanos han logrado reducirnos al paleol\u00edtico, lo entender\u00edamos con facilidad: la Constituci\u00f3n argentina garantiza el derecho a la educaci\u00f3n biling\u00fce e intercultural; la de Colombia obliga a elegir dos senadores ind\u00edgenas; Ecuador reconoce incluso los derechos de los afros.<\/p>\n<p>Nosotros ni sabemos que tenemos millones de afromexicanos en el tr\u00f3pico h\u00famedo y en las c\u00e1lidas estepas de nuestro rico territorio. Menos aceptamos que un tercio de nuestra sangre es de ra\u00edz africana. La Constituci\u00f3n venezolana y casi todas las dem\u00e1s incluyen la protecci\u00f3n hist\u00f3rica de sus rituales y de sus lugares de culto y tradici\u00f3n. Aqu\u00ed nos re\u00edmos de tama\u00f1a imprudencia.<\/p>\n<p>El tema indigenista contin\u00faa poniendo en la picota la eficacia de los gobiernos, la funci\u00f3n de la pol\u00edtica y el valor de la tolerancia mexicana de dientes pa\u2019 fuera. A falta de claridad constitucional, tal parece que en M\u00e9xico el derecho otorga el poder de matar a los ind\u00edgenas. As\u00ed se deriva de los despojos de compa\u00f1\u00edas privadas y estatales a sus tierras para empresas mineras, e\u00f3licas, acueductos, gasoductos,\u00a0<em>frackings<\/em>\u00a0gaseros, siembra de transg\u00e9nicos, imposici\u00f3n de proyectos tur\u00edsticos, arrebatos contra sus selvas, bosques, aguas comunitarias y todo lo que podamos imaginar.<\/p>\n<p>Han sido chivos expiatorios de los truhanes antimexicanos que los han masacrado en sus huachicoleos, en la explotaci\u00f3n inmunda de sus parajes con proyectos devastadores sobre la ecolog\u00eda, su medio ambiente y su manera de vivir. Acaban con las especies prehist\u00f3ricas, la flora y la fauna de los entornos.<\/p>\n<p>Los\u00a0<em>cachorros de la Revoluci\u00f3n<\/em>\u00a0y los presidentes autoproclamados indigenistas contin\u00faan masacrando a sus hermanos diferentes. Viven en la misma casa, pero no se conocen todav\u00eda.<\/p>\n<p>Con su actitud, los entreguistas y los intolerantes piden a gritos una nueva guerra de castas, un nuevo\u00a0Tom\u00f3chic, otra revuelta para apaciguar a\u00a0Cajeme y sus yaquis. Est\u00e1n estirando la liga, usando sus lenguas de doble filo. Tratan cotidianamente de desaparecer a la naci\u00f3n de todos. Falta un grito a tiempo. Antes de agarrarse a pedradas. Expliquemos en la Constituci\u00f3n exactamente c\u00f3mo hacerle.<\/p>\n<p>\u00bfNo cree usted?<\/p>\n<p><strong><em>\u00cdndice Flam\u00edgero<\/em><\/strong><em>: <\/em>Un cable de la agencia espa\u00f1ola de noticias,\u00a0<em>Efe<\/em>, da muestra del sectarismo que existe en sectores bien identificados de nuestra sociedad: \u201cMezclan\u00a0<strong>espa\u00f1ol<\/strong>\u00a0e\u00a0<strong>ingl\u00e9s<\/strong>\u00a0al hablar, presumen de sus viajes en\u00a0<strong>redes sociales<\/strong>\u00a0y procuran no juntarse con las clases populares. As\u00ed son los \u201c<strong>whitexicans<\/strong>\u201c, un t\u00e9rmino que define a personas que muestran orgullo por M\u00e9xico en el\u00a0<strong>extranjero,<\/strong>\u00a0pero adoptan actitudes\u00a0<strong>clasistas\u00a0<\/strong>y\u00a0<strong>racistas<\/strong>\u00a0dentro de su pa\u00eds. Una exitosa cuenta de\u00a0<strong>Twitter<\/strong>\u00a0llamada \u201c<strong>Cosas de Whitexicans<\/strong>\u201c, que ha acu\u00f1ado el concepto, se ha convertido en un azote humor\u00edstico contra el postureo de esta clase de mexicanos que tienen unos h\u00e1bitos m\u00e1s basados en las\u00a0<strong>apariencias\u00a0<\/strong>que en las convicciones. Se r\u00eden de esas personas que \u201cemprenden con dinero de sus pap\u00e1s\u201d, \u201csalen del pa\u00eds durante un corte de agua\u201d, \u201cvan a pasar el fin de semana a Las Vegas\u201d, \u201chablan en ingl\u00e9s con sus amigos blancos\u201d o \u201ccreen que la gente m\u00e1s bonita de\u00a0<strong>Ciudad de M\u00e9xico<\/strong>\u00a0se encuentra en la\u00a0<strong>Roma<\/strong>\u00a0y la\u00a0<strong>Condesa<\/strong>\u201c, dos barrios llenos de\u00a0<strong>extranjeros<\/strong>.\u201d + + + Un clar\u00edsimo prototipo de whitexican es sin duda el (en mala hora) ex candidato presidencial del (por fortuna) desaparecido Panal, Gabriel Quadri, quien hace unos d\u00edas twitte\u00f3 otra de sus (muchas) c\u00e9lebres pendejadas: \u201c\u00a0\u00a0Si M\u00e9xico no tuviera que cargar con Guerrero, Oaxaca y Chiapas, ser\u00eda un pa\u00eds de desarrollo medio y potencia emergente&#8230;\u201d + + + Y otro cable, tambi\u00e9n de la agencia\u00a0<em>Efe<\/em>\u00a0advierte: \u201c\u00a0<strong>\u00a0<\/strong><strong>Yalitza Aparicio<\/strong>, la actriz mexicana de ascendencia ind\u00edgena que protagoniza la aclamada pel\u00edcula\u00a0<strong><em>Roma<\/em><\/strong>, ha pasado de llevar una vida modesta a ganar fama a nivel mundial, lo que muchos cuestionan si ello supone un avance hacia la\u00a0<strong>diversidad<\/strong>\u00a0o estamos ante un producto m\u00e1s de\u00a0<strong>Hollywood<\/strong>. Desde que se estren\u00f3 el filme de\u00a0<strong>Alfonso Cuar\u00f3n<\/strong>, Yalitza, procedente de una familia humilde del sure\u00f1o estado de Oaxaca, est\u00e1 viviendo un sue\u00f1o que jam\u00e1s habr\u00eda imaginado ya que no tiene formaci\u00f3n en interpretaci\u00f3n. En la ciudad de Tlaxiaco, Aparicio llevaba una vida tranquila como maestra de escuela y ahora est\u00e1 recorriendo el mundo presentando la cinta, recibiendo premios y llevando vestidos de alta costura de firmas de la talla de Prada, \u00d3scar de la Renta o Miu Miu. \u2018Yalitza se vuelve una forma m\u00e1s de simulacro, se vuelve algo que pareciera ser ic\u00f3nico de lo ind\u00edgena pero termina siendo una atracci\u00f3n m\u00e1s en este juego\u2019, dijo a\u00a0<em>Efe<\/em>\u00a0el psic\u00f3logo Ricardo Trujillo. El acad\u00e9mico de la Universidad Nacional Aut\u00f3noma de M\u00e9xico (UNAM), la m\u00e1s importante del pa\u00eds, opin\u00f3 que la nominaci\u00f3n a mejor actriz en los Oscar, que se celebrar\u00e1n el pr\u00f3ximo 24 de febrero, no es m\u00e1s que otro esfuerzo de Hollywood para lavar su imagen.\u201d<\/p>\n<p><em><a href=\"http:\/\/www.indicepolitico.com\" target=\"_blank\" rel=\"noopener\">www.indicepolitico.com<\/a><\/em><br \/>\n<a href=\"mailto:pacorodriguez@journalist.com\" target=\"_blank\" rel=\"noopener\"><em>pacorodriguez@journalist.com<\/em><\/a><br \/>\n<em><a href=\"https:\/\/twitter.com\/pacorodriguez\" target=\"_blank\" rel=\"noopener\">@pacorodriguez<\/a><\/em><\/p>\n","protected":false},"excerpt":{"rendered":"<p><span style=\"color: #005497;\"><strong>Francisco Rodr\u00edguez<\/strong><\/span><br \/>\n<br \/>\nTres cosas destacaban en la correspondencia sostenida entre Alexander von Humboldt y Charles Darwin: el naturalista alem\u00e1n le relataba al evolucionista ingl\u00e9s que en este septentri\u00f3n exist\u00eda tierra que pod\u00eda comerse; que dos terceras partes de la plata que se usaba en el mundo hab\u00eda salido de costas de nuestro Golfo\u2026 y la profunda desigualdad entre sus habitantes.<\/p>\n","protected":false},"author":3,"featured_media":408618,"comment_status":"open","ping_status":"open","sticky":false,"template":"","format":"standard","meta":{"_monsterinsights_skip_tracking":false,"_monsterinsights_sitenote_active":false,"_monsterinsights_sitenote_note":"","_monsterinsights_sitenote_category":0,"footnotes":""},"categories":[549],"tags":[43689,550,43674],"class_list":["post-412779","post","type-post","status-publish","format-standard","has-post-thumbnail","hentry","category-francisco-rodriguez","tag-francisco-rodriguez","tag-indice-politico","tag-opinion"],"_links":{"self":[{"href":"https:\/\/www.diarioimagen.net\/index.php?rest_route=\/wp\/v2\/posts\/412779","targetHints":{"allow":["GET"]}}],"collection":[{"href":"https:\/\/www.diarioimagen.net\/index.php?rest_route=\/wp\/v2\/posts"}],"about":[{"href":"https:\/\/www.diarioimagen.net\/index.php?rest_route=\/wp\/v2\/types\/post"}],"author":[{"embeddable":true,"href":"https:\/\/www.diarioimagen.net\/index.php?rest_route=\/wp\/v2\/users\/3"}],"replies":[{"embeddable":true,"href":"https:\/\/www.diarioimagen.net\/index.php?rest_route=%2Fwp%2Fv2%2Fcomments&post=412779"}],"version-history":[{"count":0,"href":"https:\/\/www.diarioimagen.net\/index.php?rest_route=\/wp\/v2\/posts\/412779\/revisions"}],"wp:featuredmedia":[{"embeddable":true,"href":"https:\/\/www.diarioimagen.net\/index.php?rest_route=\/wp\/v2\/media\/408618"}],"wp:attachment":[{"href":"https:\/\/www.diarioimagen.net\/index.php?rest_route=%2Fwp%2Fv2%2Fmedia&parent=412779"}],"wp:term":[{"taxonomy":"category","embeddable":true,"href":"https:\/\/www.diarioimagen.net\/index.php?rest_route=%2Fwp%2Fv2%2Fcategories&post=412779"},{"taxonomy":"post_tag","embeddable":true,"href":"https:\/\/www.diarioimagen.net\/index.php?rest_route=%2Fwp%2Fv2%2Ftags&post=412779"}],"curies":[{"name":"wp","href":"https:\/\/api.w.org\/{rel}","templated":true}]}}