{"id":412806,"date":"2019-01-29T00:17:15","date_gmt":"2019-01-29T06:17:15","guid":{"rendered":"https:\/\/www.diarioimagen.net\/?p=412806"},"modified":"2019-02-05T05:09:15","modified_gmt":"2019-02-05T11:09:15","slug":"cnte-los-aliados-incomodos-del-presidente","status":"publish","type":"post","link":"https:\/\/www.diarioimagen.net\/?p=412806","title":{"rendered":"CNTE, los aliados inc\u00f3modos del Presidente"},"content":{"rendered":"<h2>Caleidoscopio<\/h2>\n<h5>Guillermina G\u00f3mora Ord\u00f3\u00f1ez<\/h5>\n<p>&nbsp;<\/p>\n<p>Fiel a su ADN de la extorsi\u00f3n pol\u00edtica<strong>, la Coordinadora Nacional de Trabajadores de la Educaci\u00f3n (CNTE), <\/strong>juega a las vencidas con el gobierno que llev\u00f3 al poder y se rebela a la Cuarta Transformaci\u00f3n. Es su naturaleza, como en la f\u00e1bula de la rana y el alacr\u00e1n.<\/p>\n<p>No cambia, sigue en lo mismo que hace lustros y qutan buenos dividendos produce a los l\u00edderes del movimiento; recordemos que, en 2016, la <strong>Procuradur\u00eda General de la Rep\u00fablica<\/strong> detuvo a <strong>Rub\u00e9n N\u00fa\u00f1ez, entonces l\u00edder de la Secci\u00f3n 22 en Oaxaca,<\/strong> por el delito de lavado de dinero, que le habr\u00eda dejado ganancias por m\u00e1s de 132 millones de pesos.<\/p>\n<p>S\u00ed, cuando fue secretario general, suscribi\u00f3 convenios ilegales con empresas que prove\u00edan productos y servicios para la CNTE y le entregaban el 3.5 por ciento quincenal de los pagos que recib\u00edan, de forma directa o indirecta.<\/p>\n<p>Los maestros militantes de la CNTE poco o nada llegan a obtener de los bloqueos o marchas que realizan; son horas y d\u00edas que deben sumar en sus expedientes para poder acceder a prestaciones b\u00e1sicas, como cr\u00e9ditos para vivienda, pr\u00e9stamos o ascender en el escalaf\u00f3n.<\/p>\n<p>En el caso de los l\u00edderes, lo suyo, lo suyo, es la extorsi\u00f3n dentro y fuera de la organizaci\u00f3n magisterial. Sus aliados, en el gobierno de la #4T, lo saben y por ello escurren el bulto hacia el <strong>mandatario michoacano, Silvano Aureoles<\/strong>, quien por cierto les impugn\u00f3 ante la Suprema Corte de Justicia de la Naci\u00f3n la figura de los \u201csuperdelegados\u201d, y ahora lidia con el bloqueo en las v\u00edas f\u00e9rreas cercanas al puerto de L\u00e1zaro C\u00e1rdenas. \u00bfCoincidencia? \u00bfVenganza?<\/p>\n<p>Ojal\u00e1 que no, pues los bloqueos a las v\u00edas f\u00e9rreas que suman m\u00e1s de 20 d\u00edas, tienen detenidos a 170 trenes; 1.3 millones de toneladas de carga parada -seg\u00fan la Asociaci\u00f3n Mexicana de Ferrocarriles- y barcos que siguen entregando mercanc\u00eda, pero que no pueden salir.<\/p>\n<p><strong>Felipe de Javier Pe\u00f1a, presidente de la Comisi\u00f3n de Transporte de Concamin<\/strong>, estim\u00f3 en alrededor de mil millones de pesos diarios las p\u00e9rdidas para el sector industrial y alert\u00f3 de posibles paros t\u00e9cnicos por falta de insumos en algunas empresas.<\/p>\n<p>El gobierno federal se niega a intervenir, pese a ser el responsable de la salvaguarda de las v\u00edas ferroviarias. \u201cLas v\u00edas generales de comunicaci\u00f3n y los modos de transporte que operan en ellas quedan sujetos exclusivamente a los poderes federales\u201d, dice la Ley de V\u00edas Generales.<\/p>\n<p>Los ciudadanos pagan los platos rotos; adem\u00e1s del bloqueo, hay un paro de clases que afecta a un mill\u00f3n de estudiantes de educaci\u00f3n b\u00e1sica, la CNTE mantiene un plant\u00f3n indefinido frente a palacio de gobierno, y tomas en las alcald\u00edas y oficinas de rentas de 80 de los 113 municipios michoacanos.<\/p>\n<p>El jaloneo entre los gobiernos federal y estatal les brinda a los activistas el pretexto ideal para encarecer sus demandas, empezaron por el pago de sus quincenas atrasadas, unos 200 millones de pesos y ahora exigen entre 5 y 6 mil millones de pesos por deudas a\u00f1ejas de todo tipo.<\/p>\n<p>S\u00ed, aprovechan el viaje y la <strong>Secci\u00f3n XVIII<\/strong> exige el pago de bonos, compensaciones y recursos minutados con anteriores administraciones estatales y la entrega de plazas para cuatro mil egresados de las 8 escuelas normales oficiales de Michoac\u00e1n, de las generaciones 2014, 2015, 2016, 2017 y 2018.<\/p>\n<p>De modo que, si se quiere que la CNTE libere las v\u00edas de ferrocarril, hay que acercarse a ellos con una cartera muuuy gorda.\u00a0 Sin duda, unos aliados muy caros, para el nuevo gobierno, de Andr\u00e9s Manuel L\u00f3pez Obrador, en lo econ\u00f3mico y en lo pol\u00edtico.\u00a0 Aqu\u00ed lo anticipamos https:\/\/bit.ly\/2FTuVLX\u00a0 \u00bfPagar\u00e1 las facturas?<\/p>\n<p>&nbsp;<\/p>\n<p style=\"text-align: center;\"><strong>VERICUENTOS<\/strong><\/p>\n<p style=\"text-align: center;\"><strong>Guardia Nacional \u2013 Senado<\/strong><\/p>\n<p>Comienza la cuenta regresiva para la Guardia Nacional en la C\u00e1mara de Senadores. <strong>Ricardo Monreal, presidente de la Junta de Coordinaci\u00f3n Pol\u00edtica,<\/strong> se re\u00fane a partir de hoy con los l\u00edderes de las distintas bancadas a fin de negociar la ruta para dictaminar la minuta que establece la creaci\u00f3n de tan pol\u00e9mica instituci\u00f3n. Monreal dice que Morena busca convencer no imponer, \u201cHay una emergencia nacional pero no por eso vamos a crear un instrumento que salga confrontado\u201d. \u00bfReplicar\u00e1 el \u201cPrimor\u201d de San l\u00e1zaro? <strong>\u00a1Uff!<\/strong><\/p>\n<p style=\"text-align: center;\"><strong>Reforma educativa<\/strong><\/p>\n<p>En plena crisis con la CNTE, el pr\u00f3ximo 6 de febrero arrancar\u00e1n en C\u00e1mara de Diputados, las audiencias p\u00fabicas para escuchar a l\u00edderes sindicales, acad\u00e9micos y docentes de universidades y escuelas normales, con el objetivo de crear oootra reforma educativa. Recordemos que fue promesa de campa\u00f1a del presidente L\u00f3pez Obrador y <strong>Mario Delgado, coordinador de Morena,<\/strong> espera cumplirla en marzo pr\u00f3ximo. \u00bfSer\u00e1 que el PRI y el PAN apoyen la iniciativa que plantea una contrarreforma al proyecto insignia del sexenio pasado que defendieron y aprobaron en beneficio de la educaci\u00f3n? <strong>\u00a1Sopas!<\/strong><\/p>\n<p><a href=\"mailto:guillegomora@hotmail.com\" target=\"_blank\" rel=\"noopener\"><em>guillegomora@hotmail.com<\/em><\/a><br \/>\n<i><\/i><a href=\"https:\/\/twitter.com\/guillegomora?lang=es\" target=\"_blank\" rel=\"noopener noreferrer\"><i>@guillegomora<\/i><\/a><\/p>\n","protected":false},"excerpt":{"rendered":"<p><span style=\"color: #005497;\"><strong>Guillermina G\u00f3mora Ord\u00f3\u00f1ez<\/strong><\/span><\/p>\n","protected":false},"author":3,"featured_media":0,"comment_status":"open","ping_status":"open","sticky":false,"template":"","format":"standard","meta":{"_monsterinsights_skip_tracking":false,"_monsterinsights_sitenote_active":false,"_monsterinsights_sitenote_note":"","_monsterinsights_sitenote_category":0,"footnotes":""},"categories":[58361],"tags":[58362,58363,43674],"class_list":["post-412806","post","type-post","status-publish","format-standard","hentry","category-guillermina-gomora-ordonez","tag-caleidoscopio","tag-guillermina-gomora-ordonez","tag-opinion"],"_links":{"self":[{"href":"https:\/\/www.diarioimagen.net\/index.php?rest_route=\/wp\/v2\/posts\/412806","targetHints":{"allow":["GET"]}}],"collection":[{"href":"https:\/\/www.diarioimagen.net\/index.php?rest_route=\/wp\/v2\/posts"}],"about":[{"href":"https:\/\/www.diarioimagen.net\/index.php?rest_route=\/wp\/v2\/types\/post"}],"author":[{"embeddable":true,"href":"https:\/\/www.diarioimagen.net\/index.php?rest_route=\/wp\/v2\/users\/3"}],"replies":[{"embeddable":true,"href":"https:\/\/www.diarioimagen.net\/index.php?rest_route=%2Fwp%2Fv2%2Fcomments&post=412806"}],"version-history":[{"count":0,"href":"https:\/\/www.diarioimagen.net\/index.php?rest_route=\/wp\/v2\/posts\/412806\/revisions"}],"wp:attachment":[{"href":"https:\/\/www.diarioimagen.net\/index.php?rest_route=%2Fwp%2Fv2%2Fmedia&parent=412806"}],"wp:term":[{"taxonomy":"category","embeddable":true,"href":"https:\/\/www.diarioimagen.net\/index.php?rest_route=%2Fwp%2Fv2%2Fcategories&post=412806"},{"taxonomy":"post_tag","embeddable":true,"href":"https:\/\/www.diarioimagen.net\/index.php?rest_route=%2Fwp%2Fv2%2Ftags&post=412806"}],"curies":[{"name":"wp","href":"https:\/\/api.w.org\/{rel}","templated":true}]}}