{"id":412861,"date":"2019-01-30T00:09:02","date_gmt":"2019-01-30T06:09:02","guid":{"rendered":"https:\/\/www.diarioimagen.net\/?p=412861"},"modified":"2019-01-30T22:24:17","modified_gmt":"2019-01-31T04:24:17","slug":"si-maquillaban-salarios-en-nomina-de-funcionarios-dice-amlo","status":"publish","type":"post","link":"https:\/\/www.diarioimagen.net\/?p=412861","title":{"rendered":"Segundo llamado del Presidente a la CNTE a levantar sus bloqueos"},"content":{"rendered":"<ul>\n<li><strong><em>Movilizaci\u00f3n de maestros en Michoac\u00e1n<\/em><\/strong><\/li>\n<li><strong><em>Anuncia tianguis en Santa Luc\u00eda para vender autom\u00f3viles de lujo del gobierno<\/em><\/strong><\/li>\n<\/ul>\n<h6>Jos\u00e9 Luis Monta\u00f1ez<\/h6>\n<p>&nbsp;<\/p>\n<div id=\"attachment_412862\" style=\"width: 470px\" class=\"wp-caption aligncenter\"><img loading=\"lazy\" decoding=\"async\" aria-describedby=\"caption-attachment-412862\" class=\"wp-image-412862 size-large\" src=\"https:\/\/www.diarioimagen.net\/wp-content\/uploads\/2019\/01\/AMLO30-portal-460x268.jpg\" alt=\"\" width=\"460\" height=\"268\" srcset=\"https:\/\/www.diarioimagen.net\/wp-content\/uploads\/2019\/01\/AMLO30-portal-460x268.jpg 460w, https:\/\/www.diarioimagen.net\/wp-content\/uploads\/2019\/01\/AMLO30-portal-240x140.jpg 240w, https:\/\/www.diarioimagen.net\/wp-content\/uploads\/2019\/01\/AMLO30-portal.jpg 480w\" sizes=\"auto, (max-width: 460px) 100vw, 460px\" \/><p id=\"caption-attachment-412862\" class=\"wp-caption-text\">\u201cEstamos buscando la manera de c\u00f3mo resolver el asunto. No vamos a reprimir, no somos iguales. Hay que ver si es la CNTE, qui\u00e9nes son, porque nosotros no somos iguales a las autoridades anteriores, o a las autoridades que apoyaron la mal llamada reforma educativa\u201d.<\/p><\/div>\n<p>&nbsp;<\/p>\n<p>El presidente Andr\u00e9s Manuel L\u00f3pez Obrador hizo un segundo llamado a los maestros de la Coordinadora Nacional de Trabajadores de la Educaci\u00f3n (CNTE) en Michoac\u00e1n, a que liberen las v\u00edas de tren y las alcald\u00edas, luego de que, asegur\u00f3, ya se entregaron los recursos para el pago de los salarios atrasados.<\/p>\n<p>\u201cLos maestros que imparten civismo espero que atiendan nuestro llamado\u201d, expres\u00f3 el primer mandatario, tras la lamentar que junto con la \u00e9tica, esta disciplina est\u00e9 fuera de los planes de estudios\u201d.<\/p>\n<p>\u201cYo hago un llamado a los maestros en general, porque a veces tambi\u00e9n los dirigentes no consultan a las bases [\u2026]\u201d, dijo L\u00f3pez Obrador por la ma\u00f1ana y critic\u00f3 que no les pregunten a todos los maestros si est\u00e1 bien continuar con los bloqueos.<\/p>\n<p>\u201cEstamos buscando la manera de c\u00f3mo resolver el asunto. No vamos a reprimir, no somos iguales. Hay que ver si es la CNTE, qui\u00e9nes son, porque nosotros no somos iguales a las autoridades anteriores, o a las autoridades que apoyaron la mal llamada reforma educativa\u201d.<\/p>\n<p>El jefe del Ejecutivo Federal asegur\u00f3 que no se reprimir\u00e1 a los docentes y recalc\u00f3 que es un asunto del gobierno estatal.<\/p>\n<p>\u201cSe van a ir aclarando las cosas. De repente se da este bloqueo a las l\u00edneas del ferrocarril, en momentos en que se nos present\u00f3 el problema de desabasto de combustible. Fue as\u00ed muy sorpresivo. Con esta demanda que no corresponde resolver al Gobierno Federal\u201d, dijo.<\/p>\n<p>Y record\u00f3 que se trata de falta de pagos a los maestros.<\/p>\n<p>\u201cAl mismo tiempo el gobernador se va a una gira de trabajo a Europa, no se atiende el problema. Nosotros para evitar afectaciones, da\u00f1os, decidimos transferir fondos de la federaci\u00f3n como anticipos\u201d.<\/p>\n<p>El lunes, el Presidemte dijo que las intransigencias no son alternativa, no tienen nada que ver con la izquierda; ese radicalismo tiene que ver con el conservadurismo. Es cuando los extremos se tocan; tiene que ver con la extrema derecha. \u201cEs un conservadurismo disfrazado de radicalismo. Est\u00e1n ellos demandando otras cosas, (pero) nosotros no vamos a caer en ninguna provocaci\u00f3n\u201d, se\u00f1al\u00f3 en el primer llamado.<\/p>\n<p style=\"text-align: center;\"><strong>Se impidi\u00f3 millonaria devoluci\u00f3n del IVA a Grupo Modelo<\/strong><\/p>\n<p>El mandatario se dijo muy \u201ccontento\u201d de que la Suprema Corte de Justicia de la Naci\u00f3n (SCJN) haya frenado la devoluci\u00f3n millonaria del Impuesto al Valor Agregado (IVA) a Grupo Modelo.<\/p>\n<p>\u201cSe iba a hacer una devoluci\u00f3n de miles de millones de pesos a la empresa Modelo a la Cervecer\u00eda Corona, en la Suprema Corte de Justicia, de devoluci\u00f3n de IVA y la SCJN resolvi\u00f3 improcedente la solicitud de la empresa, dijo en su conferencia matutina. \u201cSi se hubiese aprobado eso hubi\u00e9semos tenido que devolver, esa es la cantidad, estamos hablando de miles de millones de pesos.<\/p>\n<p>\u201c\u00bfPor qu\u00e9 lo digo? Porque se ahorr\u00f3 dinero con una actitud responsable de la Suprema Corte, del Poder Judicial. No todos los ministros votaron a favor, pero los que votaron en contra tienen derecho a hacerlo porque es un criterio y son libres, y cada quien act\u00faa de acuerdo a la interpretaci\u00f3n que le da a las leyes. \u201cCuando me informaron del SAT de esa noticia \u2014hay en el SAT una direcci\u00f3n de grandes contribuyentes\u2014, cuando se me inform\u00f3 me puse muy contento, porque imag\u00ednense lo que iba a significar de desembolso en el presupuesto\u201d, coment\u00f3.<\/p>\n<p style=\"text-align: center;\"><strong>\u201cS\u00ed maquillaban salarios en n\u00f3mina de ex funcionarios\u201d<\/strong><\/p>\n<p>L\u00f3pez Obrador revel\u00f3 que el ex director del Infonavit ganaba 700 mil pesos mensuales y critic\u00f3 que el pasado gobierno hab\u00eda gran derroche porque era un \u201cgobierno fara\u00f3nico, de lujos, de gasto superfluo, improductivo\u201d.<\/p>\n<p>\u201cEran muchas las entradas adicionales. Una cosa era el salario y otra cosa eran bonos, compensaciones. En la suma daban 600, 700 mil pesos, la suma\u201d, dijo el Presidente en su conferencia de prensa matutina en Palacio Nacional, sin dar el nombre del funcionario.<\/p>\n<p>L\u00f3pez Obrador record\u00f3 que el compromiso de su administraci\u00f3n es el de transparentar la n\u00f3mina del gobierno federal.<\/p>\n<p>\u201cNos va a llevar tiempo, pero la idea es que los ciudadanos puedan saber cu\u00e1nto ganamos los servidores p\u00fablicos en total, cu\u00e1nto gana un servidor p\u00fablico, porque eso no se pod\u00eda saber, no se sab\u00eda porque eran muchas entradas de distintas maneras\u201d.<\/p>\n<p>Tambi\u00e9n inform\u00f3 que los funcionarios tienen hasta ayer mi\u00e9rcoles para hacer p\u00fablicos sus bienes patrimoniales, de lo contrario no podr\u00e1n continuar trabajando en el gobierno.<\/p>\n<p style=\"text-align: center;\"><strong>Subasta de veh\u00edculos y aviones <\/strong><\/p>\n<p>El Presidente anunci\u00f3 que en febrero y marzo pr\u00f3ximo, el gobierno de M\u00e9xico realizar\u00e1 subastas de veh\u00edculos, aviones y helic\u00f3pteros, con lo que se pretende recaudar 100 millones de pesos, mismos que se destinar\u00e1n a la Guardia Nacional.<\/p>\n<p>Detall\u00f3 que el 23 y 24 de febrero pr\u00f3ximo, en el aeropuerto de Santa Luc\u00eda, en el Estado de M\u00e9xico, se llevar\u00e1 a cabo un tianguis para poner en venta 171 camionetas blindadas y semiblindadas, siete tractocamiones, 23 pick up, nueve autom\u00f3viles compactos, 30 motocicletas, 12 camiones, dos tractores agr\u00edcolas, dos autobuses, cinco remolques, un Audi blindado y un BMV blindado, \u00e9ste \u00faltimo \u201cde la clase fif\u00ed\u201d.<\/p>\n<p>Indic\u00f3 que los d\u00edas 26 y 27 de abril se pondr\u00e1n en venta tambi\u00e9n en Santa Luc\u00eda, 76 aviones y helic\u00f3pteros en una feria, y de lo que se obtenga todo ir\u00e1 a la Guardia Nacional.<\/p>\n<p>Indic\u00f3 que le pedir\u00e1n a la Secretar\u00eda de Hacienda que quienes adquieran esas unidades sean personas que se dediquen a actividades l\u00edcitas.<\/p>\n<p style=\"text-align: center;\"><strong>Vamos a entregar la estafeta de un pa\u00eds distinto al que recibimos: AMLO<\/strong><\/p>\n<p>Aun cuando solo lleva casi dos meses al frente del gobierno, el Presidente Andr\u00e9s adelant\u00f3 en San Luis Potos\u00ed que va a entregar la estafeta a las nueva generaciones con un pa\u00eds distinto al que recibi\u00f3. \u201cLes vamos a dejar un pa\u00eds mejor, vamos a entregar la estafeta, vamos a entregar el relevo generacional con un pa\u00eds distinto al que nosotros recibimos\u201d, expres\u00f3.<\/p>\n<p>En su discurso para presentar la canasta b\u00e1sica aumentada a 40 productos de primera necesidad, el titular del Ejecutivo federal dijo que le dejaron grandes y graves problemas nacionales, \u201cpero tengo fe y estoy seguro que vamos a salir adelante porque ya no va a haber corrupci\u00f3n, ya no habr\u00e1 impunidad, porque ese es el c\u00e1ncer que estaba consumiendo al pa\u00eds\u201d.<\/p>\n<p>&nbsp;<\/p>\n<blockquote>\n<h2 style=\"text-align: center;\">Disidentes refuerzan protestas<br \/>\nen 6 puntos del estado<\/h2>\n<p>Pese al segundo llamado del Presidente de la Rep\u00fablica de levantar bloqueos de v\u00edas de tren, la Secci\u00f3n 18 de la Coordinadora Nacional de Trabajadores de la Educaci\u00f3n (CNTE) los mantiene en al menos seis puntos de Michoac\u00e1n. Y para presionar al gobierno estatal que cumpla con pagos y demandas administrativas, la CNTE reforz\u00f3 sus movilizaciones en Morelia.<\/p>\n<p>Adem\u00e1s de mantener bloqueos en v\u00edas ferroviarias, que suman 15 d\u00edas, sus protestas se extendieron a v\u00edas principales de la entidad.<\/p>\n<p>Las arterias viales que bloquearon fueronAvenida Acueducto, Calzada Ventura Puente, Avenida Madero, Miguel Silva y Abasolo.<\/p>\n<p>La determinaci\u00f3n fue reforzar sus protestas ante el emplazamiento que les realizaron tanto autoridades estatales como federales que el di\u00e1logo continuar\u00eda s\u00f3lo si retiran sus bloqueos.<\/p>\n<p>Los maestros tambi\u00e9n bloquean inmediaciones de la Secretar\u00eda de Finanzas y Administraci\u00f3n, la Oficina de Rentas en la Avenida L\u00e1zaro C\u00e1rdenas, la Oficina de Rentas,cerca de Las Tarascas, la Plaza Comercial \u201cLas Am\u00e9ricas\u201d y continuar\u00e1n con el plant\u00f3n del Centro Hist\u00f3rico. David Garc\u00eda, coordinador regional de la Secci\u00f3n 18 en L\u00e1zaro C\u00e1rdenas,\u00a0 adelant\u00f3 que si se cubren las necesidades del magisterio quitar\u00e1n de inmediato el plant\u00f3n.<\/p>\n<p>\u201cA partir de eso se tomar\u00edan los consensos con las distintas regiones para poder estar ya viendo la posibilidad de quitarnos pero si no hay los ofrecimientos econ\u00f3micos, de otra manera no podr\u00edamos hacerlo\u201d.<\/p><\/blockquote>\n","protected":false},"excerpt":{"rendered":"<p><span style=\"color: #005497;\">Jos\u00e9 Luis Monta\u00f1ez<\/span><br \/>\n<br \/>\nEl presidente Andr\u00e9s Manuel L\u00f3pez Obrador hizo un segundo llamado a los maestros de la Coordinadora Nacional de Trabajadores de la Educaci\u00f3n (CNTE) en Michoac\u00e1n, a que liberen las v\u00edas de tren y las alcald\u00edas, luego de que, asegur\u00f3, ya se entregaron los recursos para el pago de los salarios atrasados.<\/p>\n","protected":false},"author":5,"featured_media":412862,"comment_status":"open","ping_status":"open","sticky":false,"template":"","format":"standard","meta":{"_monsterinsights_skip_tracking":false,"_monsterinsights_sitenote_active":false,"_monsterinsights_sitenote_note":"","_monsterinsights_sitenote_category":0,"footnotes":""},"categories":[3],"tags":[1352,82358,7473,82319,82318,803,43673,3382],"class_list":["post-412861","post","type-post","status-publish","format-standard","has-post-thumbnail","hentry","category-nacional","tag-andres-manuel-lopez-obrador","tag-bloaqueo","tag-cnte","tag-eran-muchas-las-entradas-adicionales","tag-maquillaban-salarios","tag-michoacan","tag-nacional","tag-presidente"],"_links":{"self":[{"href":"https:\/\/www.diarioimagen.net\/index.php?rest_route=\/wp\/v2\/posts\/412861","targetHints":{"allow":["GET"]}}],"collection":[{"href":"https:\/\/www.diarioimagen.net\/index.php?rest_route=\/wp\/v2\/posts"}],"about":[{"href":"https:\/\/www.diarioimagen.net\/index.php?rest_route=\/wp\/v2\/types\/post"}],"author":[{"embeddable":true,"href":"https:\/\/www.diarioimagen.net\/index.php?rest_route=\/wp\/v2\/users\/5"}],"replies":[{"embeddable":true,"href":"https:\/\/www.diarioimagen.net\/index.php?rest_route=%2Fwp%2Fv2%2Fcomments&post=412861"}],"version-history":[{"count":0,"href":"https:\/\/www.diarioimagen.net\/index.php?rest_route=\/wp\/v2\/posts\/412861\/revisions"}],"wp:featuredmedia":[{"embeddable":true,"href":"https:\/\/www.diarioimagen.net\/index.php?rest_route=\/wp\/v2\/media\/412862"}],"wp:attachment":[{"href":"https:\/\/www.diarioimagen.net\/index.php?rest_route=%2Fwp%2Fv2%2Fmedia&parent=412861"}],"wp:term":[{"taxonomy":"category","embeddable":true,"href":"https:\/\/www.diarioimagen.net\/index.php?rest_route=%2Fwp%2Fv2%2Fcategories&post=412861"},{"taxonomy":"post_tag","embeddable":true,"href":"https:\/\/www.diarioimagen.net\/index.php?rest_route=%2Fwp%2Fv2%2Ftags&post=412861"}],"curies":[{"name":"wp","href":"https:\/\/api.w.org\/{rel}","templated":true}]}}