{"id":412914,"date":"2019-01-30T00:10:00","date_gmt":"2019-01-30T06:10:00","guid":{"rendered":"https:\/\/www.diarioimagen.net\/?p=412914"},"modified":"2019-01-30T03:14:09","modified_gmt":"2019-01-30T09:14:09","slug":"buscan-nuevo-marco-al-desarrollo-metropolitano-del-valle-de-mexico","status":"publish","type":"post","link":"https:\/\/www.diarioimagen.net\/?p=412914","title":{"rendered":"Buscan nuevo marco al desarrollo metropolitano del Valle de M\u00e9xico"},"content":{"rendered":"<h2>Arco Norte<\/h2>\n<h5>Jos\u00e9 Luis Monta\u00f1ez Aguilar<\/h5>\n<p>&nbsp;<\/p>\n<p><a href=\"https:\/\/www.diarioimagen.net\/?attachment_id=412975\" rel=\"attachment wp-att-412975\"><img loading=\"lazy\" decoding=\"async\" class=\"aligncenter size-large wp-image-412975\" src=\"https:\/\/www.diarioimagen.net\/wp-content\/uploads\/2019\/01\/arco-8-460x259.jpg\" alt=\"\" width=\"460\" height=\"259\" srcset=\"https:\/\/www.diarioimagen.net\/wp-content\/uploads\/2019\/01\/arco-8-460x259.jpg 460w, https:\/\/www.diarioimagen.net\/wp-content\/uploads\/2019\/01\/arco-8-240x135.jpg 240w, https:\/\/www.diarioimagen.net\/wp-content\/uploads\/2019\/01\/arco-8-235x132.jpg 235w, https:\/\/www.diarioimagen.net\/wp-content\/uploads\/2019\/01\/arco-8-202x114.jpg 202w, https:\/\/www.diarioimagen.net\/wp-content\/uploads\/2019\/01\/arco-8-350x196.jpg 350w, https:\/\/www.diarioimagen.net\/wp-content\/uploads\/2019\/01\/arco-8-220x123.jpg 220w, https:\/\/www.diarioimagen.net\/wp-content\/uploads\/2019\/01\/arco-8-237x132.jpg 237w, https:\/\/www.diarioimagen.net\/wp-content\/uploads\/2019\/01\/arco-8.jpg 480w\" sizes=\"auto, (max-width: 460px) 100vw, 460px\" \/><\/a><\/p>\n<p>&nbsp;<\/p>\n<p>Al destacar que temas de vivienda, de infraestructura el\u00e9ctrica, agua, medio ambiente, seguridad y protecci\u00f3n civil, entre otros, deben ser atendidos desde un esquema de responsabilidad compartida entre los tres \u00f3rdenes de gobierno, cuya operaci\u00f3n est\u00e9 garantizada por la ley, el secretario general de Gobierno, Alejandro Ozuna Rivero, inaugur\u00f3 los trabajos del panel \u201cHacia la Construcci\u00f3n de un Nuevo Marco Jur\u00eddico Metropolitano para el Valle de M\u00e9xico\u201d, organizado por la Secretar\u00eda de Desarrollo Urbano y Metropolitano (Seduym), que encabeza Andr\u00e9s Massieu Fern\u00e1ndez.<\/p>\n<p>El funcionario mexiquense, que acudi\u00f3 con la representaci\u00f3n del gobernador del Estado de M\u00e9xico, Alfredo Del Mazo Maza, coincidi\u00f3 con el titular de la Seduym, quien recalc\u00f3 que a trav\u00e9s de este ejercicio se busca consolidar una nueva ley que permita la coordinaci\u00f3n institucional metropolitana, mejorar los asentamientos humanos, la prestaci\u00f3n de mejores servicios p\u00fablicos de agua y drenaje, recolecci\u00f3n de residuos y desechos, y as\u00ed potenciar el desarrollo econ\u00f3mico y la competitividad.<\/p>\n<p>Ozuna Rivero expuso que derivado de la reforma constitucional acerca de la naturaleza jur\u00eddica de la Ciudad de M\u00e9xico, se han desprendido diversas adecuaciones legales que inciden, por ejemplo, en el replanteamiento de los mecanismos jur\u00eddicos de coordinaci\u00f3n que demanda la planeaci\u00f3n de la Zona Metropolitana del Valle de M\u00e9xico, en este encuentro de especialistas, investigadores, acad\u00e9micos y profesionales expertos en las metr\u00f3polis.<\/p>\n<p>Para cumplir con ello, dijo, los gobiernos de la Ciudad de M\u00e9xico, de Hidalgo y del Estado de M\u00e9xico arrancaron en diciembre pasado una serie de reuniones al seno del Consejo de Desarrollo Metropolitano del Valle de M\u00e9xico, con el objetivo de impulsar conjuntamente, un proyecto com\u00fan de Ley de Desarrollo Metropolitano.<\/p>\n<p>\u201cEsta metr\u00f3poli, integrada por tres entidades y 76 municipios, es la morada de m\u00e1s de 21 millones de mexicanos, que hace tiempo esperan una coordinaci\u00f3n efectiva, \u00e1gil y eficaz por parte de todos los \u00e1mbitos de gobierno que aqu\u00ed inciden.<\/p>\n<p>Por su parte, Massieu Fern\u00e1ndez dijo que es necesario un marco para facilitar el asociacionismo como instrumento de coordinaci\u00f3n y gobernanza metropolitana, para una eficaz prestaci\u00f3n de servicios p\u00fablicos y aprovechar las buenas pr\u00e1cticas y los casos de \u00e9xito para seguir impulsando el desarrollo integral de la Zona Metropolitana.<\/p>\n<p>Por ello, indic\u00f3 que la visi\u00f3n metropolitana del Gobernador Alfredo Del Mazo Maza es propiciar una mejor calidad de vida y una mayor igualdad para los mexiquenses, con una planificaci\u00f3n integral, responsable, democr\u00e1tica y estrat\u00e9gica, plasmada en el Plan de Desarrollo del Estado de M\u00e9xico y alineada con los Objetivos de Desarrollo Sostenible de la Agenda 2030.<\/p>\n<p>Antes, C\u00e9sar Camacho Quiroz, ex Gobernador de la entidad mexiquense, y Presidente de El Colegio Mexiquense, AC, asegur\u00f3 que es necesario seguir haciendo pol\u00edtica, pero con rigor t\u00e9cnico para llevar adelante la Ley de Desarrollo Metropolitano del Valle de M\u00e9xico, seg\u00fan lo dispuesto por el Art\u00edculo 122 constitucional, a fin de que la ciudadan\u00eda ejerza su libertad con plenitud y responsabilidad y que los gobiernos sean eficaces.<\/p>\n<p>Expuso que hoy el reto es sumar a la acci\u00f3n gubernamental, la acci\u00f3n social de la sociedad para conseguir la acci\u00f3n p\u00fablica, a trav\u00e9s del producto del entendimiento y del consenso legislativo.<\/p>\n<p><em><a href=\"mailto:montanezaguilar@gmail.com\" target=\"_blank\" rel=\"noopener\">montanezaguilar@gmail.com<\/a><\/em><\/p>\n","protected":false},"excerpt":{"rendered":"<p><span style=\"color: #005497;\">Jos\u00e9 Luis Monta\u00f1ez Aguilar<\/span><br \/>\n<br \/>\nAl destacar que temas de vivienda, de infraestructura el\u00e9ctrica, agua, medio ambiente, seguridad y protecci\u00f3n civil, entre otros, deben ser atendidos desde un esquema de responsabilidad compartida entre los tres \u00f3rdenes de gobierno, cuya operaci\u00f3n est\u00e9 garantizada por la ley, el secretario general de Gobierno, Alejandro Ozuna Rivero, inaugur\u00f3 los trabajos del panel \u201cHacia la Construcci\u00f3n de un Nuevo Marco Jur\u00eddico Metropolitano para el Valle de M\u00e9xico\u201d, organizado por la Secretar\u00eda de Desarrollo Urbano y Metropolitano (Seduym), que encabeza Andr\u00e9s Massieu Fern\u00e1ndez.<\/p>\n","protected":false},"author":3,"featured_media":412975,"comment_status":"open","ping_status":"open","sticky":false,"template":"","format":"standard","meta":{"_monsterinsights_skip_tracking":false,"_monsterinsights_sitenote_active":false,"_monsterinsights_sitenote_note":"","_monsterinsights_sitenote_category":0,"footnotes":""},"categories":[5],"tags":[13284,43704,43674],"class_list":["post-412914","post","type-post","status-publish","format-standard","has-post-thumbnail","hentry","category-estado-de-mexico","tag-arco-norte","tag-jose-luis-montanez-aguilar","tag-opinion"],"_links":{"self":[{"href":"https:\/\/www.diarioimagen.net\/index.php?rest_route=\/wp\/v2\/posts\/412914","targetHints":{"allow":["GET"]}}],"collection":[{"href":"https:\/\/www.diarioimagen.net\/index.php?rest_route=\/wp\/v2\/posts"}],"about":[{"href":"https:\/\/www.diarioimagen.net\/index.php?rest_route=\/wp\/v2\/types\/post"}],"author":[{"embeddable":true,"href":"https:\/\/www.diarioimagen.net\/index.php?rest_route=\/wp\/v2\/users\/3"}],"replies":[{"embeddable":true,"href":"https:\/\/www.diarioimagen.net\/index.php?rest_route=%2Fwp%2Fv2%2Fcomments&post=412914"}],"version-history":[{"count":0,"href":"https:\/\/www.diarioimagen.net\/index.php?rest_route=\/wp\/v2\/posts\/412914\/revisions"}],"wp:featuredmedia":[{"embeddable":true,"href":"https:\/\/www.diarioimagen.net\/index.php?rest_route=\/wp\/v2\/media\/412975"}],"wp:attachment":[{"href":"https:\/\/www.diarioimagen.net\/index.php?rest_route=%2Fwp%2Fv2%2Fmedia&parent=412914"}],"wp:term":[{"taxonomy":"category","embeddable":true,"href":"https:\/\/www.diarioimagen.net\/index.php?rest_route=%2Fwp%2Fv2%2Fcategories&post=412914"},{"taxonomy":"post_tag","embeddable":true,"href":"https:\/\/www.diarioimagen.net\/index.php?rest_route=%2Fwp%2Fv2%2Ftags&post=412914"}],"curies":[{"name":"wp","href":"https:\/\/api.w.org\/{rel}","templated":true}]}}