{"id":412934,"date":"2019-01-30T00:09:24","date_gmt":"2019-01-30T06:09:24","guid":{"rendered":"https:\/\/www.diarioimagen.net\/?p=412934"},"modified":"2019-02-01T04:07:03","modified_gmt":"2019-02-01T10:07:03","slug":"tenemos-muuucho-petroleo-lo-escondieron-y-robaron-en-el-pasado-a-cuidarlo","status":"publish","type":"post","link":"https:\/\/www.diarioimagen.net\/?p=412934","title":{"rendered":"Tenemos muuucho petr\u00f3leo. Lo escondieron y robaron en el pasado. \u00a1A cuidarlo!"},"content":{"rendered":"<h2>\u00cdndice pol\u00edtico<\/h2>\n<h5>Francisco Rodr\u00edguez<\/h5>\n<p>&nbsp;<\/p>\n<div id=\"attachment_410870\" style=\"width: 470px\" class=\"wp-caption aligncenter\"><a href=\"https:\/\/www.diarioimagen.net\/?attachment_id=410870\" rel=\"attachment wp-att-410870\"><img loading=\"lazy\" decoding=\"async\" aria-describedby=\"caption-attachment-410870\" class=\"size-large wp-image-410870\" src=\"https:\/\/www.diarioimagen.net\/wp-content\/uploads\/2019\/01\/no-hay-desabasto-MARAL-460x385.jpg\" alt=\"\" width=\"460\" height=\"385\" srcset=\"https:\/\/www.diarioimagen.net\/wp-content\/uploads\/2019\/01\/no-hay-desabasto-MARAL-460x385.jpg 460w, https:\/\/www.diarioimagen.net\/wp-content\/uploads\/2019\/01\/no-hay-desabasto-MARAL-240x201.jpg 240w, https:\/\/www.diarioimagen.net\/wp-content\/uploads\/2019\/01\/no-hay-desabasto-MARAL-768x643.jpg 768w, https:\/\/www.diarioimagen.net\/wp-content\/uploads\/2019\/01\/no-hay-desabasto-MARAL.jpg 1200w\" sizes=\"auto, (max-width: 460px) 100vw, 460px\" \/><\/a><p id=\"caption-attachment-410870\" class=\"wp-caption-text\">\u00abNo hay desabasto\u00bb&#8230; | Maral<\/p><\/div>\n<p>&nbsp;<\/p>\n<p>Para ser precisos, el petr\u00f3leo mexicano jam\u00e1s fue de otros\u00a0que del propietario original: la Naci\u00f3n. El concepto de la propiedad, de tradici\u00f3n latina, est\u00e1 impreso en la Constituci\u00f3n y en la conciencia de siglos del derecho patrio. Simple y sencillamente, comprende del cielo al infierno.<\/p>\n<p>Por eso, el petr\u00f3leo no se expropi\u00f3 en la gesta de 1938 \u2014jam\u00e1s se quit\u00f3 a nadie que lo poseyera\u2014 s\u00f3lo se recuper\u00f3, en t\u00e9rminos absolutos y relativos. Quien lo explotaba, las compa\u00f1\u00edas extranjeras, s\u00f3lo eran due\u00f1as de las instalaciones, de los barrenos, de los transportes, jam\u00e1s de los bit\u00famenes. De ning\u00fan hidrocarburo en cualquier forma.<\/p>\n<p>Ese intr\u00edngulis nunca lo pudo comprender ni Luis Cabrera, el ex revolucionario carrancista que defendi\u00f3 despu\u00e9s a las compa\u00f1\u00edas extranjeras desde su despacho de la avenida 5 de Mayo en la capital del pa\u00eds. Era demasiado para los abogados y era un concepto indescifrable para los financieros.<\/p>\n<p>Recuperamos la propiedad sobre tierras y aguas subterr\u00e1neas y superficiales. Sobre todas las riquezas contenidas en lechos y en espacios porque el concepto mexicano de la propiedad concede \u00e9sta al propietario originario: el inter\u00e9s p\u00fablico de la Naci\u00f3n.<\/p>\n<p>As\u00ed fue, incluso, en las ordenanzas reales de la Colonia, que extendieron no la propiedad sino las hist\u00f3ricas mercedes del rey sobre las explotaciones de ellas. Una concesi\u00f3n graciosa donde jam\u00e1s se comprometi\u00f3 la propiedad original. Esa estaba por encima de cualquier duda o sospecha. Nunca, nadie fue tan entreguista como los financieros que la transfirieron de manera il\u00edcita.<\/p>\n<p>La interpretaci\u00f3n cabal del Derecho no deja lugar a dudas. Corresponde en todo tiempo a la Naci\u00f3n el dominio directo y la adecuaci\u00f3n de las pol\u00edticas energ\u00e9ticas, las operaciones y negociaciones que alguien haya hecho sobre el tema petrolero. Sea quien sea, debe ajustarse a ello. As\u00ed se trate del Imperio m\u00e1s poderoso y hoy quebrado de la historia. No admite discusi\u00f3n.<\/p>\n<p>La pol\u00edtica energ\u00e9tica se encuentra por encima de nuestras cabezas y de nuestros afanes te\u00f3ricos. Es soberana, lo que quiere decir que s\u00f3lo obedece a la opini\u00f3n de la voluntad colectiva de los mexicanos. Como el poder, no es declinable, transferible, ni negociable.<\/p>\n<p>Aunque lo hayan querido ver as\u00ed los dichosos financieros del r\u00e9gimen anexionista de las \u00faltimas d\u00e9cadas, el petr\u00f3leo no debe entrar en ninguna transacci\u00f3n o componenda que comprometa su objetivo: apoyar la independencia y contribuir al constante mejoramiento de las condiciones pol\u00edticas, econ\u00f3micas, sociales y culturales de la existencia, como lo demanda el r\u00e9gimen democr\u00e1tico.<\/p>\n<p>Todo aqu\u00e9l que piense lo contrario se convierte por ese s\u00f3lo hecho en potencial adversario de la patria y de la interpretaci\u00f3n objetiva de la historia. En eso no deben caber complacencias ni remilgos. No es algo sujeto a los arrebatos ni a las modas de cualquier \u00e9poca, mucho menos a los afanes de financieros y entreguistas.<\/p>\n<p>La anteriormente expuesta no es una opini\u00f3n interesada ni maniquea. En materia del petr\u00f3leo lo negro es negro y no admite otra postura. Es, adem\u00e1s, nuestro bien m\u00e1s preciado, somos propietarios de los mayores dep\u00f3sitos del mundo en las aguas someras del Golfo de M\u00e9xico, aunque usted no lo crea.<\/p>\n<p>Lo que ha pasado es que nos han escamoteado hist\u00f3ricamente esa informaci\u00f3n, porque era la tajada de los beneficios para las pandillas en el poder que nunca quisieron airear en p\u00fablico el tama\u00f1o de las vetas y de las sondas que colindan con Cantarell en el mar de Campeche. Era el fil\u00f3n para perpetuarse en el poder y en la riqueza.<\/p>\n<p>Uno de los municipios campechanos lim\u00edtrofes con la Laguna de T\u00e9rminos, \u00a1uno solo!, contiene en sus vientres subterr\u00e1neos y acu\u00e1ticos la cantidad de 300 mil millones de barriles de aceite crudo ligero, el de mayor mercado internacional, un bien que ni en sue\u00f1os podr\u00edan tener los pa\u00edses \u00e1rabes o los dep\u00f3sitos del Mar del Norte.<\/p>\n<p>Y todo eso es propiedad originaria de la Naci\u00f3n. Estamos hablando de un solo municipio cuyas riquezas petrol\u00edferas fueron certificadas por la compa\u00f1\u00eda Exxon Mobile hace dos a\u00f1os. Se trata de las reservas m\u00e1s impresionantes que se hayan explorado jam\u00e1s. La noticia se conoce en todo el mundo, menos aqu\u00ed en el rancho grande. Hemos sido enga\u00f1ados.<\/p>\n<p>Rudesindo Cantarell, un humilde pescador carmelita, avizor\u00f3 los dep\u00f3sitos marinos de la sonda de Campeche hace algunos a\u00f1os. Muri\u00f3 en la miseria, luego de que tanto L\u00f3pez Portillo como Jorge D\u00edaz Serrano ofrecieron recompensarlo con una placita en Petr\u00f3leos Mexicanos que nunca lleg\u00f3 para calmar sus pobrezas.<\/p>\n<p>Era s\u00f3lo un reconocimiento simple a un gran descubridor. El que hizo posible que con la explotaci\u00f3n de la sonda de Cantarell el gobierno entero solucionara una crisis estructural que ven\u00eda arrastrando desde la locura echeverrista de imprimir dinero sin reserva para conseguir sus logros de populismo demag\u00f3gico de derechas.<\/p>\n<p>La leyenda urbana dijo que de tan explotado el pozo Cantarell hab\u00eda pasado a mejor vida. Pe\u00f1a Nieto se atrevi\u00f3 a decir que hab\u00eda matado la gallina de los huevos de oro, y que ahora est\u00e1bamos obligados a importar petr\u00f3leo crudo, lo que sucedi\u00f3 para nuestra verg\u00fcenza hace tres meses.<\/p>\n<p>Nada m\u00e1s falso. S\u00f3lo que los\u00a0<em>atlacomulcas<\/em>\u00a0estaban dispuestos a cualquier mentira con tal de proteger sus moches y encubrir a sus favoritos. La importaci\u00f3n de combustibles, di\u00e9sel, gas y crudo se convirti\u00f3 en la caja grande de los recursos mal habidos y transferidos por esos mamarrachos a los para\u00edsos fiscales.<\/p>\n<p>En la actualidad, las vetas que colindan con las sondas descubiertas por Rudesindo Cantarell son las m\u00e1s ricas del orbe. Est\u00e1n consideradas en los mapas geopol\u00edticos como el Mar Mediterr\u00e1neo de los Estados Unidos, como la reserva estrat\u00e9gica del imperio.<\/p>\n<p>Como esa riqueza de la que pueden echar mano en cualquier momento para exacerbar su sed de dominio. Como la mina de oro en su patio trasero. Nosotros, en cambio ni la conocemos. Si nos hablan de la Laguna de T\u00e9rminos podemos hacer como quien ve llover. Pero \u00e9se es el futuro de la Naci\u00f3n. As\u00ed como suena.<\/p>\n<p>Por eso, la decisi\u00f3n de cambiar la sede de Petr\u00f3leos Mexicanos a Ciudad del Carmen, Campeche, no s\u00f3lo es una gran decisi\u00f3n, sino el reconocimiento hist\u00f3rico a las regiones que deben apalancar el crecimiento del pa\u00eds. La decisi\u00f3n de estar cerca de los que producen, la necesidad de vigilar f\u00edsica y administrativamente el patrimonio de todos.<\/p>\n<p>No hay duda posible: el nuevo r\u00e9gimen sabe lo que hace, en mayor medida que los opinadores pagados por los mensajeros del Imperio. Ya basta de especulaciones y bombitas medi\u00e1ticas contra la defensa de la soberan\u00eda nacional.<\/p>\n<p>Basta de distracciones. Basta de chamaqueos. No estamos para perder el tiempo en cuentos chinos de anexionistas.<\/p>\n<p>\u00bfNo cree usted?<\/p>\n<p>&nbsp;<\/p>\n<p><strong><em>\u00cdndice Flam\u00edgero: <\/em><\/strong>Ayer se dio a conocer un mensaje de la mayor\u00eda de los trabajadores petroleros de nuestra Naci\u00f3n dirigido al Presidente de la Rep\u00fablica, Andr\u00e9s Manuel L\u00f3pez Obrador en el que le comunican \u201clos acuerdos a que hemos llegado en nuestras reuniones de resistencia y apoyo al r\u00e9gimen de la Cuarta Transformaci\u00f3n que usted encabeza. Los miembros del Sindicato de Trabajadores Petroleros de la Rep\u00fablica Mexicana queremos\u00a0<strong>ser factores del cambio<\/strong>, no quedarnos a la expectativa de los acontecimientos que estamos viviendo. Queremos con usted,\u00a0<strong>superar todas las condiciones del atraso neoliberal<\/strong>. Las 36 secciones sindicales que en la magna Convenci\u00f3n nacional petrolera de noviembre del 2018\u00a0<strong>elegimos al nuevo Comit\u00e9 Ejecutivo General del Sindicato de Trabajadores Petroleros de la Rep\u00fablica Mexicana y a nuestro secretario general Mario Rubicel Ross Garc\u00eda<\/strong>, nos solidarizamos con las decisiones que el nuevo r\u00e9gimen tome para sanear de ra\u00edz la industria energ\u00e9tica y\u00a0<strong>combatir el cacicazgo sindical de <\/strong><strong>Carlos A. Romero Deschamps<\/strong>, el espurio que ha violado todas las leyes, contratos colectivos y acuerdos laborales, atropellando nuestros derechos y garant\u00edas, sembrando el caos y la rapi\u00f1a en la producci\u00f3n, distribuci\u00f3n, comercializaci\u00f3n y en todo el sector industrial. En todas y cada una de las 36 secciones sindicales del\u00a0<strong>nuevo STPRM<\/strong>\u00a0se encuentran radicadas las v\u00edctimas de las miles de denuncias penales, civiles, mercantiles, laborales y constitucionales sobre los actos criminales perpetrados por una pandilla de ambiciosos que quiere seguir explotando los vientres de la Naci\u00f3n Los trabajadores petroleros mexicanos siempre hemos participado en los grandes desaf\u00edos que han tenido que superarse desde la expropiaci\u00f3n petrolera de L\u00e1zaro C\u00e1rdenas. Los trabajadores nacionalistas siempre hemos participado\u00a0<strong>al lado de los dirigentes patri\u00f3ticos de la Naci\u00f3n<\/strong>. Consideramos que en este momento es necesario manifestarle nuestro apoyo irrestricto en la tarea de moralidad nacionalista que lleva a cabo y tenga la plena seguridad de que lucharemos a su lado para preservar la independencia y la soberan\u00eda de nuestra patria. \u00a1Cuente usted con todos y cada uno de nosotros!\u201d.<\/p>\n<p><u><em><a href=\"http:\/\/www.indicepolitico.com\" target=\"_blank\" rel=\"noopener\">www.indicepolitico.com<\/a><\/em><br \/>\n<a href=\"mailto:pacorodriguez@journalist.com\" target=\"_blank\" rel=\"noopener\"><em>pacorodriguez@journalist.com<\/em><\/a><br \/>\n<em><a href=\"https:\/\/twitter.com\/pacorodriguez\" target=\"_blank\" rel=\"noopener\">@pacorodriguez<\/a><\/em><\/u><\/p>\n","protected":false},"excerpt":{"rendered":"<p><span style=\"color: #005497;\"><strong>Francisco Rodr\u00edguez<\/strong><\/span><br \/>\n<br \/>\nPara ser precisos, el petr\u00f3leo mexicano jam\u00e1s fue de otros que del propietario original: la Naci\u00f3n. El concepto de la propiedad, de tradici\u00f3n latina, est\u00e1 impreso en la Constituci\u00f3n y en la conciencia de siglos del derecho patrio. Simple y sencillamente, comprende del cielo al infierno.<\/p>\n","protected":false},"author":3,"featured_media":410870,"comment_status":"open","ping_status":"open","sticky":false,"template":"","format":"standard","meta":{"_monsterinsights_skip_tracking":false,"_monsterinsights_sitenote_active":false,"_monsterinsights_sitenote_note":"","_monsterinsights_sitenote_category":0,"footnotes":""},"categories":[549],"tags":[43689,550,43674],"class_list":["post-412934","post","type-post","status-publish","format-standard","has-post-thumbnail","hentry","category-francisco-rodriguez","tag-francisco-rodriguez","tag-indice-politico","tag-opinion"],"_links":{"self":[{"href":"https:\/\/www.diarioimagen.net\/index.php?rest_route=\/wp\/v2\/posts\/412934","targetHints":{"allow":["GET"]}}],"collection":[{"href":"https:\/\/www.diarioimagen.net\/index.php?rest_route=\/wp\/v2\/posts"}],"about":[{"href":"https:\/\/www.diarioimagen.net\/index.php?rest_route=\/wp\/v2\/types\/post"}],"author":[{"embeddable":true,"href":"https:\/\/www.diarioimagen.net\/index.php?rest_route=\/wp\/v2\/users\/3"}],"replies":[{"embeddable":true,"href":"https:\/\/www.diarioimagen.net\/index.php?rest_route=%2Fwp%2Fv2%2Fcomments&post=412934"}],"version-history":[{"count":0,"href":"https:\/\/www.diarioimagen.net\/index.php?rest_route=\/wp\/v2\/posts\/412934\/revisions"}],"wp:featuredmedia":[{"embeddable":true,"href":"https:\/\/www.diarioimagen.net\/index.php?rest_route=\/wp\/v2\/media\/410870"}],"wp:attachment":[{"href":"https:\/\/www.diarioimagen.net\/index.php?rest_route=%2Fwp%2Fv2%2Fmedia&parent=412934"}],"wp:term":[{"taxonomy":"category","embeddable":true,"href":"https:\/\/www.diarioimagen.net\/index.php?rest_route=%2Fwp%2Fv2%2Fcategories&post=412934"},{"taxonomy":"post_tag","embeddable":true,"href":"https:\/\/www.diarioimagen.net\/index.php?rest_route=%2Fwp%2Fv2%2Ftags&post=412934"}],"curies":[{"name":"wp","href":"https:\/\/api.w.org\/{rel}","templated":true}]}}