{"id":412936,"date":"2019-01-30T00:08:45","date_gmt":"2019-01-30T06:08:45","guid":{"rendered":"https:\/\/www.diarioimagen.net\/?p=412936"},"modified":"2019-02-01T04:11:46","modified_gmt":"2019-02-01T10:11:46","slug":"michoacan-pierde-en-pleito-silvano-aureoles-amlo","status":"publish","type":"post","link":"https:\/\/www.diarioimagen.net\/?p=412936","title":{"rendered":"Michoac\u00e1n pierde en pleito Silvano Aureoles-AMLO"},"content":{"rendered":"<h2>Poder y dinero<\/h2>\n<h5>V\u00edctor S\u00e1nchez Ba\u00f1os<\/h5>\n<p>&nbsp;<\/p>\n<ul>\n<li><strong><em>Gobernador pide audiencia al Presidente<\/em><\/strong><\/li>\n<li><strong><em>Huelga a maquiladoras, frena inversiones<\/em><\/strong><\/li>\n<\/ul>\n<p>&nbsp;<\/p>\n<div id=\"attachment_412995\" style=\"width: 470px\" class=\"wp-caption aligncenter\"><a href=\"https:\/\/www.diarioimagen.net\/?attachment_id=412995\" rel=\"attachment wp-att-412995\"><img loading=\"lazy\" decoding=\"async\" aria-describedby=\"caption-attachment-412995\" class=\"size-large wp-image-412995\" src=\"https:\/\/www.diarioimagen.net\/wp-content\/uploads\/2019\/01\/la-republica-amorosa-jose-luis-460x409.jpg\" alt=\"\" width=\"460\" height=\"409\" srcset=\"https:\/\/www.diarioimagen.net\/wp-content\/uploads\/2019\/01\/la-republica-amorosa-jose-luis-460x409.jpg 460w, https:\/\/www.diarioimagen.net\/wp-content\/uploads\/2019\/01\/la-republica-amorosa-jose-luis-240x214.jpg 240w, https:\/\/www.diarioimagen.net\/wp-content\/uploads\/2019\/01\/la-republica-amorosa-jose-luis-768x684.jpg 768w, https:\/\/www.diarioimagen.net\/wp-content\/uploads\/2019\/01\/la-republica-amorosa-jose-luis.jpg 1200w\" sizes=\"auto, (max-width: 460px) 100vw, 460px\" \/><\/a><p id=\"caption-attachment-412995\" class=\"wp-caption-text\">La rep\u00fablica amorosa&#8230; | Jos\u00e9 Luis<\/p><\/div>\n<p>&nbsp;<\/p>\n<p style=\"text-align: right;\"><em><strong>Los espejos deber\u00edan pensar dos veces antes de devolver una imagen<\/strong><br \/>\nJean Cocteau, 1889-1963; <\/em><em>escritor franc\u00e9s.<\/em><\/p>\n<p>&nbsp;<\/p>\n<p>#SilvanoAureoles #AMLO #Michoac\u00e1n #CNTE #BloqueDeTrenes #DelitosImpunes #Michoac\u00e1nPierde #Maquiladoras #Huelga #CabezaDeVaca #FrenanInversiones #EstadoDeDerecho #DesinformanAlPresidente #SCJN #GrupoModelo #Devolci\u00f3nDeImpuestos #IVA #AlejandroValenzuela #BancoAzteca #GrupoMart\u00ed #SportCity<\/p>\n<p>&nbsp;<\/p>\n<p>Expresarse es muy dif\u00edcil; a\u00fan para los pol\u00edticos m\u00e1s experimentados. Esto le pasa al gobernador de Michoac\u00e1n, Silvano Aureoles, quien deja m\u00e1s dudas que respuestas sobre el conflicto que generaron los maestros de la Coordinadora del Magisterio, CNTE, al bloquear las v\u00edas de ferrocarril que dan acceso al Puerto L\u00e1zaro C\u00e1rdenas, en aquella entidad.<\/p>\n<p>Dice Silvano que es inocente y culpa al gobierno Federal, concretamente al Presidente de la Rep\u00fablica, Andr\u00e9s Manuel L\u00f3pez Obrador, de generar el conflicto magisterial al no pagarles a los mentores de su responsabilidad. AMLO le responde que el problema es de Aureoles.<\/p>\n<p>Mientras el pueblo, los empresarios y todos los mexicanos quedamos peor que antes: totalmente desinformados sobre el origen, causas y efectos del bloqueo de trenes en aquella entidad. Claro que tiene or\u00edgenes pol\u00edticos y efectos econ\u00f3micos.<\/p>\n<p>Sin embargo, las posturas de ambos, AMLO y Silvano, son justificadas. Ambos, desde su punto de vista tienen raz\u00f3n.<\/p>\n<p>Sin embargo, al revisar acuciosamente las respuestas, ambos defienden su chamba y responden a los grupos que los llevaron al poder.<\/p>\n<p>Primero, no podemos dejar de ver que L\u00f3pez Obrador es el jefe m\u00e1ximo de Morena, en tanto que Silvano es militante del PRD que, tras la salida de AMLO, se volvi\u00f3 en un partido paria.\u00a0 Este antecedente deja ver que la CNTE se mueve bajo estrategias bien pensadas; saben que golpetear a Aureoles les da un salvoconducto con la estructura federal.\u00a0 Los enemigos de mis amigos son mis enemigos, parece rezar la consigna.<\/p>\n<p>Silvano usa sus propias herramientas. Pide audiencia al Presidente, quien no da acuse de recibido y al mismo tiempo le responde a los de la CNTE que si no dejan el paro, no abra mesa de di\u00e1logo, ni dinero que les envi\u00f3 el gobierno federal. Esto, obviamente, molest\u00f3 a L\u00f3pez Obrador.<\/p>\n<p>La CNTE juega sus cartas bajo la aceptaci\u00f3n t\u00e1cita de funcionarios de la Federaci\u00f3n.\u00a0 Al final de cuentas, el pueblo de Michoac\u00e1n, sus empresarios y el sector productivo son los grades perdedores. Nadie pagar\u00e1 los multimillonarios da\u00f1os que provoca ese bloqueo, que son delitos federales que el gobierno Federal se niega a castigar. No es miedo, ni precauci\u00f3n, es complicidad.<\/p>\n<p><strong>PODEROSOS CABALLEROS<\/strong>: Tambi\u00e9n, en el movimiento huelgu\u00edstico de maquiladoras en Matamoros, Tamaulipas, entidad gobernada por Francisco Garc\u00eda Cabeza de Vaca, que afect\u00f3 a decenas de empresas, deja grandes p\u00e9rdidas.<\/p>\n<p>La interpretaci\u00f3n de las demandas laborales gener\u00f3 p\u00e9rdidas extraordinarias a las empresas, lo que sus propietarios, ante la falta de un estado de Derecho, prefieren irse del pa\u00eds. As\u00ed, le dieron gusto al Presidente Donald Trump. Es patear la olla los frijoles.<\/p>\n<p>*** Grupo Modelo desminti\u00f3 al Presidente L\u00f3pez Obrador, quien afirm\u00f3 en su conferencia matutina del martes, que hab\u00eda frenado la devoluci\u00f3n de miles de millones de pesos del SAT, por concepto de IVA, a esa empresa. El proceso lo llevan varios exaccionistas de la compa\u00f1\u00eda y que hoy no tienen ninguna relaci\u00f3n. Efectivamente, la Suprema Corte de Justicia determin\u00f3 darle la raz\u00f3n al SAT, no por intermediaci\u00f3n de L\u00f3pez Obrador o alguno de sus colaboradores, sino porque respondi\u00f3 adecuadamente la administraci\u00f3n de Enrique Pe\u00f1a Nieto, la demanda fiscal. Quien le da la informaci\u00f3n al Presidente, la da incompleta o manipulada. Por cierto, a todos los mexicanos no da gusto que se aplic\u00f3 la ley, ante una acci\u00f3n abusiva, de acuerdo a la Corte, de empresarios mexicanos.<\/p>\n<p>*** R\u00e1pidamente Alejandro Valenzuela director de Banco Azteca respondi\u00f3 ante una informaci\u00f3n publicada por Reforma que relaciona a la instituci\u00f3n con \u201cadjudicaciones directas\u201d.<\/p>\n<p>Banco Azteca, dijo, tiene 16 a\u00f1os de operar y es un competidor en un mercado donde 5 bancos concentran el 72% de los activos del sistema, controlan el 74% de los cr\u00e9ditos y el 77% de la captaci\u00f3n de recursos del p\u00fablico. Banco Azteca es el de mayor presencia nacional con 1,771 sucursales en 785 municipios del pa\u00eds; en 170 son el \u00fanico banco con presencia. Reforma se refiere a la Cofeco, que encabeza Alejandra Palacios, como fuente de la acusaci\u00f3n de \u201cadjudicaciones directas\u201d. Palacios debe estar enfocada a promover la competencia donde 5 bancos concentran el mercado. Solamente con inclusi\u00f3n financiera y competencia leal, dijo Valenzuela, M\u00e9xico se transformar\u00e1 en el pa\u00eds que todos deseamos.<\/p>\n<p><strong>RESPONSABILIDAD SOCIAL CORPORATIVA<\/strong>: Grupo Mart\u00ed, bajo el liderazgo de Paul Smith M\u00e1rquez, entregar\u00e1 juguetes donados por Sport City, Tiendas Mart\u00ed y Emoci\u00f3n Deportiva. El CEO de Sport City, Agust\u00edn Adelantado entregar\u00e1 las donaciones a 300 ni\u00f1os de Fundaci\u00f3n PACO; Hogares providencia; Asilo Primavera y Hogar Dulce Hogar.<\/p>\n<p><a href=\"http:\/\/poderydinero.mx\" target=\"_blank\" rel=\"noopener\"><em>poderydinero.mx<\/em><\/a><em><b><br \/>\n<\/b><a href=\"mailto:vsanchezb@gmail.com\" target=\"_blank\" rel=\"noopener\">vsanchezb@gmail.com<br \/>\n<\/a><strong>Twitter:<\/strong><a href=\"https:\/\/twitter.com\/vsanchezbanos\" target=\"_blank\" rel=\"noopener\">@vsanchezbano<br \/>\n<\/a><strong>Facebook:\u00a0<\/strong><a href=\"https:\/\/www.facebook.com\/vsanchezbanos?fref=ts\" target=\"_blank\" rel=\"noopener\">vsanchezbano<\/a><\/em><\/p>\n","protected":false},"excerpt":{"rendered":"<p><span style=\"color: #005497;\"><strong>V\u00edctor S\u00e1nchez Ba\u00f1os<\/strong><\/span><br \/>\n<br \/>\nExpresarse es muy dif\u00edcil; a\u00fan para los pol\u00edticos m\u00e1s experimentados. Esto le pasa al gobernador de Michoac\u00e1n, Silvano Aureoles, quien deja m\u00e1s dudas que respuestas sobre el conflicto que generaron los maestros de la Coordinadora del Magisterio, CNTE, al bloquear las v\u00edas de ferrocarril que dan acceso al Puerto L\u00e1zaro C\u00e1rdenas, en aquella entidad.<\/p>\n","protected":false},"author":3,"featured_media":412995,"comment_status":"open","ping_status":"open","sticky":false,"template":"","format":"standard","meta":{"_monsterinsights_skip_tracking":false,"_monsterinsights_sitenote_active":false,"_monsterinsights_sitenote_note":"","_monsterinsights_sitenote_category":0,"footnotes":""},"categories":[38844],"tags":[43674,38847,38848],"class_list":["post-412936","post","type-post","status-publish","format-standard","has-post-thumbnail","hentry","category-victor-sanchez-banos","tag-opinion","tag-poder-y-dinero","tag-victor-sanchez-banos"],"_links":{"self":[{"href":"https:\/\/www.diarioimagen.net\/index.php?rest_route=\/wp\/v2\/posts\/412936","targetHints":{"allow":["GET"]}}],"collection":[{"href":"https:\/\/www.diarioimagen.net\/index.php?rest_route=\/wp\/v2\/posts"}],"about":[{"href":"https:\/\/www.diarioimagen.net\/index.php?rest_route=\/wp\/v2\/types\/post"}],"author":[{"embeddable":true,"href":"https:\/\/www.diarioimagen.net\/index.php?rest_route=\/wp\/v2\/users\/3"}],"replies":[{"embeddable":true,"href":"https:\/\/www.diarioimagen.net\/index.php?rest_route=%2Fwp%2Fv2%2Fcomments&post=412936"}],"version-history":[{"count":0,"href":"https:\/\/www.diarioimagen.net\/index.php?rest_route=\/wp\/v2\/posts\/412936\/revisions"}],"wp:featuredmedia":[{"embeddable":true,"href":"https:\/\/www.diarioimagen.net\/index.php?rest_route=\/wp\/v2\/media\/412995"}],"wp:attachment":[{"href":"https:\/\/www.diarioimagen.net\/index.php?rest_route=%2Fwp%2Fv2%2Fmedia&parent=412936"}],"wp:term":[{"taxonomy":"category","embeddable":true,"href":"https:\/\/www.diarioimagen.net\/index.php?rest_route=%2Fwp%2Fv2%2Fcategories&post=412936"},{"taxonomy":"post_tag","embeddable":true,"href":"https:\/\/www.diarioimagen.net\/index.php?rest_route=%2Fwp%2Fv2%2Ftags&post=412936"}],"curies":[{"name":"wp","href":"https:\/\/api.w.org\/{rel}","templated":true}]}}