{"id":412947,"date":"2019-01-30T00:07:58","date_gmt":"2019-01-30T06:07:58","guid":{"rendered":"https:\/\/www.diarioimagen.net\/?p=412947"},"modified":"2019-01-30T03:45:33","modified_gmt":"2019-01-30T09:45:33","slug":"emprende-tlalnepantla-novedosa-estrategia-contra-la-delincuencia","status":"publish","type":"post","link":"https:\/\/www.diarioimagen.net\/?p=412947","title":{"rendered":"Emprende Tlalnepantla novedosa estrategia contra la delincuencia"},"content":{"rendered":"<ul>\n<li><strong><em>\u201cRedes Vecinales por Cuadrante\u201d<\/em><\/strong><\/li>\n<\/ul>\n<p>&nbsp;<\/p>\n<div id=\"attachment_413017\" style=\"width: 470px\" class=\"wp-caption aligncenter\"><a href=\"https:\/\/www.diarioimagen.net\/?attachment_id=413017\" rel=\"attachment wp-att-413017\"><img loading=\"lazy\" decoding=\"async\" aria-describedby=\"caption-attachment-413017\" class=\"size-large wp-image-413017\" src=\"https:\/\/www.diarioimagen.net\/wp-content\/uploads\/2019\/01\/TLALNEPANTLA-30-460x259.jpg\" alt=\"\" width=\"460\" height=\"259\" srcset=\"https:\/\/www.diarioimagen.net\/wp-content\/uploads\/2019\/01\/TLALNEPANTLA-30-460x259.jpg 460w, https:\/\/www.diarioimagen.net\/wp-content\/uploads\/2019\/01\/TLALNEPANTLA-30-240x135.jpg 240w, https:\/\/www.diarioimagen.net\/wp-content\/uploads\/2019\/01\/TLALNEPANTLA-30-235x132.jpg 235w, https:\/\/www.diarioimagen.net\/wp-content\/uploads\/2019\/01\/TLALNEPANTLA-30-202x114.jpg 202w, https:\/\/www.diarioimagen.net\/wp-content\/uploads\/2019\/01\/TLALNEPANTLA-30-350x196.jpg 350w, https:\/\/www.diarioimagen.net\/wp-content\/uploads\/2019\/01\/TLALNEPANTLA-30-220x123.jpg 220w, https:\/\/www.diarioimagen.net\/wp-content\/uploads\/2019\/01\/TLALNEPANTLA-30-237x132.jpg 237w, https:\/\/www.diarioimagen.net\/wp-content\/uploads\/2019\/01\/TLALNEPANTLA-30.jpg 480w\" sizes=\"auto, (max-width: 460px) 100vw, 460px\" \/><\/a><p id=\"caption-attachment-413017\" class=\"wp-caption-text\">Habitantes de las colonias Prado Vallejo, Venustiano Carranza, Prensa Nacional y Ex Hacienda de Enmedio, sostuvieron un encuentro con personal de la Subdirecci\u00f3n de Prevenci\u00f3n del Delito y Participaci\u00f3n Ciudadana.<\/p><\/div>\n<p>&nbsp;<\/p>\n<p><strong>Tlalnepantla, Estado de M\u00e9xico<\/strong>.- Ante la crisis de inseguridad que vive Tlalnepantla de Baz, como el resto de los municipios del Estado de M\u00e9xico, vecinos de diversas colonias de esta demarcaci\u00f3n se reunieron con autoridades municipales, quienes presentaron las nuevas estrategias que implementa esta administraci\u00f3n para reducir la incidencia delictiva, como el programa \u201cRedes Vecinales por Cuadrante\u201d.<\/p>\n<p>Habitantes de las colonias Prado Vallejo, Venustiano Carranza, Prensa Nacional y Ex Hacienda de Enmedio, sostuvieron un encuentro con personal de la Subdirecci\u00f3n de Prevenci\u00f3n del Delito y Participaci\u00f3n Ciudadana, a quienes expresaron que en sus comunidades se han registrado robos a casa-habitaci\u00f3n y de veh\u00edculos, adem\u00e1s solicitaron se implementen rondines entre las 3 y 4 de la ma\u00f1ana, horario en el que m\u00e1s se registran hechos delictivos.<\/p>\n<p>Luego de escuchar sus problemas y peticiones, los elementos de Prevenci\u00f3n del Delito y Participaci\u00f3n Ciudadana, invitaron a la ciudadan\u00eda a participar en el programa \u201cRedes Vecinales por Cuadrante\u201d, mediante el cual los vecinos tienen comunicaci\u00f3n directa a trav\u00e9s de WhatsApp con elementos asignados a su zona, para que puedan reportar de manera inmediata alg\u00fan incidente de seguridad y recibir apoyo.<\/p>\n<p>Otros programas que se aplican en esta administraci\u00f3n son: \u201cRed de Mujeres\u201d y \u201cAlerta Tlalne\u201d, adem\u00e1s se cuenta con la C\u00e9lula de Polic\u00eda de G\u00e9nero, para prevenir y atender casos de violencia de este tipo; y con la C\u00e9lula de B\u00fasqueda de Mujeres, Ni\u00f1as y Ni\u00f1os Desaparecidos o Ausentes, la cual ayuda a localizar a personas extraviadas.<\/p>\n","protected":false},"excerpt":{"rendered":"<p>Ante la crisis de inseguridad que vive Tlalnepantla de Baz, como el resto de los municipios del Estado de M\u00e9xico, vecinos de diversas colonias de esta demarcaci\u00f3n se reunieron con autoridades municipales, quienes presentaron las nuevas estrategias que implementa esta administraci\u00f3n para reducir la incidencia delictiva, como el programa \u201cRedes Vecinales por Cuadrante\u201d.<\/p>\n","protected":false},"author":3,"featured_media":413017,"comment_status":"open","ping_status":"open","sticky":false,"template":"","format":"standard","meta":{"_monsterinsights_skip_tracking":false,"_monsterinsights_sitenote_active":false,"_monsterinsights_sitenote_note":"","_monsterinsights_sitenote_category":0,"footnotes":""},"categories":[35155],"tags":[8654,43675,169],"class_list":["post-412947","post","type-post","status-publish","format-standard","has-post-thumbnail","hentry","category-estado-de-mexico-estado-de-mexico","tag-delincuencia","tag-estado-de-mexico","tag-tlalnepantla"],"_links":{"self":[{"href":"https:\/\/www.diarioimagen.net\/index.php?rest_route=\/wp\/v2\/posts\/412947","targetHints":{"allow":["GET"]}}],"collection":[{"href":"https:\/\/www.diarioimagen.net\/index.php?rest_route=\/wp\/v2\/posts"}],"about":[{"href":"https:\/\/www.diarioimagen.net\/index.php?rest_route=\/wp\/v2\/types\/post"}],"author":[{"embeddable":true,"href":"https:\/\/www.diarioimagen.net\/index.php?rest_route=\/wp\/v2\/users\/3"}],"replies":[{"embeddable":true,"href":"https:\/\/www.diarioimagen.net\/index.php?rest_route=%2Fwp%2Fv2%2Fcomments&post=412947"}],"version-history":[{"count":0,"href":"https:\/\/www.diarioimagen.net\/index.php?rest_route=\/wp\/v2\/posts\/412947\/revisions"}],"wp:featuredmedia":[{"embeddable":true,"href":"https:\/\/www.diarioimagen.net\/index.php?rest_route=\/wp\/v2\/media\/413017"}],"wp:attachment":[{"href":"https:\/\/www.diarioimagen.net\/index.php?rest_route=%2Fwp%2Fv2%2Fmedia&parent=412947"}],"wp:term":[{"taxonomy":"category","embeddable":true,"href":"https:\/\/www.diarioimagen.net\/index.php?rest_route=%2Fwp%2Fv2%2Fcategories&post=412947"},{"taxonomy":"post_tag","embeddable":true,"href":"https:\/\/www.diarioimagen.net\/index.php?rest_route=%2Fwp%2Fv2%2Ftags&post=412947"}],"curies":[{"name":"wp","href":"https:\/\/api.w.org\/{rel}","templated":true}]}}