{"id":412948,"date":"2019-01-30T00:10:32","date_gmt":"2019-01-30T06:10:32","guid":{"rendered":"https:\/\/www.diarioimagen.net\/?p=412948"},"modified":"2019-01-30T01:10:50","modified_gmt":"2019-01-30T07:10:50","slug":"zacatecas-guanajuato-durango-san-luis-potosi-coahuila-y-aguascalientes-trabajaran-unidos-para-consolidar-el-corredor-turistico-del-centro-del-pais","status":"publish","type":"post","link":"https:\/\/www.diarioimagen.net\/?p=412948","title":{"rendered":"Zacatecas, Guanajuato, Durango, San Luis Potos\u00ed, Coahuila y Aguascalientes trabajar\u00e1n unidos para consolidar el corredor tur\u00edstico del centro del pa\u00eds"},"content":{"rendered":"<h2>De cinco estrellas<\/h2>\n<h5>Victoria Gonz\u00e1lez Prado<\/h5>\n<p>&nbsp;<\/p>\n<ul>\n<li><em><strong>Puerto Morelos logra importante acuerdo con empresa internacional de reservaciones de hospedaje<\/strong><\/em><\/li>\n<li><em><strong>M\u00e9xico le gusta a los europeos y Yucat\u00e1n con sus atractivos fue de los estados participantes en la Feria Internacional de Turismo<\/strong><\/em><\/li>\n<li><em><strong>La Sefotur Yucat\u00e1n, junto con el director del CPTQ, Dar\u00edo Flota, y la directora de Promoci\u00f3n de la Secretar\u00eda de Turismo de Campeche, Luciney Rodr\u00edguez, presentaron el Fondo Peninsular<\/strong><\/em><\/li>\n<\/ul>\n<p>&nbsp;<\/p>\n<div id=\"attachment_412951\" style=\"width: 470px\" class=\"wp-caption aligncenter\"><a href=\"https:\/\/www.diarioimagen.net\/?attachment_id=412951\" rel=\"attachment wp-att-412951\"><img loading=\"lazy\" decoding=\"async\" aria-describedby=\"caption-attachment-412951\" class=\"size-large wp-image-412951\" src=\"https:\/\/www.diarioimagen.net\/wp-content\/uploads\/2019\/01\/turismo-6-460x307.jpg\" alt=\"\" width=\"460\" height=\"307\" srcset=\"https:\/\/www.diarioimagen.net\/wp-content\/uploads\/2019\/01\/turismo-6-460x307.jpg 460w, https:\/\/www.diarioimagen.net\/wp-content\/uploads\/2019\/01\/turismo-6-240x160.jpg 240w, https:\/\/www.diarioimagen.net\/wp-content\/uploads\/2019\/01\/turismo-6.jpg 700w\" sizes=\"auto, (max-width: 460px) 100vw, 460px\" \/><\/a><p id=\"caption-attachment-412951\" class=\"wp-caption-text\">Zacatecas, presente en la Fitur 2019.<\/p><\/div>\n<p>&nbsp;<\/p>\n<p><strong>Madrid, Espa\u00f1a.-<\/strong> Zacatecas particip\u00f3 tambi\u00e9n en la Fitur 2019, junto con los destinos de la regi\u00f3n centro-norte: Guanajuato, Durango, San Luis Potos\u00ed, Coahuila y Aguascalientes, todos decidieron trabajar unidos durante este a\u00f1o, a fin de consolidar el corredor tur\u00edstico del centro del pa\u00eds y promocionar cada una de las entidades que lo conforman.<span class=\"Apple-converted-space\">\u00a0<\/span><\/p>\n<p>Durante esta participaci\u00f3n en la Fitur 2019 la delegaci\u00f3n de zacatecanos trabajar\u00e1 con operadores tur\u00edsticos de diferentes pa\u00edses para posicionar el corredor tur\u00edstico en paquetes vacacionales hacia nuestro pa\u00eds.<\/p>\n<p>Con este trabajo conjunto se busca atraer grupos de turistas que contemplen estad\u00edas de m\u00e1s de 15 d\u00edas en M\u00e9xico y que est\u00e9n en b\u00fasqueda de destinos culturales, \u00e1mbito que atrae a millones de turistas a\u00f1o con a\u00f1o a estos estados, gracias a la riqueza de sus tradiciones, gastronom\u00eda, y enorme oferta de museos, galer\u00edas y centros culturales.<span class=\"Apple-converted-space\">\u00a0<\/span><\/p>\n<p>Particularmente, Zacatecas se ha convertido en destino predilecto de los amantes de la cultura, de los buenos museos e incontables festivales de teatro, m\u00fasica y danza. Su capital, erigida en cantera rosa y considerada Patrimonio de la Humanidad, ofrece enorme diversidad de productos tur\u00edsticos basados en su tradici\u00f3n minera y enalteciendo sus ra\u00edces wixarikas.<span class=\"Apple-converted-space\">\u00a0<\/span><\/p>\n<p>Adem\u00e1s, la entidad cuenta con seis Pueblos M\u00e1gicos en los que la oferta tur\u00edstica es tambi\u00e9n interminable, desde paseos en carreta, recorrido por vi\u00f1edos y mezcaleras, hasta vuelos en globo y experiencias, como la arqueolog\u00eda sideral.<\/p>\n<p>Por su ubicaci\u00f3n, en el centro geogr\u00e1fico del pa\u00eds, Zacatecas ofrece sencilla conectividad a Ciudad de M\u00e9xico desde su aeropuerto local; adem\u00e1s, en los aeropuertos vecinos del estado de Aguascalientes y San Luis Potos\u00ed, a s\u00f3lo 90 minutos de la capital zacatecana, se puede volar f\u00e1cil desde y hacia Canc\u00fan y Puerto Vallarta. <span class=\"Apple-converted-space\">\u00a0<\/span><\/p>\n<p>\u2730\u2730\u2730\u2730\u2730 La Fitur se ha convertido en importante escaparate para M\u00e9xico y Puerto Morelos logr\u00f3 importante acuerdo con empresa internacional de reservaciones de hospedaje para potenciar la difusi\u00f3n de los peque\u00f1os y medianos hoteles del destino, mientras que en otra cita de negocios se pact\u00f3 reforzar la promoci\u00f3n dirigida el segmento de bodas, asegur\u00f3 <b>H\u00e9ctor Tamayo S\u00e1nchez<\/b>, director de Turismo,<span class=\"Apple-converted-space\">\u00a0<\/span><\/p>\n<p>Puerto Morelos busc\u00f3 los mayores beneficios y al sellar alianza con <b>Antonio Guerrero<\/b>, gerente de Relaciones Internacionales de <i>SolBooking<\/i>, una de las plataformas de reservaciones hoteleras m\u00e1s destacadas en la especialidad y orientada a destinos de sol y playa.<span class=\"Apple-converted-space\">\u00a0<\/span><\/p>\n<p>\u201cSe acord\u00f3 fortalecer la difusi\u00f3n de los hoteles de la zona centro de nuestro destino, que alcanzar\u00e1n mayor visibilidad en el mercado espa\u00f1ol y norteamericano\u201d, explic\u00f3 <b>Tamayo S\u00e1nchez<\/b>.<\/p>\n<p>La incursi\u00f3n a ese portal de reservaciones permitir\u00e1 incluir a otros prestadores de servicios, complementarios a la hoteler\u00eda, ofreciendo experiencias integrales en esta plataforma gratuita\u201d, subray\u00f3.<\/p>\n<p>Asimismo, <b>H\u00e9ctor Tamayo<\/b> inform\u00f3 de otra reuni\u00f3n con <b>Rosa Ornelas<\/b>, directora de Relaciones Internacionales y gubernamentales de <i>Zankyou Weddings, <\/i>empresa l\u00edder en el mercado de romance con especialidad en el \u00e1rea de bodas.<\/p>\n<p>\u201cNuestro objetivo es crecer m\u00e1s el segmento de turismo de bodas, por lo que se acord\u00f3 fortalecer las campa\u00f1as promocionales dirigidas al mercado europeo incluyendo: Espa\u00f1a, Francia y Alemania y otros pa\u00edses de Am\u00e9rica\u201d.<\/p>\n<p>\u2730\u2730\u2730\u2730\u2730 No hay duda que M\u00e9xico es pa\u00eds que le gusta a los europeos y Yucat\u00e1n, con sus atractivos, fue de los estados participantes en la Feria Internacional de Turismo donde vimos muy activa a la secretaria del ramo, Michelle Fridman,<span class=\"Apple-converted-space\">\u00a0 <\/span>quien particip\u00f3 en distintas actividades de promoci\u00f3n.<\/p>\n<p>La titular de Sefotur concret\u00f3 alrededor de 100 citas de negocios y visit\u00f3 las oficinas de la Organizaci\u00f3n Mundial de Turismo (OMT), que tiene se<b>lle Fridman,<span class=\"Apple-converted-space\">\u00a0 <\/span>qu<\/b>ien particip\u00f3 en distintas actividades de promoci\u00f3n.<\/p>\n<p>La titular de Sefotur concret\u00f3 alrededor de 100 citas de negocios y visit\u00f3 las oficinas de la Organizaci\u00f3n Mundial de Turismo (OMT), que tiene sede en esta capital espa\u00f1ola.<span class=\"Apple-converted-space\">\u00a0<\/span><\/p>\n<p>Junto con el gobernador de Yucat\u00e1n, <b>Mauricio Vila Dosal<\/b>, la titular de Turismo<span class=\"Apple-converted-space\">\u00a0 <\/span>particip\u00f3 en reuni\u00f3n con representantes de la industria tur\u00edstica, donde acord\u00f3 promover la atracci\u00f3n de inversiones privadas para detonar el crecimiento de esta actividad a favor de las familias de Yucat\u00e1n.<\/p>\n<p><b>Vila Dosal<\/b> sostuvo tambi\u00e9n reuniones con directivos de empresas tour operadoras, navieras y aerol\u00edneas, a quienes expuso las fortalezas tur\u00edsticas con que cuenta el estado con el prop\u00f3sito de buscar \u00e1reas de oportunidad para nuevas inversiones.<\/p>\n<p>Comparti\u00f3 los beneficios del nuevo paquete de est\u00edmulos fiscales para inversiones en infraestructura y servicios tur\u00edsticos en el interior del estado, que contempla la reducci\u00f3n de hasta 100 por ciento en impuestos y derechos en los primeros tres a\u00f1os de actividad tambi\u00e9n busc\u00f3 nuevas apuestas que generen empleos que mejoren la calidad de vida de los yucatecos.<span class=\"Apple-converted-space\">\u00a0<\/span><\/p>\n<p>De igual forma, esta entidad, junto con Quintana Roo y Campeche presentaron el primer paso de acci\u00f3n del plan \u201cYucat\u00e1n Pen\u00ednsula\u201d, en el que se dio a conocer el mapa informativo de la regi\u00f3n peninsular, que contempla los tres estados, con el objetivo de darlo a conocer de manera conjunta, al mercado europeo.<span class=\"Apple-converted-space\">\u00a0<\/span><\/p>\n<p>La Secretar\u00eda de Fomento Tur\u00edstico de Yucat\u00e1n, junto con el director del Consejo de Promoci\u00f3n Tur\u00edstica de Quintana Roo, <b>Dar\u00edo Flota<\/b>, y la directora de Promoci\u00f3n de la Secretar\u00eda de Turismo de Campeche, <b>Luciney Rodr\u00edguez<\/b>, presentaron el primer material promocional sobre ese Fondo Peninsular que involucrar\u00e1 diversas acciones de promoci\u00f3n tur\u00edstica regional.<\/p>\n<p>As\u00ed, durante la Fitur, se repartieron 5 mil ejemplares entre los socios comerciales, agentes de viajes, aerol\u00edneas y tour operadores de Espa\u00f1a, Portugal, Reino Unido, Francia, Alemania, Holanda, Dinamarca y, entre los m\u00e1s de 180 pa\u00edses que participaron en la feria considerada la segunda m\u00e1s importante del mundo en la industria tur\u00edstica.<\/p>\n<p>No faltaron reuniones de negocios de los representantes de Yucat\u00e1n, en el stand del estado, ubicado en el Pabell\u00f3n de M\u00e9xico, y hubo muestra gastron\u00f3mica a cargo del chef <b>David Cetina<\/b>, embajador gastron\u00f3mico de Yucat\u00e1n, que con tacos de \u2018cochinita pibil`, logr\u00f3 deleitar no s\u00f3lo a algunos de los profesionales que se acercaron al pabell\u00f3n de M\u00e9xico, tambi\u00e9n al titular de la Sectur, <b>Miguel Torruco Marqu\u00e9s;<\/b> la embajadora de M\u00e9xico en Espa\u00f1a, <b>Roberta Lojous;<\/b> el subsecretario de Calidad y Regulaci\u00f3n, <b>Humberto Hern\u00e1ndez Haddad <\/b>y los representantes de Yucat\u00e1n entre otros personas que \u2018casi dentro de la cocina\u00a8 comieron los deliciosos tacos de ese tradicional platillo yucateco, del que por cierto Yucat\u00e1n llev\u00f3, a decir del chef, 200 kilos de cochinita.<\/p>\n<p><em><a href=\"mailto:victoriagprado@gmail.com\" target=\"_blank\" rel=\"noopener\">victoriagprado@gmail.com<\/a><\/em><br \/>\n<em>Twitter: <a href=\"https:\/\/twitter.com\/victoriagprado\" target=\"_blank\" rel=\"noopener\">@victoriagprado<\/a><\/em><\/p>\n","protected":false},"excerpt":{"rendered":"<p>Zacatecas particip\u00f3 tambi\u00e9n en la Fitur 2019, junto con los destinos de la regi\u00f3n centro-norte: Guanajuato, Durango, San Luis Potos\u00ed, Coahuila y Aguascalientes, todos decidieron trabajar unidos durante este a\u00f1o, a fin de consolidar el corredor tur\u00edstico del centro del pa\u00eds y promocionar cada una de las entidades que lo conforman.\u00a0<\/p>\n","protected":false},"author":1,"featured_media":412951,"comment_status":"open","ping_status":"open","sticky":false,"template":"","format":"standard","meta":{"_monsterinsights_skip_tracking":false,"_monsterinsights_sitenote_active":false,"_monsterinsights_sitenote_note":"","_monsterinsights_sitenote_category":0,"footnotes":""},"categories":[11],"tags":[107,82361,43681,106],"class_list":["post-412948","post","type-post","status-publish","format-standard","has-post-thumbnail","hentry","category-turismo","tag-de-cinco-estrellas","tag-fitur-2019","tag-turismo","tag-victoria-gonzalez-prado"],"_links":{"self":[{"href":"https:\/\/www.diarioimagen.net\/index.php?rest_route=\/wp\/v2\/posts\/412948","targetHints":{"allow":["GET"]}}],"collection":[{"href":"https:\/\/www.diarioimagen.net\/index.php?rest_route=\/wp\/v2\/posts"}],"about":[{"href":"https:\/\/www.diarioimagen.net\/index.php?rest_route=\/wp\/v2\/types\/post"}],"author":[{"embeddable":true,"href":"https:\/\/www.diarioimagen.net\/index.php?rest_route=\/wp\/v2\/users\/1"}],"replies":[{"embeddable":true,"href":"https:\/\/www.diarioimagen.net\/index.php?rest_route=%2Fwp%2Fv2%2Fcomments&post=412948"}],"version-history":[{"count":0,"href":"https:\/\/www.diarioimagen.net\/index.php?rest_route=\/wp\/v2\/posts\/412948\/revisions"}],"wp:featuredmedia":[{"embeddable":true,"href":"https:\/\/www.diarioimagen.net\/index.php?rest_route=\/wp\/v2\/media\/412951"}],"wp:attachment":[{"href":"https:\/\/www.diarioimagen.net\/index.php?rest_route=%2Fwp%2Fv2%2Fmedia&parent=412948"}],"wp:term":[{"taxonomy":"category","embeddable":true,"href":"https:\/\/www.diarioimagen.net\/index.php?rest_route=%2Fwp%2Fv2%2Fcategories&post=412948"},{"taxonomy":"post_tag","embeddable":true,"href":"https:\/\/www.diarioimagen.net\/index.php?rest_route=%2Fwp%2Fv2%2Ftags&post=412948"}],"curies":[{"name":"wp","href":"https:\/\/api.w.org\/{rel}","templated":true}]}}