{"id":412950,"date":"2019-01-30T00:06:38","date_gmt":"2019-01-30T06:06:38","guid":{"rendered":"https:\/\/www.diarioimagen.net\/?p=412950"},"modified":"2019-01-30T03:47:10","modified_gmt":"2019-01-30T09:47:10","slug":"sin-las-mujeres-no-hay-sociedad-ruth-olvera","status":"publish","type":"post","link":"https:\/\/www.diarioimagen.net\/?p=412950","title":{"rendered":"\u201cSin las mujeres no hay sociedad\u201d: Ruth Olvera"},"content":{"rendered":"<p><a href=\"https:\/\/www.diarioimagen.net\/?attachment_id=413022\" rel=\"attachment wp-att-413022\"><img loading=\"lazy\" decoding=\"async\" class=\"aligncenter size-large wp-image-413022\" src=\"https:\/\/www.diarioimagen.net\/wp-content\/uploads\/2019\/01\/ATIZAPAN-30-460x259.jpg\" alt=\"\" width=\"460\" height=\"259\" srcset=\"https:\/\/www.diarioimagen.net\/wp-content\/uploads\/2019\/01\/ATIZAPAN-30-460x259.jpg 460w, https:\/\/www.diarioimagen.net\/wp-content\/uploads\/2019\/01\/ATIZAPAN-30-240x135.jpg 240w, https:\/\/www.diarioimagen.net\/wp-content\/uploads\/2019\/01\/ATIZAPAN-30-235x132.jpg 235w, https:\/\/www.diarioimagen.net\/wp-content\/uploads\/2019\/01\/ATIZAPAN-30-202x114.jpg 202w, https:\/\/www.diarioimagen.net\/wp-content\/uploads\/2019\/01\/ATIZAPAN-30-350x196.jpg 350w, https:\/\/www.diarioimagen.net\/wp-content\/uploads\/2019\/01\/ATIZAPAN-30-220x123.jpg 220w, https:\/\/www.diarioimagen.net\/wp-content\/uploads\/2019\/01\/ATIZAPAN-30-237x132.jpg 237w, https:\/\/www.diarioimagen.net\/wp-content\/uploads\/2019\/01\/ATIZAPAN-30.jpg 480w\" sizes=\"auto, (max-width: 460px) 100vw, 460px\" \/><\/a><\/p>\n<p>&nbsp;<\/p>\n<p><strong>Atizap\u00e1n, Estado de M\u00e9xico.-<\/strong> En el marco del primer D\u00eda Naranja del a\u00f1o, la presidenta municipal, Ruth Olvera Nieto, consider\u00f3: \u201clo cierto es que hoy todav\u00eda no se nos respeta\u201d, por lo que resalt\u00f3 la importancia del origen de esta fecha, donde el 25 de cada mes se invita a la reflexi\u00f3n y toma de acciones en la eliminaci\u00f3n de la violencia hacia las mujeres.<\/p>\n<p>\u201cY yo quisiera que no s\u00f3lo fuera hoy (el tomar conciencia), sino todos los d\u00edas\u2026 y pasar de la simple acci\u00f3n y discurso, a la realidad de las cosas\u201d.<\/p>\n<p>En este sentido destac\u00f3: \u201clas mujeres estamos mucho m\u00e1s all\u00e1 de un momento hist\u00f3rico en la sociedad. La sociedad tiene que aprender que las mujeres tenemos una eminente dignidad y que no pueden descalificarnos\u201d.<\/p>\n","protected":false},"excerpt":{"rendered":"<p>En el marco del primer D\u00eda Naranja del a\u00f1o, la presidenta municipal, Ruth Olvera Nieto, consider\u00f3: \u201clo cierto es que hoy todav\u00eda no se nos respeta\u201d, por lo que resalt\u00f3 la importancia del origen de esta fecha, donde el 25 de cada mes se invita a la reflexi\u00f3n y toma de acciones en la eliminaci\u00f3n de la violencia hacia las mujeres.<\/p>\n","protected":false},"author":3,"featured_media":413022,"comment_status":"open","ping_status":"open","sticky":false,"template":"","format":"standard","meta":{"_monsterinsights_skip_tracking":false,"_monsterinsights_sitenote_active":false,"_monsterinsights_sitenote_note":"","_monsterinsights_sitenote_category":0,"footnotes":""},"categories":[35155],"tags":[969,43675,82362],"class_list":["post-412950","post","type-post","status-publish","format-standard","has-post-thumbnail","hentry","category-estado-de-mexico-estado-de-mexico","tag-atizapan","tag-estado-de-mexico","tag-ruth-olvera"],"_links":{"self":[{"href":"https:\/\/www.diarioimagen.net\/index.php?rest_route=\/wp\/v2\/posts\/412950","targetHints":{"allow":["GET"]}}],"collection":[{"href":"https:\/\/www.diarioimagen.net\/index.php?rest_route=\/wp\/v2\/posts"}],"about":[{"href":"https:\/\/www.diarioimagen.net\/index.php?rest_route=\/wp\/v2\/types\/post"}],"author":[{"embeddable":true,"href":"https:\/\/www.diarioimagen.net\/index.php?rest_route=\/wp\/v2\/users\/3"}],"replies":[{"embeddable":true,"href":"https:\/\/www.diarioimagen.net\/index.php?rest_route=%2Fwp%2Fv2%2Fcomments&post=412950"}],"version-history":[{"count":0,"href":"https:\/\/www.diarioimagen.net\/index.php?rest_route=\/wp\/v2\/posts\/412950\/revisions"}],"wp:featuredmedia":[{"embeddable":true,"href":"https:\/\/www.diarioimagen.net\/index.php?rest_route=\/wp\/v2\/media\/413022"}],"wp:attachment":[{"href":"https:\/\/www.diarioimagen.net\/index.php?rest_route=%2Fwp%2Fv2%2Fmedia&parent=412950"}],"wp:term":[{"taxonomy":"category","embeddable":true,"href":"https:\/\/www.diarioimagen.net\/index.php?rest_route=%2Fwp%2Fv2%2Fcategories&post=412950"},{"taxonomy":"post_tag","embeddable":true,"href":"https:\/\/www.diarioimagen.net\/index.php?rest_route=%2Fwp%2Fv2%2Ftags&post=412950"}],"curies":[{"name":"wp","href":"https:\/\/api.w.org\/{rel}","templated":true}]}}