{"id":412984,"date":"2019-01-30T00:00:13","date_gmt":"2019-01-30T06:00:13","guid":{"rendered":"https:\/\/www.diarioimagen.net\/?p=412984"},"modified":"2019-01-30T03:25:37","modified_gmt":"2019-01-30T09:25:37","slug":"yeidckol-ve-mermado-su-poder-en-morena","status":"publish","type":"post","link":"https:\/\/www.diarioimagen.net\/?p=412984","title":{"rendered":"Yeidckol ve mermado su poder en Morena"},"content":{"rendered":"<h2>La Retaguardia<\/h2>\n<h5>Adriana Moreno Cordero<\/h5>\n<p>&nbsp;<\/p>\n<ul>\n<li><strong><em>Armenta dice que podr\u00eda ganar dos a uno\u00a0 -En Puebla, PAN se duerme<\/em><\/strong><\/li>\n<\/ul>\n<p>&nbsp;<\/p>\n<p>Desde hace ya varios d\u00edas, <strong>Yeidckol Polevnsky<\/strong> empieza a ver mermado su poder como dirigente del partido del presidente <strong>Andr\u00e9s Manuel L\u00f3pez Obrador<\/strong>, y todo, ni m\u00e1s ni menos que por el caso Puebla, donde la empresaria se ha empe\u00f1ado en imponer, por todos los medios a su alcance nuevamente como candidato de ese instituto pol\u00edtico a la gubernatura poblana, a <strong>Luis Miguel Barbosa Huerta<\/strong> y supuso que pod\u00eda hacerlo dada su cercan\u00eda con el Jefe del Ejecutivo que por lo visto, en el caso Puebla, le habr\u00eda dado \u201cmanga ancha\u201d.<\/p>\n<p>Sin embargo, adentro de su propio partido ya se le rebelaron a la dirigente morenista y le han pedido una y otra vez que saque las manos de ese proceso en lo que, si bien se mira, no tiene nada qu\u00e9 hacer.<\/p>\n<p>Ayer se reunieron legisladores federales y locales para hacerle un nuevo llamado a la se\u00f1ora Polevnsky, -que no le cay\u00f3 nada bien-, para que no violente el proceso para designar al pr\u00f3ximo candidato morenista al gobierno poblano.<\/p>\n<p>En este tenor, hay un dato digno de llamar la atenci\u00f3n.<\/p>\n<p>Resulta que, como se recordar\u00e1, hace unos d\u00edas, la propia l\u00edder partidista acept\u00f3 una posible alianza con el PRI, a la voz de que \u201cse oye mejor PRIMOR que PRIAN\u201d; de hecho, en temas dif\u00edciles como el de la aprobaci\u00f3n de la Guardia Nacional, en el Senado de la Rep\u00fablica, pri\u00edstas y morenistas han hecho p\u00fablica su decisi\u00f3n de no obstaculizar tal aprobaci\u00f3n.<\/p>\n<p>Entonces, el segundo ejemplo ser\u00eda precisamente el del caso Puebla, donde hace unos d\u00edas, se design\u00f3 gobernador interino a <strong>Guillermo Pacheco Pulido<\/strong>, que no fue muy bien visto por la oposici\u00f3n, l\u00e9ase, el PAN y los partidos que conformaron la coalici\u00f3n \u201cPor Puebla al Frente\u201d y el comentario era que los del Revolucionario Institucional\u00a0 y los de Morena, ya hab\u00edan sellado una alianza y por eso, qued\u00f3 como interino en el Palacio de Gobierno de la capital poblana, un pri\u00edsta.<\/p>\n<p>Pues bien, ayer, legisladores del estado y de otros tambi\u00e9n, como el chiapaneco <strong>Eduardo Ram\u00edrez<\/strong>, \u201cdestaparon\u201d como su posible candidato al senador <strong>Alejandro Armenta<\/strong>, quien desde hace algunas semanas ven\u00eda \u201chaciendo adobes\u201d al se\u00f1alar que convocar\u00e1 para su causa a todos los amigos que tiene en el PRI y lo m\u00e1s probable es que los sume, am\u00e9n de que asegura que su ventaja sobre el PAN, es de dos a uno. \u00bfSer\u00e1?<\/p>\n<p>Al parecer,\u00a0 otros aspirantes como la senadora <strong>Nancy de la Sierra<\/strong>\u00a0 se quedar\u00e1n en el camino, pues esta legisladora adem\u00e1s, se pleg\u00f3 a la decisi\u00f3n de Yeidckol Polevnsky sobre que Barbosa Huerta repita como candidato.<\/p>\n<p>Por lo visto, adem\u00e1s, todo indicar\u00eda que en el PAN \u201cse est\u00e1n durmiendo\u201d y no precisamente en sus laureles, pues Puebla es la oportunidad de oro que tienen para demostrar que son una oposici\u00f3n capaz de constituir un contrapeso importante ante la aplanadora morenista.<\/p>\n<p>El hecho de que la l\u00edder de Morena haya declarado que se oye mejor PRIMOR que PRIAN, no obsta para que en cualquier momento se enoje y violente porque los legisladores de su partido, de plano, se le est\u00e1n volteando y ya se saltaron las trancas, \u00bfo no?<\/p>\n<p style=\"text-align: center;\"><strong>Municiones<\/strong><\/p>\n<p>*** En San L\u00e1zaro, el Grupo Parlamentario del PRI, cuyo coordinador es <strong>Ren\u00e9 Ju\u00e1rez Cisneros<\/strong>, celebrar\u00e1 este jueves su segunda Reuni\u00f3n Plenaria, en la que construir\u00e1n la Agenda Legislativa para el Segundo Periodo Ordinario de Sesiones de la LXIV Legislatura. Coordinados por el diputado <strong>Ren\u00e9 Ju\u00e1rez Cisneros<\/strong>, los legisladores federales del PRI har\u00e1n un an\u00e1lisis de los temas prioritarios en la agenda nacional, as\u00ed como los de coyuntura, como \u00a0la Guardia Nacional; Art\u00edculo 19 Constitucional; Reforma Educativa; Pol\u00edtica Energ\u00e9tica; Consulta Popular y Revocaci\u00f3n de Mandato; Remuneraciones y Austeridad; Plan Nacional de Desarrollo y Sistema de Pensiones, entre otros.<\/p>\n<p>*** Mientras, en el Senado de la Rep\u00fablica, concluyeron los trabajos de su Reuni\u00f3n plenaria. El coordinador tricolor, <strong>Miguel \u00c1ngel Osorio Chong<\/strong>, dijo que un tema prioritario para los legisladores de su bancada en el segundo periodo del primer a\u00f1o de ejercicio de la LXIV Legislatura, ser\u00e1 el de la Guardia Nacional, por lo que los pri\u00edstas se declaran dispuestos para la discusi\u00f3n de esa iniciativa del gobierno federal.<\/p>\n<p>*** A quien ya le urge que se renueve la dirigencia del PRI, es a <strong>Ivonne Ortega Pacheco<\/strong> y hasta el m\u00e9todo propuso: consulta abierta a las bases.\u00a0 Mediante un video, la ex gobernadora de Yucat\u00e1n habl\u00f3 sobre la importancia de que el PRI vuelva a escuchar y abrirle los espacios a su militancia. Sin duda es urgente que los tricolores aprendan de las experiencias. \u201cEstoy convencida que ese es el mejor camino si queremos mantener la confianza de nuestros militantes y recuperar al PRI\u201d.<\/p>\n<p>*** Pues resulta que el gobierno de la Ciudad de M\u00e9xico, encabezado por <strong>Claudia Sheinbaum<\/strong>, poco o nada sabe que el programa \u201cEl M\u00e9dico en Tu Casa\u201d, est\u00e1 convertido en ley. Al igual que la \u201cPensi\u00f3n para Adultos Mayores\u201d, el citado programa para atender a madres solteras, personas mayores, discapacitados, enfermos terminales y postrados, es obligatorio para las autoridades.<\/p>\n<p>Sin embargo, hace unos d\u00edas, \u201ccon bombo y platillo\u201d la jefa de gobierno anunci\u00f3 la desaparici\u00f3n del exitoso programa reconocido por organismos internacionales, y replicado en 12 estados de la Rep\u00fablica y 13 pa\u00edses de Latinoam\u00e9rica, Europa y Asia.<\/p>\n<p>\u00bfAs\u00ed de plano de un plumazo Sheinbaum borrar\u00e1 el reconocido programa \u201cEl M\u00e9dico en Tu Casa\u201d?<\/p>\n<p>Todo indica que al igual que su jefe, Sheinbaum Pardo est\u00e1 cobrando facturas y ah\u00ed est\u00e1 que el que lo puso en marcha fue el hoy senador, <strong>Miguel Angel Mancera<\/strong> que fue su antecesor en la Jefatura de Gobierno capitalino.<\/p>\n<p>\u00bfAcaso, no recuerda la funcionaria capitalina que la bancada de Morena, encabezada en aquellos entonces por <strong>C\u00e9sar Cravioto<\/strong>, vot\u00f3 un\u00e1nimemente por hacer ley la iniciativa presentada por la diputada <strong>Nora Arias Contreras<\/strong>?<\/p>\n<p>Peor a\u00fan, \u00bfdesconoce la se\u00f1ora Sheinbaum que para modificar el programa, debe enviar una iniciativa de reforma a la Ley de Salud de la Ciudad de M\u00e9xico?<\/p>\n<p>El anuncio realizado, se\u00f1ala que el nuevo programa \u201cSalud en Tu Vida\u201d, s\u00f3lo se ocupar\u00e1 de los adultos mayores. Y, \u00bfqu\u00e9 pasar\u00e1 entonces con los dem\u00e1s beneficiarios?, que por cierto, son tambi\u00e9n poblaci\u00f3n marginada y desprotegida: madres embarazadas, discapacitados, enfermos terminales y postrados. \u00bfLa Comisi\u00f3n de Derechos Humanos de la Ciudad de M\u00e9xico, a cargo <strong>de Nashieli Ram\u00edrez Hern\u00e1ndez<\/strong>, ya habr\u00e1 tomado cartas en el asunto?<\/p>\n<p><u><\/u><a href=\"mailto:morcora@gmail.com\" target=\"_blank\" rel=\"noopener\"><em>morcora@gmail.com<\/em><\/a><\/p>\n","protected":false},"excerpt":{"rendered":"<p><span style=\"color: #005497;\"><strong>Adriana Moreno Cordero<\/strong><\/span><\/p>\n","protected":false},"author":3,"featured_media":0,"comment_status":"open","ping_status":"open","sticky":false,"template":"","format":"standard","meta":{"_monsterinsights_skip_tracking":false,"_monsterinsights_sitenote_active":false,"_monsterinsights_sitenote_note":"","_monsterinsights_sitenote_category":0,"footnotes":""},"categories":[69370],"tags":[69369,69368,43674],"class_list":["post-412984","post","type-post","status-publish","format-standard","hentry","category-adriana-moreno-cordero","tag-adriana-moreno-cordero","tag-la-retaguardia","tag-opinion"],"_links":{"self":[{"href":"https:\/\/www.diarioimagen.net\/index.php?rest_route=\/wp\/v2\/posts\/412984","targetHints":{"allow":["GET"]}}],"collection":[{"href":"https:\/\/www.diarioimagen.net\/index.php?rest_route=\/wp\/v2\/posts"}],"about":[{"href":"https:\/\/www.diarioimagen.net\/index.php?rest_route=\/wp\/v2\/types\/post"}],"author":[{"embeddable":true,"href":"https:\/\/www.diarioimagen.net\/index.php?rest_route=\/wp\/v2\/users\/3"}],"replies":[{"embeddable":true,"href":"https:\/\/www.diarioimagen.net\/index.php?rest_route=%2Fwp%2Fv2%2Fcomments&post=412984"}],"version-history":[{"count":0,"href":"https:\/\/www.diarioimagen.net\/index.php?rest_route=\/wp\/v2\/posts\/412984\/revisions"}],"wp:attachment":[{"href":"https:\/\/www.diarioimagen.net\/index.php?rest_route=%2Fwp%2Fv2%2Fmedia&parent=412984"}],"wp:term":[{"taxonomy":"category","embeddable":true,"href":"https:\/\/www.diarioimagen.net\/index.php?rest_route=%2Fwp%2Fv2%2Fcategories&post=412984"},{"taxonomy":"post_tag","embeddable":true,"href":"https:\/\/www.diarioimagen.net\/index.php?rest_route=%2Fwp%2Fv2%2Ftags&post=412984"}],"curies":[{"name":"wp","href":"https:\/\/api.w.org\/{rel}","templated":true}]}}