{"id":413003,"date":"2019-01-30T00:04:44","date_gmt":"2019-01-30T06:04:44","guid":{"rendered":"https:\/\/www.diarioimagen.net\/?p=413003"},"modified":"2019-01-30T03:41:09","modified_gmt":"2019-01-30T09:41:09","slug":"contra-salinas-y-aureoles","status":"publish","type":"post","link":"https:\/\/www.diarioimagen.net\/?p=413003","title":{"rendered":"Contra Salinas y Aureoles"},"content":{"rendered":"<h2>Espacio Electoral<\/h2>\n<h5>Eleazar Flores<\/h5>\n<p>&nbsp;<\/p>\n<p><strong>\u00bfQUI\u00c9N SEGUIR\u00c1?<\/strong> A manera de respuesta justificante a Transparencia Internacional que baja a M\u00e9xico del lugar 135 al 138 de pa\u00edses azotados por la corrupci\u00f3n -de un total de 180 naciones-, el presidente Andr\u00e9s Manuel L\u00f3pez Obrador culp\u00f3 de esto al ex presidente Carlos Salinas de Gortari.<\/p>\n<p>Que se sepa, el ex tesorero del entonces GDF Ponce y el profesor Bejarano no pertenecen a la generaci\u00f3n pol\u00edtica del sexenio salinista 1988-1994. \u00bfLe correr\u00edan el calendario al tabasque\u00f1o?<\/p>\n<p>Ampliando su comentario ma\u00f1anero y respondiendo a los madrugadores reporteros de la fuente de la cuarta transformaci\u00f3n, L\u00f3pez Obrador dijo que el pueblo es bueno -\u00bftanto o m\u00e1s que los de la CNTE, que bloquean v\u00edas f\u00e9rreas, o los de Oaxaca, que han iniciado problemas?-, pero los malos son los de la clase pol\u00edtica gobernante, as\u00ed como la c\u00fapula del poder econ\u00f3mico.<\/p>\n<p>Se supone que el Presidente se refiri\u00f3 a la clase pol\u00edtica y c\u00fapula del poder econ\u00f3mico de antes, me niego a pensar que haya incluido a los puros y c\u00e9libes de ahora en ambos bandos.<\/p>\n<p>Pero resulta que casos de corrupci\u00f3n\u00a0 que trascendieron las fronteras de la pol\u00edtica y hasta del pa\u00eds, generacionalmente no corresponden al periodo del \u201cinnombrable\u201d, calificativo con el cual se refer\u00eda L\u00f3pez Obrador al sexenio de Carlos Salinas de Gortari. Tanto el ex tesorero del GDF, Gustavo Ponce Mel\u00e9ndez y al profesor Ren\u00e9 Bejarano, son m\u00e1s \u201cj\u00f3venes\u201d.<\/p>\n<p>Ponce era tesorero del entonces jefe de gobierno, Andr\u00e9s Manuel L\u00f3pez Obrador y Ren\u00e9 Bejarano era su secretario particular, cuando surgi\u00f3 el sobrenombre del \u201cSe\u00f1or de las ligas\u201d.<\/p>\n<p>Como ver\u00e1, la corrupci\u00f3n m\u00e1s que definici\u00f3n conceptual como la inculca el Presidente, es cosa de conductas indebidas y se ha infiltrado como la humedad, salvo lo que opine ya saben qui\u00e9n.<\/p>\n<p><strong>MICHOAC\u00c1N<\/strong>-. Sin importar desvirtuar sus intenciones, los integrantes de la CNTE ignoraron el llamado presidencial de desbloquear las v\u00edas f\u00e9rreas e incluso dijeron ir \u201cpor m\u00e1s\u201d, por lo que L\u00f3pez Obrador abiertamente desenvain\u00f3 la espada contra del gobernador Silvano Aureoles por viajar a Espa\u00f1a -por cierto tierra de los mayores del Presidente-, y no quedarse a trabajar.<\/p>\n<p>Aureoles form\u00f3 parte de una quinteta de mandatarios que viajaron a Espa\u00f1a para asistir la feria tur\u00edstica, con la finalidad de promover sus entidades. A todos los mandatarios se les elogi\u00f3 el viaje promotor -incluso el del conflictivo Guerrero-, menos al de Michoac\u00e1n, por lo que los analistas ya detectan pleito personal AMLO-Aureoles.<\/p>\n<p>Veremos la actitud presidencial hacia el gobernador Murat, quien se ha esmerado en atenciones hacia el tabasque\u00f1o en las ocasiones que han tenido encuentros. La CNTE oaxaque\u00f1a afila armas para sacar\u00a0 ventajas.<\/p>\n<p><a href=\"mailto:elefa44@gmail.com\" target=\"_blank\" rel=\"noopener\"><em>elefa44@gmail.com<\/em><\/a><\/p>\n","protected":false},"excerpt":{"rendered":"<p><span style=\"color: #005497;\"><strong>Eleazar Flores<\/strong><\/span><\/p>\n","protected":false},"author":3,"featured_media":0,"comment_status":"open","ping_status":"open","sticky":false,"template":"","format":"standard","meta":{"_monsterinsights_skip_tracking":false,"_monsterinsights_sitenote_active":false,"_monsterinsights_sitenote_note":"","_monsterinsights_sitenote_category":0,"footnotes":""},"categories":[81743],"tags":[81744,81776,43674],"class_list":["post-413003","post","type-post","status-publish","format-standard","hentry","category-eleazar-flores","tag-eleazar-flores","tag-espacio-electoral","tag-opinion"],"_links":{"self":[{"href":"https:\/\/www.diarioimagen.net\/index.php?rest_route=\/wp\/v2\/posts\/413003","targetHints":{"allow":["GET"]}}],"collection":[{"href":"https:\/\/www.diarioimagen.net\/index.php?rest_route=\/wp\/v2\/posts"}],"about":[{"href":"https:\/\/www.diarioimagen.net\/index.php?rest_route=\/wp\/v2\/types\/post"}],"author":[{"embeddable":true,"href":"https:\/\/www.diarioimagen.net\/index.php?rest_route=\/wp\/v2\/users\/3"}],"replies":[{"embeddable":true,"href":"https:\/\/www.diarioimagen.net\/index.php?rest_route=%2Fwp%2Fv2%2Fcomments&post=413003"}],"version-history":[{"count":0,"href":"https:\/\/www.diarioimagen.net\/index.php?rest_route=\/wp\/v2\/posts\/413003\/revisions"}],"wp:attachment":[{"href":"https:\/\/www.diarioimagen.net\/index.php?rest_route=%2Fwp%2Fv2%2Fmedia&parent=413003"}],"wp:term":[{"taxonomy":"category","embeddable":true,"href":"https:\/\/www.diarioimagen.net\/index.php?rest_route=%2Fwp%2Fv2%2Fcategories&post=413003"},{"taxonomy":"post_tag","embeddable":true,"href":"https:\/\/www.diarioimagen.net\/index.php?rest_route=%2Fwp%2Fv2%2Ftags&post=413003"}],"curies":[{"name":"wp","href":"https:\/\/api.w.org\/{rel}","templated":true}]}}