{"id":413266,"date":"2019-02-01T00:01:21","date_gmt":"2019-02-01T06:01:21","guid":{"rendered":"https:\/\/www.diarioimagen.net\/?p=413266"},"modified":"2019-02-01T05:14:51","modified_gmt":"2019-02-01T11:14:51","slug":"fitur-reunio-a-142-mil-642-compradores-internacionales","status":"publish","type":"post","link":"https:\/\/www.diarioimagen.net\/?p=413266","title":{"rendered":"Fitur reuni\u00f3 a 142 mil 642 compradores internacionales"},"content":{"rendered":"<h2>De cinco estrellas<\/h2>\n<h5>Victoria Gonz\u00e1lez Prado<\/h5>\n<p>&nbsp;<\/p>\n<p>&nbsp;<\/p>\n<ul>\n<li><em><strong>Cifra que marc\u00f3 crecimiento del 8.9%, y a representantes de 10 mil 487 empresas y entes oficiales de 165 pa\u00edses<\/strong><\/em><\/li>\n<li><em><strong>Chihuahua, con comitiva integrada por distintos operadores tur\u00edsticos, el Fideicomiso de Promoci\u00f3n Tur\u00edstica Ah Chihuahua y la direcci\u00f3n de Turismo de la entidad, en la feria<\/strong><\/em><\/li>\n<li><strong><em> El corporativo tur\u00edstico <\/em>Best Day Travel Group<em>, atend\u00f3 m\u00e1s de 150 eventos con personalidades y ejecutivos de instituciones y compa\u00f1\u00edas de turismo<\/em><\/strong><\/li>\n<\/ul>\n<p>&nbsp;<\/p>\n<div id=\"attachment_413354\" style=\"width: 470px\" class=\"wp-caption aligncenter\"><a href=\"https:\/\/www.diarioimagen.net\/?attachment_id=413354\" rel=\"attachment wp-att-413354\"><img loading=\"lazy\" decoding=\"async\" aria-describedby=\"caption-attachment-413354\" class=\"size-large wp-image-413354\" src=\"https:\/\/www.diarioimagen.net\/wp-content\/uploads\/2019\/02\/CINCO-ESTRELLAS-460x259.jpg\" alt=\"\" width=\"460\" height=\"259\" srcset=\"https:\/\/www.diarioimagen.net\/wp-content\/uploads\/2019\/02\/CINCO-ESTRELLAS-460x259.jpg 460w, https:\/\/www.diarioimagen.net\/wp-content\/uploads\/2019\/02\/CINCO-ESTRELLAS-240x135.jpg 240w, https:\/\/www.diarioimagen.net\/wp-content\/uploads\/2019\/02\/CINCO-ESTRELLAS-235x132.jpg 235w, https:\/\/www.diarioimagen.net\/wp-content\/uploads\/2019\/02\/CINCO-ESTRELLAS-202x114.jpg 202w, https:\/\/www.diarioimagen.net\/wp-content\/uploads\/2019\/02\/CINCO-ESTRELLAS-350x196.jpg 350w, https:\/\/www.diarioimagen.net\/wp-content\/uploads\/2019\/02\/CINCO-ESTRELLAS-220x123.jpg 220w, https:\/\/www.diarioimagen.net\/wp-content\/uploads\/2019\/02\/CINCO-ESTRELLAS-237x132.jpg 237w, https:\/\/www.diarioimagen.net\/wp-content\/uploads\/2019\/02\/CINCO-ESTRELLAS.jpg 480w\" sizes=\"auto, (max-width: 460px) 100vw, 460px\" \/><\/a><p id=\"caption-attachment-413354\" class=\"wp-caption-text\">Un \u00e9xito, la Feria Internacional de Turismo en Madrid, inaugurada por los reyes de Espa\u00f1a.<\/p><\/div>\n<p>&nbsp;<\/p>\n<p><strong>Madrid, Espa\u00f1a<\/strong>.- En la 39\u00aa edici\u00f3n de la Feria Internacional de Turismo, y seg\u00fan datos dados a conocer por Ifema, empresa organizadora del evento, Fitur reuni\u00f3 a 142 mil 642 compradores internacionales, cifra que marc\u00f3 crecimiento del 8.9 por ciento, y a representantes de 10 mil 487 empresas y entes oficiales de 165 pa\u00edses y regiones (+8.3 por ciento), mientras que fueron 49 mil 711 las citas de negocios generadas a trav\u00e9s de la agenda oficial.<\/p>\n<p>Asimismo, Ifema estim\u00f3 que m\u00e1s de 100 mil consumidores visitaron la feria durante el fin de semana, en tanto que todo este movimiento se tradujo en un impacto econ\u00f3mico cercano a los 325 millones de euros para las arcas de la capital espa\u00f1ola.<\/p>\n<p>De esta forma, la Feria Internacional de Turismo 2019, concluy\u00f3 con un 55 por ciento de cuota de participaci\u00f3n internacional (+11 por ciento), liderado por un aumento de inscripciones de \u00c1frica (15 por ciento) y Europa (13 por ciento).<\/p>\n<p>En coincidencia con la buena salud del sector tur\u00edstico, tanto en Espa\u00f1a como a nivel internacional, la Fitur, un a\u00f1o m\u00e1s ha sido inaugurada por los reyes de Espa\u00f1a, ha vuelto a demostrar su capacidad de representaci\u00f3n en edici\u00f3n que ha situado a Madrid en el foco de atenci\u00f3n de toda la comunidad tur\u00edstica internacional.<\/p>\n<p>Destaca, adem\u00e1s, la elevada actividad de negocio concentrada en las jornadas profesionales con una agenda que ha generado 9 mil 150 reuniones B2B con compradores internacionales, resultado de los encuentros organizados por la Fitur en su <em>Workshop Hosted Buyer<\/em>, los programas\u00a0 B2B de Investur y Fitur Salud, a los que se ha sumado este a\u00f1o Fitur MICE, el nuevo espacio de <em>networking,<\/em> especializado en el turismo de incentivos, reuniones y <em>business travel,<\/em> puesto en marcha en colaboraci\u00f3n con <em>GSAR Marketing<\/em>, as\u00ed como 49 mil 711 citas solicitadas en la agenda digital y miles de encuentros bilaterales llevados a cabo en los propios stands.<\/p>\n<p>La Fitur tambi\u00e9n recibi\u00f3 cerca de 700 diferentes autoridades, entre ministros de 62 pa\u00edses, embajadores y representantes del todo el mundo, presidentes y consejeros de todas las Comunidades Aut\u00f3nomas, y se acreditaron m\u00e1s de 7 mil 500 periodistas de 68 pa\u00edses.<\/p>\n<p>De las novedades de esta edici\u00f3n, cabe se\u00f1alar el despliegue de Rep\u00fablica Dominicana, como pa\u00eds Socio Fitur, con la presencia de 32 empresas en su stand, y gran visibilidad de la marca \u201cLo Tiene Todo\u201c que se ha saldado con cientos de reuniones de negocios, especialmente con agencias de viajes y touroperadores.<\/p>\n<p>Otra de las grandes novedades fue la presentaci\u00f3n del <em>Observatorio Ftur Next<\/em>,\u00a0 que en los pr\u00f3ximos tres a\u00f1os actuar\u00e1 de plataforma para identificar, analizar y divulgar los modelos de turismo que generen impacto positivo en las experiencias de los visitantes, las vidas de los residentes, el desarrollo de los destinos y el equilibrio del planeta.<\/p>\n<p>Tambi\u00e9n ha sido novedad la presentaci\u00f3n de la nueva secci\u00f3n monogr\u00e1fica Fitur Cine, dedicada a conectar la industria tur\u00edstica con la cinematogr\u00e1fica, y Fitur es m\u00fasica, festival de m\u00fasica urbana y alternativa celebrado en el marco de la Fitur Festivales, con doble programaci\u00f3n de m\u00fasica en directo.<\/p>\n<p>En el cap\u00edtulo de tecnolog\u00eda y turismo inteligente, las secciones <em>FiturtechY 2019,<\/em> y <em>Fitur Know-How &amp; Export<\/em>, reunieron soluciones y propuestas\u00a0 de aut\u00e9ntica vanguardia; Fitur Gay (LGBT+), se desarroll\u00f3 bajo el lema \u201c50 Aniversario <em>Stonewall New York,<\/em> y Fitur Salud destac\u00f3 por el crecimiento de la presencia internacional, en paralelo al desarrollo global del turismo sanitario.<\/p>\n<p>As\u00ed, la feria consolida, adem\u00e1s, su liderazgo en la estrategia de comunicaci\u00f3n en redes sociales de ferias de turismo, llegando a alcanzar a m\u00e1s 84 millones de usuarios en redes sociales. La feria tuvo activos a casi 15 mil usuarios que publicaron en <em>Twitter. <\/em><\/p>\n<p>La pr\u00f3xima edici\u00f3n de la Fitur, se celebrar\u00e1 del 22 al 26 de enero del 2020, bajo la nueva direcci\u00f3n de <strong>Mar\u00eda Valc\u00e1rcel<\/strong>, que toma el relevo de <strong>Ana Larra\u00f1aga<\/strong>, qui\u00e9n tras 18 a\u00f1os dirigiendo la Fitur, ahora pasa a formar parte del Comit\u00e9 de Direcci\u00f3n de Ifema y a dirigir la unidad de Negocio Ferial.<\/p>\n<p><strong>Mar\u00eda Valc\u00e1rcel <\/strong>ha desarrollado toda su carrera profesional en Ifema dirigiendo, primero, el grupo de ferias del mundo del motor y la cartera de ferias industriales a las que se han ido sumando distintas citas. En la actualidad, adem\u00e1s de la Fitur dirige las ferias Climatizaci\u00f3n y refrigeraciu\u00f3n, <em>Genera, Sicur y Smart Doors<\/em>.<\/p>\n<p>\u2730\u2730\u2730\u2730\u2730 El estado m\u00e1s grande de M\u00e9xico, Chihuahua, estuvo en esta Feria Internacional de Turismo, con comitiva integrada por distintos operadores tur\u00edsticos, el Fideicomiso de Promoci\u00f3n Tur\u00edstica Ah Chihuahua y encabezada por <strong>Jes\u00fas Mesta Fitzmaurice<\/strong>, subsecretario de Innovaci\u00f3n y Desarrollo Econ\u00f3mico y <strong>Nathalie Desplas,<\/strong> directora de Turismo de la entidad.<\/p>\n<p>Por parte de los operadores tur\u00edsticos participantes: se report\u00f3 nutrida agenda de citas y oportunidades para promover las actividades y atractivos tur\u00edsticos del destino en sus tres principales regiones: Ciudad Ju\u00e1rez, Chihuahua y Barrancas del Cobre.<\/p>\n<p>En cuanto al Fideicomiso de Promoci\u00f3n Tur\u00edstica Ah Chihuahua atendieron m\u00e1s de cincuenta citas en la agenda preestablecida de Fitur Mitm. Lo que permiti\u00f3 promover al destino ante agencias provenientes de Rusia, Letonia, T\u00fanez, Beijing, \u00c1frica y Francia.<\/p>\n<p>\u2730\u2730\u2730\u2730\u2730 El Corporativo tur\u00edstico <em>Best Day Travel Group,<\/em> demostr\u00f3 estar a la vanguardia y ser uno de los principales l\u00edderes en turismo. Los ejecutivos de la marca que estuvieron presentes aqu\u00ed en Madrid, atendieron m\u00e1s de 150 eventos con personalidades y ejecutivos de instituciones y compa\u00f1\u00edas de turismo, durante las cuales se concretaron relevantes acuerdos para las l\u00edneas de negocio <em>B2B<\/em> y <em>B2C<\/em> de la empresa.<\/p>\n<p><strong>Juli\u00e1n Balbuena<\/strong>, presidente del Consejo de Administraci\u00f3n del grupo dijo: \u201cpara nosotros es gran oportunidad participar en esta feria pues logramos vincular nuestra oferta de productos tur\u00edsticos ante potenciales compradores<em> y <\/em>afianzamos relaciones comerciales con actuales clientes\u201d.<\/p>\n<p>La marca contin\u00faa su labor estrat\u00e9gica de crecimiento y consolidaci\u00f3n como empresa l\u00edder a nivel internacional, por lo que la Fitur continua siendo el espacio de exposici\u00f3n perfecto para asumir, con mayor \u00edmpetu, el compromiso de fortalecer la comercializaci\u00f3n y promoci\u00f3n de sus servicios tur\u00edsticos.<\/p>\n<p>En paralelo se llevaron a cabo actividades como el V Foro de Innovaci\u00f3n Tur\u00edstica Hotusa Explora, donde el <strong>Balbuena <\/strong>particip\u00f3 en la mesa de di\u00e1logo sobre \u201cEstrategias para la comercializaci\u00f3n de productos tur\u00edsticos en un escenario global y digitalizado\u201d.<\/p>\n<p>En el marco de esta feria, el grupo reforz\u00f3 su sinergia con los gobiernos federal, estatal y municipal de M\u00e9xico, as\u00ed como con empresas y dependencias tur\u00edsticas de diferentes latitudes del mundo con la visi\u00f3n de fortalecer el turismo en los destinos mexicanos a corto y mediano plazos.<\/p>\n<p><strong>\u201cEl \u00c1ngel de la Fama tiene sus alas hechas de papel&#8230; peri\u00f3dico\u201d.<\/strong><\/p>\n<p><em><a href=\"mailto:victoriagprado@gmail.com\" target=\"_blank\" rel=\"noopener\">victoriagprado@gmail.com<\/a><\/em><br \/>\n<em>Twitter: <a href=\"https:\/\/twitter.com\/victoriagprado\" target=\"_blank\" rel=\"noopener\">@victoriagprado<\/a><\/em><\/p>\n","protected":false},"excerpt":{"rendered":"<p>En la 39\u00aa edici\u00f3n de la Feria Internacional de Turismo, y seg\u00fan datos dados a conocer por Ifema, empresa organizadora del evento, Fitur reuni\u00f3 a 142 mil 642 compradores internacionales, cifra que marc\u00f3 crecimiento del 8.9 por ciento, y a representantes de 10 mil 487 empresas y entes oficiales de 165 pa\u00edses y regiones (+8.3 por ciento), mientras que fueron 49 mil 711 las citas de negocios generadas a trav\u00e9s de la agenda oficial.<\/p>\n","protected":false},"author":3,"featured_media":413354,"comment_status":"open","ping_status":"open","sticky":false,"template":"","format":"standard","meta":{"_monsterinsights_skip_tracking":false,"_monsterinsights_sitenote_active":false,"_monsterinsights_sitenote_note":"","_monsterinsights_sitenote_category":0,"footnotes":""},"categories":[11],"tags":[107,43674,43681,106],"class_list":["post-413266","post","type-post","status-publish","format-standard","has-post-thumbnail","hentry","category-turismo","tag-de-cinco-estrellas","tag-opinion","tag-turismo","tag-victoria-gonzalez-prado"],"_links":{"self":[{"href":"https:\/\/www.diarioimagen.net\/index.php?rest_route=\/wp\/v2\/posts\/413266","targetHints":{"allow":["GET"]}}],"collection":[{"href":"https:\/\/www.diarioimagen.net\/index.php?rest_route=\/wp\/v2\/posts"}],"about":[{"href":"https:\/\/www.diarioimagen.net\/index.php?rest_route=\/wp\/v2\/types\/post"}],"author":[{"embeddable":true,"href":"https:\/\/www.diarioimagen.net\/index.php?rest_route=\/wp\/v2\/users\/3"}],"replies":[{"embeddable":true,"href":"https:\/\/www.diarioimagen.net\/index.php?rest_route=%2Fwp%2Fv2%2Fcomments&post=413266"}],"version-history":[{"count":0,"href":"https:\/\/www.diarioimagen.net\/index.php?rest_route=\/wp\/v2\/posts\/413266\/revisions"}],"wp:featuredmedia":[{"embeddable":true,"href":"https:\/\/www.diarioimagen.net\/index.php?rest_route=\/wp\/v2\/media\/413354"}],"wp:attachment":[{"href":"https:\/\/www.diarioimagen.net\/index.php?rest_route=%2Fwp%2Fv2%2Fmedia&parent=413266"}],"wp:term":[{"taxonomy":"category","embeddable":true,"href":"https:\/\/www.diarioimagen.net\/index.php?rest_route=%2Fwp%2Fv2%2Fcategories&post=413266"},{"taxonomy":"post_tag","embeddable":true,"href":"https:\/\/www.diarioimagen.net\/index.php?rest_route=%2Fwp%2Fv2%2Ftags&post=413266"}],"curies":[{"name":"wp","href":"https:\/\/api.w.org\/{rel}","templated":true}]}}