{"id":413437,"date":"2019-02-02T00:00:07","date_gmt":"2019-02-02T06:00:07","guid":{"rendered":"https:\/\/www.diarioimagen.net\/?p=413437"},"modified":"2019-02-04T00:07:05","modified_gmt":"2019-02-04T06:07:05","slug":"presidente-visita-vivero-del-nuevo-programa-en-cardenas-tabasco","status":"publish","type":"post","link":"https:\/\/www.diarioimagen.net\/?p=413437","title":{"rendered":"Presidente visita vivero del nuevo programa en C\u00e1rdenas, Tabasco"},"content":{"rendered":"<ul>\n<li><em><strong>El presidente Andr\u00e9s Manuel L\u00f3pez Obrador recorri\u00f3 uno de los 11\u00a0viveros oficiales, comunitarios y militares que estar\u00e1n a cargo de la\u00a0Secretar\u00eda de la Defensa Nacional (Sedena) como parte del programa\u00a0Sembrando Vida.<\/strong><\/em><\/li>\n<\/ul>\n<p>&nbsp;<\/p>\n<div id=\"attachment_413438\" style=\"width: 470px\" class=\"wp-caption aligncenter\"><a href=\"https:\/\/www.diarioimagen.net\/?attachment_id=413438\" rel=\"attachment wp-att-413438\"><img loading=\"lazy\" decoding=\"async\" aria-describedby=\"caption-attachment-413438\" class=\"size-large wp-image-413438\" src=\"https:\/\/www.diarioimagen.net\/wp-content\/uploads\/2019\/02\/vivero-460x259.jpg\" alt=\"\" width=\"460\" height=\"259\" srcset=\"https:\/\/www.diarioimagen.net\/wp-content\/uploads\/2019\/02\/vivero-460x259.jpg 460w, https:\/\/www.diarioimagen.net\/wp-content\/uploads\/2019\/02\/vivero-240x135.jpg 240w, https:\/\/www.diarioimagen.net\/wp-content\/uploads\/2019\/02\/vivero-235x132.jpg 235w, https:\/\/www.diarioimagen.net\/wp-content\/uploads\/2019\/02\/vivero-202x114.jpg 202w, https:\/\/www.diarioimagen.net\/wp-content\/uploads\/2019\/02\/vivero-350x196.jpg 350w, https:\/\/www.diarioimagen.net\/wp-content\/uploads\/2019\/02\/vivero-220x123.jpg 220w, https:\/\/www.diarioimagen.net\/wp-content\/uploads\/2019\/02\/vivero-237x132.jpg 237w, https:\/\/www.diarioimagen.net\/wp-content\/uploads\/2019\/02\/vivero.jpg 480w\" sizes=\"auto, (max-width: 460px) 100vw, 460px\" \/><\/a><p id=\"caption-attachment-413438\" class=\"wp-caption-text\">En C\u00e1rdenas, Tabasco, el titular del Ejecutivo supervis\u00f3 la\u00a0construcci\u00f3n de uno de los 51 m\u00f3dulos donde productores sembrar\u00e1n 266\u00a0millones de \u00e1rboles frutales y maderables en los primeros dos a\u00f1os de\u00a0la puesta en marcha de esta iniciativa.<\/p><\/div>\n<p>&nbsp;<\/p>\n<p>En C\u00e1rdenas, Tabasco, el titular del Ejecutivo supervis\u00f3 la\u00a0construcci\u00f3n de uno de los 51 m\u00f3dulos donde productores sembrar\u00e1n 266\u00a0millones de \u00e1rboles frutales y maderables en los primeros dos a\u00f1os de\u00a0la puesta en marcha de esta iniciativa.<\/p>\n<p>Actualmente la Secretar\u00eda de la Defensa cuenta con ocho viveros en\u00a0funcionamiento: Cerro Azul, Perote, Acayucan y Carrillo Puerto, en\u00a0Veracruz; el de Balanc\u00e1n en Tabasco; el de Copalar en Chiapas, y el\u00a0que hoy visit\u00f3 el presidente en C\u00e1rdenas, Tabasco, mismos que\u00a0ampliar\u00e1n sus capacidades para producir la cantidad objetivo de \u00e1rboles.<\/p>\n<p>Adicionalmente, la Sedena establecer\u00e1 tres viveros, uno en Teapa,\u00a0Tabasco, y dos en Chiapas, en Palenque y Tapachula.<\/p>\n<p>Durante el recorrido el presidente salud\u00f3 al personal que trabaja en\u00a0el vivero, acompa\u00f1ado por el Gobernador de Tabasco, Ad\u00e1n Augusto\u00a0L\u00f3pez Hern\u00e1ndez; las secretarias de Bienestar, Mar\u00eda Luisa Albores;\u00a0de Energ\u00eda, Roc\u00edo Nahle; el secretario de la Defensa Nacional, Luis\u00a0Cresencio Sandoval, y el Subsecretario de Inclusi\u00f3n Productiva y\u00a0Desarrollo Rural Territorial de la Secretar\u00eda de Bienestar, Javier\u00a0May Rodr\u00edguez.<\/p>\n","protected":false},"excerpt":{"rendered":"<p>En C\u00e1rdenas, Tabasco, el titular del Ejecutivo supervis\u00f3 la\u00a0construcci\u00f3n de uno de los 51 m\u00f3dulos donde productores sembrar\u00e1n 266\u00a0millones de \u00e1rboles frutales y maderables en los primeros dos a\u00f1os de\u00a0la puesta en marcha de esta iniciativa.<\/p>\n","protected":false},"author":1,"featured_media":413438,"comment_status":"open","ping_status":"open","sticky":false,"template":"","format":"standard","meta":{"_monsterinsights_skip_tracking":false,"_monsterinsights_sitenote_active":false,"_monsterinsights_sitenote_note":"","_monsterinsights_sitenote_category":0,"footnotes":""},"categories":[3],"tags":[2545,43673,82494],"class_list":["post-413437","post","type-post","status-publish","format-standard","has-post-thumbnail","hentry","category-nacional","tag-amlo","tag-nacional","tag-vivero"],"_links":{"self":[{"href":"https:\/\/www.diarioimagen.net\/index.php?rest_route=\/wp\/v2\/posts\/413437","targetHints":{"allow":["GET"]}}],"collection":[{"href":"https:\/\/www.diarioimagen.net\/index.php?rest_route=\/wp\/v2\/posts"}],"about":[{"href":"https:\/\/www.diarioimagen.net\/index.php?rest_route=\/wp\/v2\/types\/post"}],"author":[{"embeddable":true,"href":"https:\/\/www.diarioimagen.net\/index.php?rest_route=\/wp\/v2\/users\/1"}],"replies":[{"embeddable":true,"href":"https:\/\/www.diarioimagen.net\/index.php?rest_route=%2Fwp%2Fv2%2Fcomments&post=413437"}],"version-history":[{"count":0,"href":"https:\/\/www.diarioimagen.net\/index.php?rest_route=\/wp\/v2\/posts\/413437\/revisions"}],"wp:featuredmedia":[{"embeddable":true,"href":"https:\/\/www.diarioimagen.net\/index.php?rest_route=\/wp\/v2\/media\/413438"}],"wp:attachment":[{"href":"https:\/\/www.diarioimagen.net\/index.php?rest_route=%2Fwp%2Fv2%2Fmedia&parent=413437"}],"wp:term":[{"taxonomy":"category","embeddable":true,"href":"https:\/\/www.diarioimagen.net\/index.php?rest_route=%2Fwp%2Fv2%2Fcategories&post=413437"},{"taxonomy":"post_tag","embeddable":true,"href":"https:\/\/www.diarioimagen.net\/index.php?rest_route=%2Fwp%2Fv2%2Ftags&post=413437"}],"curies":[{"name":"wp","href":"https:\/\/api.w.org\/{rel}","templated":true}]}}