{"id":413461,"date":"2019-02-02T00:10:43","date_gmt":"2019-02-02T06:10:43","guid":{"rendered":"https:\/\/www.diarioimagen.net\/?p=413461"},"modified":"2019-02-02T09:22:19","modified_gmt":"2019-02-02T15:22:19","slug":"edomex-promueve-acercamiento-con-municipios-para-fortalecer-eficiencia-y-calidad-en-servicios-hidricos","status":"publish","type":"post","link":"https:\/\/www.diarioimagen.net\/?p=413461","title":{"rendered":"Edomex fortalece eficiencia y calidad en servicios h\u00eddricos"},"content":{"rendered":"<ul>\n<li><em><strong>Al encuentro asistieron presidentes municipales y titulares de los organismos operadores de agua de toda la entidad<\/strong><\/em><\/li>\n<\/ul>\n<p>&nbsp;<\/p>\n<div id=\"attachment_413462\" style=\"width: 470px\" class=\"wp-caption aligncenter\"><a href=\"https:\/\/www.diarioimagen.net\/?attachment_id=413462\" rel=\"attachment wp-att-413462\"><img loading=\"lazy\" decoding=\"async\" aria-describedby=\"caption-attachment-413462\" class=\"size-large wp-image-413462\" src=\"https:\/\/www.diarioimagen.net\/wp-content\/uploads\/2019\/02\/Hidricos1-460x259.jpg\" alt=\"\" width=\"460\" height=\"259\" srcset=\"https:\/\/www.diarioimagen.net\/wp-content\/uploads\/2019\/02\/Hidricos1-460x259.jpg 460w, https:\/\/www.diarioimagen.net\/wp-content\/uploads\/2019\/02\/Hidricos1-240x135.jpg 240w, https:\/\/www.diarioimagen.net\/wp-content\/uploads\/2019\/02\/Hidricos1-235x132.jpg 235w, https:\/\/www.diarioimagen.net\/wp-content\/uploads\/2019\/02\/Hidricos1-202x114.jpg 202w, https:\/\/www.diarioimagen.net\/wp-content\/uploads\/2019\/02\/Hidricos1-350x196.jpg 350w, https:\/\/www.diarioimagen.net\/wp-content\/uploads\/2019\/02\/Hidricos1-220x123.jpg 220w, https:\/\/www.diarioimagen.net\/wp-content\/uploads\/2019\/02\/Hidricos1-237x132.jpg 237w, https:\/\/www.diarioimagen.net\/wp-content\/uploads\/2019\/02\/Hidricos1.jpg 480w\" sizes=\"auto, (max-width: 460px) 100vw, 460px\" \/><\/a><p id=\"caption-attachment-413462\" class=\"wp-caption-text\">La Comisi\u00f3n del Agua del Estado de M\u00e9xico (CAEM) organiz\u00f3 el Primer Encuentro con Presidentes Municipales y Organismos Operadores.<\/p><\/div>\n<p>&nbsp;<\/p>\n<p>Para fortalecer la eficiencia y la calidad de los servicios h\u00eddricos que reciben los mexiquenses, la Comisi\u00f3n del Agua del Estado de M\u00e9xico (CAEM) organiz\u00f3 el Primer Encuentro con Presidentes Municipales y Organismos Operadores, con la finalidad de promover el di\u00e1logo, la asesor\u00eda, la consulta y la colaboraci\u00f3n entre los tres niveles de Gobierno, afirm\u00f3 el Secretario de Obra P\u00fablica, Rafael D\u00edaz Leal Barrueta.<\/p>\n<p>Destac\u00f3 que para el Gobierno del Estado de M\u00e9xico, la adecuada gesti\u00f3n h\u00eddrica debe poner especial cuidado en la eficiencia de la red de agua potable y tambi\u00e9n en generar mayores recursos y aprovechar los existentes.<\/p>\n<p>Asegur\u00f3 que no se trata solamente de disponer de m\u00e1s agua, sino de garantizar que todo el volumen extra\u00eddo llegue a los hogares de los mexiquenses, y que ah\u00ed sea utilizada con responsabilidad.<\/p>\n<p>Al encuentro asistieron Presidentes municipales y titulares de los organismos operadores de agua de toda la entidad, quienes conocieron las obras y las acciones que realiza la administraci\u00f3n estatal en materia de infraestructura h\u00eddrica, adem\u00e1s de prevenci\u00f3n y atenci\u00f3n a emergencias por inundaciones, entre otros temas.<\/p>\n<p>En el marco de este ejercicio, y en presencia de Enrique Ismael Guzm\u00e1n Ortega, Gerente de Programas Federalizados de la Comisi\u00f3n Nacional del Agua (Conagua), el Vocal Ejecutivo de la CAEM, Alfredo P\u00e9rez Guzm\u00e1n, y la Vocal Ejecutiva del Instituto Hacendario del Estado de M\u00e9xico (IHAEM), Reyna \u00c1vila V\u00e1zquez, signaron un convenio de colaboraci\u00f3n, a efecto de fomentar acciones a favor de la certificaci\u00f3n de los titulares de los organismos operadores del agua.<\/p>\n","protected":false},"excerpt":{"rendered":"<p>Para fortalecer la eficiencia y la calidad de los servicios h\u00eddricos que reciben los mexiquenses, la Comisi\u00f3n del Agua del Estado de M\u00e9xico (CAEM) organiz\u00f3 el Primer Encuentro con Presidentes Municipales y Organismos Operadores, con la finalidad de promover el di\u00e1logo, la asesor\u00eda, la consulta y la colaboraci\u00f3n entre los tres niveles de Gobierno, afirm\u00f3 el Secretario de Obra P\u00fablica, Rafael D\u00edaz Leal Barrueta.<\/p>\n","protected":false},"author":1,"featured_media":413462,"comment_status":"open","ping_status":"open","sticky":false,"template":"","format":"standard","meta":{"_monsterinsights_skip_tracking":false,"_monsterinsights_sitenote_active":false,"_monsterinsights_sitenote_note":"","_monsterinsights_sitenote_category":0,"footnotes":""},"categories":[5],"tags":[2272,43675],"class_list":["post-413461","post","type-post","status-publish","format-standard","has-post-thumbnail","hentry","category-estado-de-mexico","tag-caem","tag-estado-de-mexico"],"_links":{"self":[{"href":"https:\/\/www.diarioimagen.net\/index.php?rest_route=\/wp\/v2\/posts\/413461","targetHints":{"allow":["GET"]}}],"collection":[{"href":"https:\/\/www.diarioimagen.net\/index.php?rest_route=\/wp\/v2\/posts"}],"about":[{"href":"https:\/\/www.diarioimagen.net\/index.php?rest_route=\/wp\/v2\/types\/post"}],"author":[{"embeddable":true,"href":"https:\/\/www.diarioimagen.net\/index.php?rest_route=\/wp\/v2\/users\/1"}],"replies":[{"embeddable":true,"href":"https:\/\/www.diarioimagen.net\/index.php?rest_route=%2Fwp%2Fv2%2Fcomments&post=413461"}],"version-history":[{"count":0,"href":"https:\/\/www.diarioimagen.net\/index.php?rest_route=\/wp\/v2\/posts\/413461\/revisions"}],"wp:featuredmedia":[{"embeddable":true,"href":"https:\/\/www.diarioimagen.net\/index.php?rest_route=\/wp\/v2\/media\/413462"}],"wp:attachment":[{"href":"https:\/\/www.diarioimagen.net\/index.php?rest_route=%2Fwp%2Fv2%2Fmedia&parent=413461"}],"wp:term":[{"taxonomy":"category","embeddable":true,"href":"https:\/\/www.diarioimagen.net\/index.php?rest_route=%2Fwp%2Fv2%2Fcategories&post=413461"},{"taxonomy":"post_tag","embeddable":true,"href":"https:\/\/www.diarioimagen.net\/index.php?rest_route=%2Fwp%2Fv2%2Ftags&post=413461"}],"curies":[{"name":"wp","href":"https:\/\/api.w.org\/{rel}","templated":true}]}}