{"id":413483,"date":"2019-02-04T00:02:27","date_gmt":"2019-02-04T06:02:27","guid":{"rendered":"https:\/\/www.diarioimagen.net\/?p=413483"},"modified":"2019-02-04T04:00:51","modified_gmt":"2019-02-04T10:00:51","slug":"piden-donar-articulos-de-higiene-personal-en-beneficio-de-infantes-mexiquenses","status":"publish","type":"post","link":"https:\/\/www.diarioimagen.net\/?p=413483","title":{"rendered":"Piden donar art\u00edculos de higiene personal en beneficio de infantes mexiquenses"},"content":{"rendered":"<ul>\n<li><em><strong>Para la Casa-Hogar \u201cSan Mart\u00edn de Porres\u201d y \u201cJuan XXIII\u201d<\/strong><\/em><\/li>\n<\/ul>\n<p>&nbsp;<\/p>\n<div id=\"attachment_413484\" style=\"width: 470px\" class=\"wp-caption aligncenter\"><img loading=\"lazy\" decoding=\"async\" aria-describedby=\"caption-attachment-413484\" class=\"size-large wp-image-413484\" src=\"https:\/\/www.diarioimagen.net\/wp-content\/uploads\/2019\/02\/DONACIONES4-portal-460x268.jpg\" alt=\"\" width=\"460\" height=\"268\" srcset=\"https:\/\/www.diarioimagen.net\/wp-content\/uploads\/2019\/02\/DONACIONES4-portal-460x268.jpg 460w, https:\/\/www.diarioimagen.net\/wp-content\/uploads\/2019\/02\/DONACIONES4-portal-240x140.jpg 240w, https:\/\/www.diarioimagen.net\/wp-content\/uploads\/2019\/02\/DONACIONES4-portal.jpg 480w\" sizes=\"auto, (max-width: 460px) 100vw, 460px\" \/><p id=\"caption-attachment-413484\" class=\"wp-caption-text\">Destinar\u00e1n art\u00edculos de higiene personal y limpieza, a la Casa-Hogar \u201cSan Mart\u00edn de Porres\u201d y \u201cJuan XXIII\u201d, ubicadas en el municipio de Texcoco.<\/p><\/div>\n<p>&nbsp;<\/p>\n<p><strong>Toluca, Estado de M\u00e9xico<\/strong>.- El Voluntariado de la Secretar\u00eda de Cultura contin\u00faa en la recolecci\u00f3n de art\u00edculos de higiene personal y limpieza que beneficien a menores de edad de dos Casa-Hogar en el municipio de Texcoco.<\/p>\n<p>Dicha agrupaci\u00f3n tiene como prop\u00f3sito principal colaborar de manera altruista en comunidades vulnerables de la entidad, con la finalidad de mejorar la calidad de vida de las familias mexiquenses.<\/p>\n<p>En esta ocasi\u00f3n, la campa\u00f1a de donaci\u00f3n de art\u00edculos de higiene personal y limpieza, ser\u00e1n destinados a las ni\u00f1as y ni\u00f1os de la Casa-Hogar \u201cSan Mart\u00edn de Porres\u201d y \u201cJuan XXIII\u201d, ubicadas en el municipio de Texcoco.<\/p>\n<p>En espec\u00edfico se requieren art\u00edculos como pastas y cepillo de dientes, jab\u00f3n de tocador, shampoo, toallas sanitarias, desodorantes, escobas, trapeadores, cloro y l\u00edquidos de limpieza, con los cuales, se atender\u00e1 aproximadamente a una poblaci\u00f3n de 100 infantes.<\/p>\n<p>Las donaciones se estar\u00e1n recibiendo hasta el 14 de febrero a las 18:00 horas, en las oficinas del Voluntariado, ubicadas en el Museo de Culturas Populares del Centro Cultural Mexiquense en Toluca.<\/p>\n<p>El Voluntariado de la Secretar\u00eda de Cultura trabaja diariamente de manera altruista, comprometida y solidaria en comunidades mexiquenses de escasos recursos, promoviendo el autoempleo mediante la capacitaci\u00f3n e impartici\u00f3n de talleres que les generen ingresos para tener familias m\u00e1s fuertes.<\/p>\n","protected":false},"excerpt":{"rendered":"<p>El Voluntariado de la Secretar\u00eda de Cultura contin\u00faa en la recolecci\u00f3n de art\u00edculos de higiene personal y limpieza que beneficien a menores de edad de dos Casa-Hogar en el municipio de Texcoco.<\/p>\n","protected":false},"author":5,"featured_media":413484,"comment_status":"open","ping_status":"open","sticky":false,"template":"","format":"standard","meta":{"_monsterinsights_skip_tracking":false,"_monsterinsights_sitenote_active":false,"_monsterinsights_sitenote_note":"","_monsterinsights_sitenote_category":0,"footnotes":""},"categories":[35155],"tags":[82443,82444,28506,6609,82445],"class_list":["post-413483","post","type-post","status-publish","format-standard","has-post-thumbnail","hentry","category-estado-de-mexico-estado-de-mexico","tag-beneficio-de-infantes","tag-casa-hogar","tag-juan-xxiii","tag-mexiquenses","tag-san-martin-de-porres"],"_links":{"self":[{"href":"https:\/\/www.diarioimagen.net\/index.php?rest_route=\/wp\/v2\/posts\/413483","targetHints":{"allow":["GET"]}}],"collection":[{"href":"https:\/\/www.diarioimagen.net\/index.php?rest_route=\/wp\/v2\/posts"}],"about":[{"href":"https:\/\/www.diarioimagen.net\/index.php?rest_route=\/wp\/v2\/types\/post"}],"author":[{"embeddable":true,"href":"https:\/\/www.diarioimagen.net\/index.php?rest_route=\/wp\/v2\/users\/5"}],"replies":[{"embeddable":true,"href":"https:\/\/www.diarioimagen.net\/index.php?rest_route=%2Fwp%2Fv2%2Fcomments&post=413483"}],"version-history":[{"count":0,"href":"https:\/\/www.diarioimagen.net\/index.php?rest_route=\/wp\/v2\/posts\/413483\/revisions"}],"wp:featuredmedia":[{"embeddable":true,"href":"https:\/\/www.diarioimagen.net\/index.php?rest_route=\/wp\/v2\/media\/413484"}],"wp:attachment":[{"href":"https:\/\/www.diarioimagen.net\/index.php?rest_route=%2Fwp%2Fv2%2Fmedia&parent=413483"}],"wp:term":[{"taxonomy":"category","embeddable":true,"href":"https:\/\/www.diarioimagen.net\/index.php?rest_route=%2Fwp%2Fv2%2Fcategories&post=413483"},{"taxonomy":"post_tag","embeddable":true,"href":"https:\/\/www.diarioimagen.net\/index.php?rest_route=%2Fwp%2Fv2%2Ftags&post=413483"}],"curies":[{"name":"wp","href":"https:\/\/api.w.org\/{rel}","templated":true}]}}