{"id":413501,"date":"2019-02-04T00:09:22","date_gmt":"2019-02-04T06:09:22","guid":{"rendered":"https:\/\/www.diarioimagen.net\/?p=413501"},"modified":"2019-02-04T03:10:11","modified_gmt":"2019-02-04T09:10:11","slug":"rehabilita-gem-espacios-culturales-en-aculco","status":"publish","type":"post","link":"https:\/\/www.diarioimagen.net\/?p=413501","title":{"rendered":"Rehabilita GEM espacios culturales en Aculco"},"content":{"rendered":"<h2>Arco Norte<\/h2>\n<h5>Jos\u00e9 Luis Monta\u00f1ez Aguilar<\/h5>\n<p>&nbsp;<\/p>\n<div id=\"attachment_413502\" style=\"width: 470px\" class=\"wp-caption aligncenter\"><img loading=\"lazy\" decoding=\"async\" aria-describedby=\"caption-attachment-413502\" class=\"size-large wp-image-413502\" src=\"https:\/\/www.diarioimagen.net\/wp-content\/uploads\/2019\/02\/DEL-MAZO4-portal-460x268.jpg\" alt=\"\" width=\"460\" height=\"268\" srcset=\"https:\/\/www.diarioimagen.net\/wp-content\/uploads\/2019\/02\/DEL-MAZO4-portal-460x268.jpg 460w, https:\/\/www.diarioimagen.net\/wp-content\/uploads\/2019\/02\/DEL-MAZO4-portal-240x140.jpg 240w, https:\/\/www.diarioimagen.net\/wp-content\/uploads\/2019\/02\/DEL-MAZO4-portal.jpg 480w\" sizes=\"auto, (max-width: 460px) 100vw, 460px\" \/><p id=\"caption-attachment-413502\" class=\"wp-caption-text\">Visita el gobernador Alfredo Del Mazo el Museo Vivo del Camino Real de Tierra Adentro; inform\u00f3 que se rehabilita el Mes\u00f3n de Arroyos Zarco.<\/p><\/div>\n<p>&nbsp;<\/p>\n<p>El gobernador, Alfredo Del Mazo Maza, se\u00f1al\u00f3 que como parte de las acciones que realiza la administraci\u00f3n estatal para que los mexiquenses cuenten con m\u00e1s espacios culturales, se trabaja en la rehabilitaci\u00f3n del Mes\u00f3n de Arroyos Zarco en Aculco.<\/p>\n<p>Durante una visita que realiz\u00f3 al Museo Vivo del Camino Real de Tierra Adentro, Alfredo Del Mazo invit\u00f3 a visitar este lugar, desde donde se puede apreciar una parte del Camino Real, el cual es considerado como Patrimonio Cultural de la Humanidad por la UNESCO.<\/p>\n<p>El Camino Real de Tierra Adentro un\u00eda a la Ciudad de M\u00e9xico con Santa Fe, Nuevo M\u00e9xico, ten\u00eda una extensi\u00f3n de 2 mil 600 kil\u00f3metros, pasaba por los estados de M\u00e9xico, Hidalgo, Quer\u00e9taro, Guanajuato, San Luis Potos\u00ed, Aguascalientes, Jalisco, Zacatecas, Durango\u00a0 y Chihuahua.<\/p>\n<p>Era utilizado como una ruta para transportar la plata extra\u00edda de las minas del pa\u00eds utilizada desde el siglo XVI, convirti\u00e9ndose en una de las m\u00e1s importantes de la Am\u00e9rica Colonial.<\/p>\n<p>\u201cAqu\u00ed pueden visitar este museo, donde van a ver c\u00f3mo era la vida de la \u00e9poca, y donde van a ver lo importante que era este Camino\u00a0 Real de Tierra Adentro, y aqu\u00ed mismo en Aculco, estamos rehabilitando \u00e9ste que es el Mes\u00f3n de Arroyos Zarco, que era una hacienda que serv\u00eda de posada para quienes, en esa \u00e9poca, eran quienes utilizaban este Camino\u00a0 Real de Tierra Adentro y se quedaban aqu\u00ed a a dormir en esta posada\u00a0 que es el\u00a0 Mes\u00f3n de\u00a0 Arroyos Zarco.<\/p>\n<p>\u201cY que tambi\u00e9n estamos rehabilitando dentro de este programa que lleva el gobierno del estado de rehabilitar museos, sitios hist\u00f3ricos, culturales para que nos vengan a visitar y vengan a conocer todos estos atractivos que tiene el Estado de M\u00e9xico\u201d, manifest\u00f3.<\/p>\n<p>En este recorrido, el gobernador Alfredo Del Mazo Maza estuvo acompa\u00f1ado por las secretarias de Cultura y Turismo, Marcela Gonz\u00e1lez Salas y Aurora Gonz\u00e1lez Ledezma, as\u00ed como por el alcalde de Aculco, Jorge Osornio Victoria.<\/p>\n<p><em><a href=\"mailto:montanezaguilar@gmail.com\" target=\"_blank\" rel=\"noopener\">montanezaguilar@gmail.com<\/a><\/em><\/p>\n<p>&nbsp;<\/p>\n","protected":false},"excerpt":{"rendered":"<p><span style=\"color: #005497;\">Jos\u00e9 Luis Monta\u00f1ez Aguilar<\/span><br \/>\n<br \/>\nEl gobernador, Alfredo Del Mazo Maza, se\u00f1al\u00f3 que como parte de las acciones que realiza la administraci\u00f3n estatal para que los mexiquenses cuenten con m\u00e1s espacios culturales, se trabaja en la rehabilitaci\u00f3n del Mes\u00f3n de Arroyos Zarco en Aculco.<\/p>\n","protected":false},"author":5,"featured_media":413502,"comment_status":"open","ping_status":"open","sticky":false,"template":"","format":"standard","meta":{"_monsterinsights_skip_tracking":false,"_monsterinsights_sitenote_active":false,"_monsterinsights_sitenote_note":"","_monsterinsights_sitenote_category":0,"footnotes":""},"categories":[35155],"tags":[81909,82458,82459,70221],"class_list":["post-413501","post","type-post","status-publish","format-standard","has-post-thumbnail","hentry","category-estado-de-mexico-estado-de-mexico","tag-alfredo-del-mazo","tag-culturales-en-aculco","tag-museo-vivo-del-camino-real-de-tierra-adentro","tag-rehabilita"],"_links":{"self":[{"href":"https:\/\/www.diarioimagen.net\/index.php?rest_route=\/wp\/v2\/posts\/413501","targetHints":{"allow":["GET"]}}],"collection":[{"href":"https:\/\/www.diarioimagen.net\/index.php?rest_route=\/wp\/v2\/posts"}],"about":[{"href":"https:\/\/www.diarioimagen.net\/index.php?rest_route=\/wp\/v2\/types\/post"}],"author":[{"embeddable":true,"href":"https:\/\/www.diarioimagen.net\/index.php?rest_route=\/wp\/v2\/users\/5"}],"replies":[{"embeddable":true,"href":"https:\/\/www.diarioimagen.net\/index.php?rest_route=%2Fwp%2Fv2%2Fcomments&post=413501"}],"version-history":[{"count":0,"href":"https:\/\/www.diarioimagen.net\/index.php?rest_route=\/wp\/v2\/posts\/413501\/revisions"}],"wp:featuredmedia":[{"embeddable":true,"href":"https:\/\/www.diarioimagen.net\/index.php?rest_route=\/wp\/v2\/media\/413502"}],"wp:attachment":[{"href":"https:\/\/www.diarioimagen.net\/index.php?rest_route=%2Fwp%2Fv2%2Fmedia&parent=413501"}],"wp:term":[{"taxonomy":"category","embeddable":true,"href":"https:\/\/www.diarioimagen.net\/index.php?rest_route=%2Fwp%2Fv2%2Fcategories&post=413501"},{"taxonomy":"post_tag","embeddable":true,"href":"https:\/\/www.diarioimagen.net\/index.php?rest_route=%2Fwp%2Fv2%2Ftags&post=413501"}],"curies":[{"name":"wp","href":"https:\/\/api.w.org\/{rel}","templated":true}]}}