{"id":413602,"date":"2019-02-04T00:07:00","date_gmt":"2019-02-04T06:07:00","guid":{"rendered":"https:\/\/www.diarioimagen.net\/?p=413602"},"modified":"2019-02-04T04:06:57","modified_gmt":"2019-02-04T10:06:57","slug":"con-firmeza-y-creatividad-resolvere-la-problematica-de-los-empresarios-castro-cid","status":"publish","type":"post","link":"https:\/\/www.diarioimagen.net\/?p=413602","title":{"rendered":"Con firmeza y creatividad, resolver\u00e9 la problem\u00e1tica de los empresarios: Castro Cid"},"content":{"rendered":"<ul>\n<li><strong><em>Nuevo dirigente de Coparmex en el Valle de M\u00e9xico<\/em><\/strong><\/li>\n<\/ul>\n<p>&nbsp;<\/p>\n<div id=\"attachment_413638\" style=\"width: 470px\" class=\"wp-caption aligncenter\"><a href=\"https:\/\/www.diarioimagen.net\/?attachment_id=413638\" rel=\"attachment wp-att-413638\"><img loading=\"lazy\" decoding=\"async\" aria-describedby=\"caption-attachment-413638\" class=\"size-large wp-image-413638\" src=\"https:\/\/www.diarioimagen.net\/wp-content\/uploads\/2019\/02\/TLALNEPANTLA-4-460x259.jpg\" alt=\"\" width=\"460\" height=\"259\" srcset=\"https:\/\/www.diarioimagen.net\/wp-content\/uploads\/2019\/02\/TLALNEPANTLA-4-460x259.jpg 460w, https:\/\/www.diarioimagen.net\/wp-content\/uploads\/2019\/02\/TLALNEPANTLA-4-240x135.jpg 240w, https:\/\/www.diarioimagen.net\/wp-content\/uploads\/2019\/02\/TLALNEPANTLA-4-235x132.jpg 235w, https:\/\/www.diarioimagen.net\/wp-content\/uploads\/2019\/02\/TLALNEPANTLA-4-202x114.jpg 202w, https:\/\/www.diarioimagen.net\/wp-content\/uploads\/2019\/02\/TLALNEPANTLA-4-350x196.jpg 350w, https:\/\/www.diarioimagen.net\/wp-content\/uploads\/2019\/02\/TLALNEPANTLA-4-220x123.jpg 220w, https:\/\/www.diarioimagen.net\/wp-content\/uploads\/2019\/02\/TLALNEPANTLA-4-237x132.jpg 237w, https:\/\/www.diarioimagen.net\/wp-content\/uploads\/2019\/02\/TLALNEPANTLA-4.jpg 480w\" sizes=\"auto, (max-width: 460px) 100vw, 460px\" \/><\/a><p id=\"caption-attachment-413638\" class=\"wp-caption-text\">Edgar Castro sustituye en el cargo a Arturo Beteta Del R\u00edo, al que reconoci\u00f3 por su fecunda labor como presidente de dicha organizaci\u00f3n.<\/p><\/div>\n<p>&nbsp;<\/p>\n<p><strong>Tlalnepantla, Estado de M\u00e9xico<\/strong>.- Al asumir como presidente de la Confederaci\u00f3n Patronal de la Rep\u00fablica Mexicana (Coparmex), cap\u00edtulo Metropolitano, para el periodo 2019-2020, Edgar Castro Cid ratific\u00f3 su firme determinaci\u00f3n de trabajar intensamente para defender y hacer valer\u00a0 los leg\u00edtimos intereses del empresariado mexiquense.<\/p>\n<p>Tras su toma de compromiso, junto con los miembros del consejo directivo de Coparmex Metropolitano y ante dirigentes del sector privado como Miguel Gallardo L\u00f3pez, secretario general de Coparmex nacional, autoridades municipales, estatales, legisladores federales y locales, Castro Cid apunt\u00f3 que su gesti\u00f3n la desarrollar\u00e1 inspirado en la visi\u00f3n ancestral de los pueblos originarios de M\u00e9xico, \u201cpara darlo todo, con fuerza, inteligencia, creatividad y resolver la problem\u00e1tica empresarial, econ\u00f3mica, pol\u00edtica y social que hoy estamos enfrentando.\u201d<\/p>\n<p>Del mismo modo, Edgar Castro, quien sustituye en el cargo a Arturo Beteta Del R\u00edo, al que reconoci\u00f3 por su fecunda labor como presidente de dicha organizaci\u00f3n empresarial, con voluntad inquebrantable, reiter\u00f3 su compromiso con las mujeres y hombres de negocios que de manera un\u00e1nime, lo eligieron como su presidente.<\/p>\n<p>\u201cLos convoco a honrar nuestra tradici\u00f3n de servicio y trabajo, pensemos en grande, sumemos voluntades y as\u00ed todos construyamos un M\u00e9xico a la altura de nuestros sue\u00f1os\u201d, recalc\u00f3 el presidente de Coparmex Metropolitano. Agreg\u00f3 que los objetivos de su gesti\u00f3n son muy ambiciosos, pero alcanzables, a trav\u00e9s de un trabajo coordinado de todos los empresarios, por lo que asegur\u00f3 que se lograr\u00e1n los resultados que se han trazado, en beneficio de los inversionistas.<\/p>\n<p>Dijo que por ello, fomentar\u00e1 acciones para el desarrollo empresarial, para que detone la econom\u00eda en el \u00e1rea metropolitana, as\u00ed como impulsar una visi\u00f3n de esp\u00edritu de equipo entre empresarios y organismos gubernamentales. Adem\u00e1s, dej\u00f3 en claro que tocar\u00e1 las puertas que sean necesarias, para hacer visibles las necesidades del empresariado, al igual que buscar la mejora continua y la profesionalizaci\u00f3n del servidor p\u00fablico.<\/p>\n<p>Posterior a la toma de compromiso, Edgar Castro se\u00f1al\u00f3 en entrevista que la lucha contra la corrupci\u00f3n es un eje fundamental para Coparmex Metropolitano, por lo que a trav\u00e9s de la Comisi\u00f3n Anticorrupci\u00f3n, que encabeza Rodrigo Coello Ochoa,\u00a0 se seguir\u00e1 accionando contra este flagelo.<\/p>\n<p>Afirm\u00f3 que adem\u00e1s de campa\u00f1as de sensibilizaci\u00f3n a funcionarios respecto a este tema, se plantear\u00e1 la certificaci\u00f3n en la norma ISO 37 000-1, que es totalmente anticorrupci\u00f3n, as\u00ed como certificarlos con el est\u00e1ndar de competencia ECO-500 de la red Conocer, al igual que mejorar la rendici\u00f3n de cuentas. Sobre los compromisos contra la corrupci\u00f3n que adquirieron algunos candidatos que hoy son presidentes municipales, al estampar su firma, resalt\u00f3 que se tom\u00f3 como periodo de gracia los primeros 100 d\u00edas de gobierno y luego de este tiempo, se les dar\u00e1 puntual seguimiento para verificar el nivel de cumplimiento de cada edil.<\/p>\n<p>Cabe destacar que a la toma de compromiso de Edgar Castro, acudieron entre otros, los alcaldes de Tlalnepantla, Raciel P\u00e9rez Cruz, Atizap\u00e1n, Ruth Olvera Nieto, Nicol\u00e1s Romero, Armando Navarrete L\u00f3pez, Coacalco, Darwin Eslava Gami\u00f1o, Teoloyucan, Gabriela Contreras Villegas, Melchor Ocampo, Miriam Escalona Pi\u00f1a y Huehuetoca, Jos\u00e9 Luis Chimal.<\/p>\n","protected":false},"excerpt":{"rendered":"<p>Al asumir como presidente de la Confederaci\u00f3n Patronal de la Rep\u00fablica Mexicana (Coparmex), cap\u00edtulo Metropolitano, para el periodo 2019-2020, Edgar Castro Cid ratific\u00f3 su firme determinaci\u00f3n de trabajar intensamente para defender y hacer valer  los leg\u00edtimos intereses del empresariado mexiquense.<\/p>\n","protected":false},"author":3,"featured_media":413638,"comment_status":"open","ping_status":"open","sticky":false,"template":"","format":"standard","meta":{"_monsterinsights_skip_tracking":false,"_monsterinsights_sitenote_active":false,"_monsterinsights_sitenote_note":"","_monsterinsights_sitenote_category":0,"footnotes":""},"categories":[35155],"tags":[82504,43675,82503,169],"class_list":["post-413602","post","type-post","status-publish","format-standard","has-post-thumbnail","hentry","category-estado-de-mexico-estado-de-mexico","tag-castro-cid","tag-estado-de-mexico","tag-problematica","tag-tlalnepantla"],"_links":{"self":[{"href":"https:\/\/www.diarioimagen.net\/index.php?rest_route=\/wp\/v2\/posts\/413602","targetHints":{"allow":["GET"]}}],"collection":[{"href":"https:\/\/www.diarioimagen.net\/index.php?rest_route=\/wp\/v2\/posts"}],"about":[{"href":"https:\/\/www.diarioimagen.net\/index.php?rest_route=\/wp\/v2\/types\/post"}],"author":[{"embeddable":true,"href":"https:\/\/www.diarioimagen.net\/index.php?rest_route=\/wp\/v2\/users\/3"}],"replies":[{"embeddable":true,"href":"https:\/\/www.diarioimagen.net\/index.php?rest_route=%2Fwp%2Fv2%2Fcomments&post=413602"}],"version-history":[{"count":0,"href":"https:\/\/www.diarioimagen.net\/index.php?rest_route=\/wp\/v2\/posts\/413602\/revisions"}],"wp:featuredmedia":[{"embeddable":true,"href":"https:\/\/www.diarioimagen.net\/index.php?rest_route=\/wp\/v2\/media\/413638"}],"wp:attachment":[{"href":"https:\/\/www.diarioimagen.net\/index.php?rest_route=%2Fwp%2Fv2%2Fmedia&parent=413602"}],"wp:term":[{"taxonomy":"category","embeddable":true,"href":"https:\/\/www.diarioimagen.net\/index.php?rest_route=%2Fwp%2Fv2%2Fcategories&post=413602"},{"taxonomy":"post_tag","embeddable":true,"href":"https:\/\/www.diarioimagen.net\/index.php?rest_route=%2Fwp%2Fv2%2Ftags&post=413602"}],"curies":[{"name":"wp","href":"https:\/\/api.w.org\/{rel}","templated":true}]}}