{"id":413604,"date":"2019-02-04T00:06:11","date_gmt":"2019-02-04T06:06:11","guid":{"rendered":"https:\/\/www.diarioimagen.net\/?p=413604"},"modified":"2019-02-04T04:07:51","modified_gmt":"2019-02-04T10:07:51","slug":"en-naucalpan-arrancan-las-jornadas-medico-asistenciales","status":"publish","type":"post","link":"https:\/\/www.diarioimagen.net\/?p=413604","title":{"rendered":"En Naucalpan arrancan las jornadas m\u00e9dico asistenciales"},"content":{"rendered":"<p><a href=\"https:\/\/www.diarioimagen.net\/?attachment_id=413641\" rel=\"attachment wp-att-413641\"><img loading=\"lazy\" decoding=\"async\" class=\"aligncenter size-large wp-image-413641\" src=\"https:\/\/www.diarioimagen.net\/wp-content\/uploads\/2019\/02\/NAUCALPAN-4-460x259.jpg\" alt=\"\" width=\"460\" height=\"259\" srcset=\"https:\/\/www.diarioimagen.net\/wp-content\/uploads\/2019\/02\/NAUCALPAN-4-460x259.jpg 460w, https:\/\/www.diarioimagen.net\/wp-content\/uploads\/2019\/02\/NAUCALPAN-4-240x135.jpg 240w, https:\/\/www.diarioimagen.net\/wp-content\/uploads\/2019\/02\/NAUCALPAN-4-235x132.jpg 235w, https:\/\/www.diarioimagen.net\/wp-content\/uploads\/2019\/02\/NAUCALPAN-4-202x114.jpg 202w, https:\/\/www.diarioimagen.net\/wp-content\/uploads\/2019\/02\/NAUCALPAN-4-350x196.jpg 350w, https:\/\/www.diarioimagen.net\/wp-content\/uploads\/2019\/02\/NAUCALPAN-4-220x123.jpg 220w, https:\/\/www.diarioimagen.net\/wp-content\/uploads\/2019\/02\/NAUCALPAN-4-237x132.jpg 237w, https:\/\/www.diarioimagen.net\/wp-content\/uploads\/2019\/02\/NAUCALPAN-4.jpg 480w\" sizes=\"auto, (max-width: 460px) 100vw, 460px\" \/><\/a><\/p>\n<p>&nbsp;<\/p>\n<p><strong>Naucalpan, Estado de M\u00e9xico.-<\/strong> Este fin de semana, Antonio Garc\u00eda Mendoza, presidente de la asociaci\u00f3n civil Proyecci\u00f3n Integral Naucalpense A. C. (Proina), dio inicio a la jornada m\u00e9dico asistencial gratuita, donde asistieron en su mayor\u00eda gente de la tercera edad, amas de casa, as\u00ed como personas con capacidades diferentes, quienes recibieron atenci\u00f3n m\u00e9dica de odontolog\u00eda, psicolog\u00eda, asesor\u00eda legal, vacunas contra influenza, hepatitis, etanos, as\u00ed como pruebas de embarazo.<\/p>\n<p>Este evento se llev\u00f3 a cabo en la colonia El Olivar, de este municipio, donde el personal de Proina fue recibido por Rosa Carmona, presidenta del Consejo de Participaci\u00f3n Ciudadana, quien a nombre de los colonos agradeci\u00f3 la presencia de la jornada m\u00e9dica.<\/p>\n","protected":false},"excerpt":{"rendered":"<p>Este fin de semana, Antonio Garc\u00eda Mendoza, presidente de la asociaci\u00f3n civil Proyecci\u00f3n Integral Naucalpense A. C. (Proina), dio inicio a la jornada m\u00e9dico asistencial gratuita, donde asistieron en su mayor\u00eda gente de la tercera edad, amas de casa, as\u00ed como personas con capacidades diferentes, quienes recibieron atenci\u00f3n m\u00e9dica de odontolog\u00eda, psicolog\u00eda, asesor\u00eda legal, vacunas contra influenza, hepatitis, etanos, as\u00ed como pruebas de embarazo.<\/p>\n","protected":false},"author":3,"featured_media":413641,"comment_status":"open","ping_status":"open","sticky":false,"template":"","format":"standard","meta":{"_monsterinsights_skip_tracking":false,"_monsterinsights_sitenote_active":false,"_monsterinsights_sitenote_note":"","_monsterinsights_sitenote_category":0,"footnotes":""},"categories":[35155],"tags":[43675,50405,4799,970],"class_list":["post-413604","post","type-post","status-publish","format-standard","has-post-thumbnail","hentry","category-estado-de-mexico-estado-de-mexico","tag-estado-de-mexico","tag-jornada","tag-medico","tag-naucalpan"],"_links":{"self":[{"href":"https:\/\/www.diarioimagen.net\/index.php?rest_route=\/wp\/v2\/posts\/413604","targetHints":{"allow":["GET"]}}],"collection":[{"href":"https:\/\/www.diarioimagen.net\/index.php?rest_route=\/wp\/v2\/posts"}],"about":[{"href":"https:\/\/www.diarioimagen.net\/index.php?rest_route=\/wp\/v2\/types\/post"}],"author":[{"embeddable":true,"href":"https:\/\/www.diarioimagen.net\/index.php?rest_route=\/wp\/v2\/users\/3"}],"replies":[{"embeddable":true,"href":"https:\/\/www.diarioimagen.net\/index.php?rest_route=%2Fwp%2Fv2%2Fcomments&post=413604"}],"version-history":[{"count":0,"href":"https:\/\/www.diarioimagen.net\/index.php?rest_route=\/wp\/v2\/posts\/413604\/revisions"}],"wp:featuredmedia":[{"embeddable":true,"href":"https:\/\/www.diarioimagen.net\/index.php?rest_route=\/wp\/v2\/media\/413641"}],"wp:attachment":[{"href":"https:\/\/www.diarioimagen.net\/index.php?rest_route=%2Fwp%2Fv2%2Fmedia&parent=413604"}],"wp:term":[{"taxonomy":"category","embeddable":true,"href":"https:\/\/www.diarioimagen.net\/index.php?rest_route=%2Fwp%2Fv2%2Fcategories&post=413604"},{"taxonomy":"post_tag","embeddable":true,"href":"https:\/\/www.diarioimagen.net\/index.php?rest_route=%2Fwp%2Fv2%2Ftags&post=413604"}],"curies":[{"name":"wp","href":"https:\/\/api.w.org\/{rel}","templated":true}]}}