{"id":413606,"date":"2019-02-04T00:05:24","date_gmt":"2019-02-04T06:05:24","guid":{"rendered":"https:\/\/www.diarioimagen.net\/?p=413606"},"modified":"2019-02-04T04:13:06","modified_gmt":"2019-02-04T10:13:06","slug":"correran-en-pareja-por-amor-y-amistad-y-llegaran-a-la-meta-atados-por-un-liston","status":"publish","type":"post","link":"https:\/\/www.diarioimagen.net\/?p=413606","title":{"rendered":"Correr\u00e1n en pareja por amor y amistad y llegar\u00e1n a la meta atados por un list\u00f3n"},"content":{"rendered":"<ul>\n<li><strong><em>En Tultepec, en la carrera del d\u00eda 14<\/em><\/strong><\/li>\n<\/ul>\n<p>&nbsp;<\/p>\n<p><a href=\"https:\/\/www.diarioimagen.net\/?attachment_id=413648\" rel=\"attachment wp-att-413648\"><img loading=\"lazy\" decoding=\"async\" class=\"aligncenter size-large wp-image-413648\" src=\"https:\/\/www.diarioimagen.net\/wp-content\/uploads\/2019\/02\/carrera-460x259.jpg\" alt=\"\" width=\"460\" height=\"259\" srcset=\"https:\/\/www.diarioimagen.net\/wp-content\/uploads\/2019\/02\/carrera-460x259.jpg 460w, https:\/\/www.diarioimagen.net\/wp-content\/uploads\/2019\/02\/carrera-240x135.jpg 240w, https:\/\/www.diarioimagen.net\/wp-content\/uploads\/2019\/02\/carrera-235x132.jpg 235w, https:\/\/www.diarioimagen.net\/wp-content\/uploads\/2019\/02\/carrera-202x114.jpg 202w, https:\/\/www.diarioimagen.net\/wp-content\/uploads\/2019\/02\/carrera-350x196.jpg 350w, https:\/\/www.diarioimagen.net\/wp-content\/uploads\/2019\/02\/carrera-220x123.jpg 220w, https:\/\/www.diarioimagen.net\/wp-content\/uploads\/2019\/02\/carrera-237x132.jpg 237w, https:\/\/www.diarioimagen.net\/wp-content\/uploads\/2019\/02\/carrera.jpg 480w\" sizes=\"auto, (max-width: 460px) 100vw, 460px\" \/><\/a><\/p>\n<p>&nbsp;<\/p>\n<p><strong>Tultepec, Estado de M\u00e9xico<\/strong>.- El ayuntamiento de Tultepec, a trav\u00e9s del Instituto de Cultura F\u00edsica y Deporte anunci\u00f3 la\u00a0Segunda Carrera Friends and Love, a realizarse el domingo 10 de febrero pr\u00f3ximo, la cual consta de un recorrido de 10 kil\u00f3metros por las principales calles y avenidas del territorio municipal en pareja.<\/p>\n<p>As\u00ed lo anunci\u00f3 Gerardo Ram\u00edrez, titular del Instituto de Cultura F\u00edsica y Deporte, quien precis\u00f3 que la corrida se llevar\u00e1 a cabo por segundo a\u00f1o consecutivo en el marco del D\u00eda del Amor y la Amistad, partir\u00e1 en punto de las 8:00 de la Concha Ac\u00fastica del Centro, como una actividad deportiva y recreativa m\u00e1s de convivencia familiar y entre amigos.<\/p>\n<p>La convocatoria de inscripciones va dirigida para parejas de amigos, novios o esposos; donde se premiar\u00e1 a los tres primeros lugares, siempre y cuando crucen la meta juntos, con el list\u00f3n que les ser\u00e1 proporcionado en el momento en que realicen su inscripci\u00f3n.<\/p>\n<p>Los registros tienen cupo limitado a 150 parejas y se llevar\u00e1 a cabo los d\u00edas s\u00e1bado 2, domingo 3 y lunes 4 de febrero en el m\u00f3dulo de informaci\u00f3n tur\u00edstica ubicado en el Jard\u00edn Principal, frente a la presidencia municipal, de las 9:00 a las 18:00 horas.<\/p>\n<p>Las parejas interesadas en participar s\u00f3lo necesitan presentar su copia de la credencial del INE por ambos lados, y en el caso de ser menores de edad, la copia de su CURP, en las categor\u00edas de pareja y amigos.<\/p>\n<p>La inscripci\u00f3n es gratuita para corredores de Tultepec y el costo para participantes de otros municipios, ser\u00e1 de 50 pesos.<\/p>\n<p>Las tres primeras parejas de amigos, novios o esposos; obtendr\u00e1n como premio una cena rom\u00e1ntica para dos personas.<\/p>\n","protected":false},"excerpt":{"rendered":"<p>El ayuntamiento de Tultepec, a trav\u00e9s del Instituto de Cultura F\u00edsica y Deporte anunci\u00f3 la Segunda Carrera Friends and Love, a realizarse el domingo 10 de febrero pr\u00f3ximo, la cual consta de un recorrido de 10 kil\u00f3metros por las principales calles y avenidas del territorio municipal en pareja.<\/p>\n","protected":false},"author":3,"featured_media":413648,"comment_status":"open","ping_status":"open","sticky":false,"template":"","format":"standard","meta":{"_monsterinsights_skip_tracking":false,"_monsterinsights_sitenote_active":false,"_monsterinsights_sitenote_note":"","_monsterinsights_sitenote_category":0,"footnotes":""},"categories":[35155],"tags":[82506,43675,82505,72889,3802],"class_list":["post-413606","post","type-post","status-publish","format-standard","has-post-thumbnail","hentry","category-estado-de-mexico-estado-de-mexico","tag-atados","tag-estado-de-mexico","tag-liston","tag-meta","tag-tultepec"],"_links":{"self":[{"href":"https:\/\/www.diarioimagen.net\/index.php?rest_route=\/wp\/v2\/posts\/413606","targetHints":{"allow":["GET"]}}],"collection":[{"href":"https:\/\/www.diarioimagen.net\/index.php?rest_route=\/wp\/v2\/posts"}],"about":[{"href":"https:\/\/www.diarioimagen.net\/index.php?rest_route=\/wp\/v2\/types\/post"}],"author":[{"embeddable":true,"href":"https:\/\/www.diarioimagen.net\/index.php?rest_route=\/wp\/v2\/users\/3"}],"replies":[{"embeddable":true,"href":"https:\/\/www.diarioimagen.net\/index.php?rest_route=%2Fwp%2Fv2%2Fcomments&post=413606"}],"version-history":[{"count":0,"href":"https:\/\/www.diarioimagen.net\/index.php?rest_route=\/wp\/v2\/posts\/413606\/revisions"}],"wp:featuredmedia":[{"embeddable":true,"href":"https:\/\/www.diarioimagen.net\/index.php?rest_route=\/wp\/v2\/media\/413648"}],"wp:attachment":[{"href":"https:\/\/www.diarioimagen.net\/index.php?rest_route=%2Fwp%2Fv2%2Fmedia&parent=413606"}],"wp:term":[{"taxonomy":"category","embeddable":true,"href":"https:\/\/www.diarioimagen.net\/index.php?rest_route=%2Fwp%2Fv2%2Fcategories&post=413606"},{"taxonomy":"post_tag","embeddable":true,"href":"https:\/\/www.diarioimagen.net\/index.php?rest_route=%2Fwp%2Fv2%2Ftags&post=413606"}],"curies":[{"name":"wp","href":"https:\/\/api.w.org\/{rel}","templated":true}]}}