{"id":413608,"date":"2019-02-04T00:04:40","date_gmt":"2019-02-04T06:04:40","guid":{"rendered":"https:\/\/www.diarioimagen.net\/?p=413608"},"modified":"2019-02-04T04:16:58","modified_gmt":"2019-02-04T10:16:58","slug":"alistan-selectivo-del-edomex-de-deportistas-especiales","status":"publish","type":"post","link":"https:\/\/www.diarioimagen.net\/?p=413608","title":{"rendered":"Alistan selectivo del Edomex de deportistas especiales"},"content":{"rendered":"<ul>\n<li><strong><em>Ser\u00e1 en el municipio de Chimalhuac\u00e1n, en el mes de abril<\/em><\/strong><\/li>\n<\/ul>\n<p>&nbsp;<\/p>\n<div id=\"attachment_413663\" style=\"width: 470px\" class=\"wp-caption aligncenter\"><a href=\"https:\/\/www.diarioimagen.net\/?attachment_id=413663\" rel=\"attachment wp-att-413663\"><img loading=\"lazy\" decoding=\"async\" aria-describedby=\"caption-attachment-413663\" class=\"size-large wp-image-413663\" src=\"https:\/\/www.diarioimagen.net\/wp-content\/uploads\/2019\/02\/SELECTIVO4-460x259.jpg\" alt=\"\" width=\"460\" height=\"259\" srcset=\"https:\/\/www.diarioimagen.net\/wp-content\/uploads\/2019\/02\/SELECTIVO4-460x259.jpg 460w, https:\/\/www.diarioimagen.net\/wp-content\/uploads\/2019\/02\/SELECTIVO4-240x135.jpg 240w, https:\/\/www.diarioimagen.net\/wp-content\/uploads\/2019\/02\/SELECTIVO4-235x132.jpg 235w, https:\/\/www.diarioimagen.net\/wp-content\/uploads\/2019\/02\/SELECTIVO4-202x114.jpg 202w, https:\/\/www.diarioimagen.net\/wp-content\/uploads\/2019\/02\/SELECTIVO4-350x196.jpg 350w, https:\/\/www.diarioimagen.net\/wp-content\/uploads\/2019\/02\/SELECTIVO4-220x123.jpg 220w, https:\/\/www.diarioimagen.net\/wp-content\/uploads\/2019\/02\/SELECTIVO4-237x132.jpg 237w, https:\/\/www.diarioimagen.net\/wp-content\/uploads\/2019\/02\/SELECTIVO4.jpg 480w\" sizes=\"auto, (max-width: 460px) 100vw, 460px\" \/><\/a><p id=\"caption-attachment-413663\" class=\"wp-caption-text\">Participar\u00e1n m\u00e1s de 200 competidores en las disciplinas de atletismo, nataci\u00f3n y tenis de mesa.<\/p><\/div>\n<p>&nbsp;<\/p>\n<p><strong>Zinacantepec, Estado de M\u00e9xico<\/strong>. La Asociaci\u00f3n de Deportistas Especiales del Estado de M\u00e9xico, con el aval de la Direcci\u00f3n General de Cultura F\u00edsica y Deporte de la Secretar\u00eda de Cultura, prepara el Selectivo Estatal rumbo a la Paralimpiada Nacional 2019, en la Unidad Deportiva \u201cLa Laguna\u201d, en el municipio de Chimalhuac\u00e1n.<\/p>\n<p>El presidente de la Asociaci\u00f3n, \u00d3scar Valadez C\u00e1zares, indic\u00f3 que el certamen se desarrollar\u00e1 durante el primer fin de semana de abril, en los deportes de atletismo, nataci\u00f3n y tenis de mesa, donde se espera la participaci\u00f3n de 200 deportistas, los cuales buscar\u00e1n las marcas que los coloquen en la competencia nacional.<\/p>\n<p>\u201cEn abril ser\u00e1 el selectivo rumbo a la Paralimpiada Nacional 2019. Cada vez se pm\u00e1s dif\u00edcil, necesitamos integrar a la delegaci\u00f3n del Estado de M\u00e9xico lo m\u00e1s pronto posible, para que lleguen a su m\u00e1ximo. La idea es mejorar, atr\u00e1s ni para agarrar vuelo, el objetivo es presionar a Jalisco y Nuevo Le\u00f3n, que son los rivales m\u00e1s fuertes\u201d, afirm\u00f3 el responsable del deporte para personas con S\u00edndrome de Down y con discapacidad intelectual en la entidad.<\/p>\n<p>Se espera que la delegaci\u00f3n mexiquense quede conformada por 60 deportistas, en la cual se integrar\u00e1n atletas con experiencia en paralimpiadas y ni\u00f1os en las categor\u00edas de menor edad, quienes har\u00e1n su debut en este evento, pero que han entrenado durante algunos a\u00f1os.<\/p>\n<p>Finalmente, Valadez C\u00e1zares se\u00f1al\u00f3 que cada vez se lleva una delegaci\u00f3n mejor preparada a las competencias nacionales, gracias a un esfuerzo en conjunto en especial la labor de las y los entrenadores, expertos en la preparaci\u00f3n de los atletas especiales.<\/p>\n","protected":false},"excerpt":{"rendered":"<p>La Asociaci\u00f3n de Deportistas Especiales del Estado de M\u00e9xico, con el aval de la Direcci\u00f3n General de Cultura F\u00edsica y Deporte de la Secretar\u00eda de Cultura, prepara el Selectivo Estatal rumbo a la Paralimpiada Nacional 2019, en la Unidad Deportiva \u201cLa Laguna\u201d, en el municipio de Chimalhuac\u00e1n. <\/p>\n","protected":false},"author":3,"featured_media":413663,"comment_status":"open","ping_status":"open","sticky":false,"template":"","format":"standard","meta":{"_monsterinsights_skip_tracking":false,"_monsterinsights_sitenote_active":false,"_monsterinsights_sitenote_note":"","_monsterinsights_sitenote_category":0,"footnotes":""},"categories":[35155],"tags":[16505,43675,82507,184],"class_list":["post-413608","post","type-post","status-publish","format-standard","has-post-thumbnail","hentry","category-estado-de-mexico-estado-de-mexico","tag-deportistas","tag-estado-de-mexico","tag-selectivo","tag-zinacantepec"],"_links":{"self":[{"href":"https:\/\/www.diarioimagen.net\/index.php?rest_route=\/wp\/v2\/posts\/413608","targetHints":{"allow":["GET"]}}],"collection":[{"href":"https:\/\/www.diarioimagen.net\/index.php?rest_route=\/wp\/v2\/posts"}],"about":[{"href":"https:\/\/www.diarioimagen.net\/index.php?rest_route=\/wp\/v2\/types\/post"}],"author":[{"embeddable":true,"href":"https:\/\/www.diarioimagen.net\/index.php?rest_route=\/wp\/v2\/users\/3"}],"replies":[{"embeddable":true,"href":"https:\/\/www.diarioimagen.net\/index.php?rest_route=%2Fwp%2Fv2%2Fcomments&post=413608"}],"version-history":[{"count":0,"href":"https:\/\/www.diarioimagen.net\/index.php?rest_route=\/wp\/v2\/posts\/413608\/revisions"}],"wp:featuredmedia":[{"embeddable":true,"href":"https:\/\/www.diarioimagen.net\/index.php?rest_route=\/wp\/v2\/media\/413663"}],"wp:attachment":[{"href":"https:\/\/www.diarioimagen.net\/index.php?rest_route=%2Fwp%2Fv2%2Fmedia&parent=413608"}],"wp:term":[{"taxonomy":"category","embeddable":true,"href":"https:\/\/www.diarioimagen.net\/index.php?rest_route=%2Fwp%2Fv2%2Fcategories&post=413608"},{"taxonomy":"post_tag","embeddable":true,"href":"https:\/\/www.diarioimagen.net\/index.php?rest_route=%2Fwp%2Fv2%2Ftags&post=413608"}],"curies":[{"name":"wp","href":"https:\/\/api.w.org\/{rel}","templated":true}]}}