{"id":413704,"date":"2019-02-04T00:04:36","date_gmt":"2019-02-04T06:04:36","guid":{"rendered":"https:\/\/www.diarioimagen.net\/?p=413704"},"modified":"2019-02-04T04:44:23","modified_gmt":"2019-02-04T10:44:23","slug":"le-tomaron-el-pelo","status":"publish","type":"post","link":"https:\/\/www.diarioimagen.net\/?p=413704","title":{"rendered":"Le tomaron el pelo"},"content":{"rendered":"<h2>Espacio Electoral<\/h2>\n<h5>Eleazar Flores<\/h5>\n<p>&nbsp;<\/p>\n<p>&nbsp;<\/p>\n<p><strong>SE AUTOENGA\u00d1AN<\/strong>.- No solamente los dirigentes de la Coordinadora Nacional de Trabajadores\u00a0 de la Educaci\u00f3n mienten, tambi\u00e9n los pol\u00edticos, pero da la casualidad que a \u00e9stos ya ni se les contabilizan sus \u201cverdades\u201d, tal vez porque es la constante del mundo en que se mueven.<\/p>\n<p>Las mentiras de la CNTE, por no liberar la totalidad de las v\u00edas f\u00e9rreas en Michoac\u00e1n, no obstante que el gobierno les solt\u00f3 m\u00e1s de mil millones de pesos \u201cdizque\u201d para pagos rezagados. En cuanto a mentiras del gobierno\u00a0 es por asegurar que todo est\u00e1 en calma, cuando los medios reportan a diario, fuegos cruzados y muertes de presuntos delincuentes, as\u00ed como marinos, soldados, etc.<\/p>\n<p><strong>CNTE<\/strong>.- Si no desinformado, cuando menos informado parcialmente, el Presidente agradeci\u00f3 a los centistas el que hayan liberado las v\u00edas f\u00e9rreas en Michoac\u00e1n. Un d\u00eda despu\u00e9s se supo que los docentes, manten\u00edan bloqueadas tres pasos de esas v\u00edas del tren\u00a0 y que para liberarlas exig\u00edan m\u00e1s dinero. Ese dinero no es del gobierno, sino de quienes pagamos impuestos.<\/p>\n<p><strong>VERACRUZ<\/strong>.- En el estado, hoy gobernado por Morena, por medio de Cuitl\u00e1huac Garc\u00eda, el Presidente se sinti\u00f3 como si estuviera en Macuspana. Esto se debe a que el pri\u00edsmo del encarcelado <em>Javid\u00fa<\/em> o el panismo del ex pri\u00edsta y panista Yunes, han quedado atr\u00e1s. Entusiasmado por la c\u00e1lida recepci\u00f3n de la que fue objeto, AMLO dijo cosas ajenas a la realidad.<\/p>\n<p>Una de ellas se relaciona a que \u201cprimero los mexicanos, despu\u00e9s todo lo dem\u00e1s\u201d, y que la lucha contra el huachicol seguir\u00e1, no obstante las amenazas de las que ha sido objeto, sobre todo \u00faltimas fechas. Para bien de todos, se ha visto que su equipo de seguridad ha aumentado y ojal\u00e1 y sea eficiente para evitar sustos de toda \u00edndole a M\u00e9xico y a \u00e9l.<\/p>\n<p>Asegurar que primero los mexicanos y despu\u00e9s todo lo dem\u00e1s no es totalmente cierto. Un ejemplo basta, a los inmigrantes centroamericanos que lo deseen se les facilita al m\u00e1ximo la posibilidad de emplearlos en entidades del sureste, dejando para segunda opci\u00f3n a los \u201cpaisanos\u201d. Qu\u00e9 bueno que se ocupe a los migrantes, pero tambi\u00e9n es cierto que desplazan a mexicanos.<\/p>\n<p><strong>EDOMEX<\/strong>-. En el Estado de M\u00e9xico se han registrado algunos relevos de primer nivel. El m\u00e1s visible es la designaci\u00f3n del naucalpense Enrique Jacob Rocha, como secretario de Desarrollo Econ\u00f3mico, en lugar de Alberto Curi, con desempe\u00f1o m\u00e1s que satisfactorio. Tambi\u00e9n la salida, -tan esperada-, de Carlos Aguilar de TV mexiquense.<\/p>\n<p>Su sucesor parece ser otro <em>chilango, <\/em>de nombre Rodrigo Jim\u00e9nez. La tendr\u00e1 f\u00e1cil para superar lo hecho por Aguilar, dado que fue muy poco.<\/p>\n<p><a href=\"mailto:elefa44@gmail.com\" target=\"_blank\" rel=\"noopener\"><em>elefa44@gmail.com<\/em><\/a><\/p>\n","protected":false},"excerpt":{"rendered":"<p><span style=\"color: #005497;\"><strong>Eleazar Flores<\/strong><\/span><\/p>\n","protected":false},"author":3,"featured_media":0,"comment_status":"open","ping_status":"open","sticky":false,"template":"","format":"standard","meta":{"_monsterinsights_skip_tracking":false,"_monsterinsights_sitenote_active":false,"_monsterinsights_sitenote_note":"","_monsterinsights_sitenote_category":0,"footnotes":""},"categories":[81743],"tags":[46970,43674],"class_list":["post-413704","post","type-post","status-publish","format-standard","hentry","category-eleazar-flores","tag-espacio","tag-opinion"],"_links":{"self":[{"href":"https:\/\/www.diarioimagen.net\/index.php?rest_route=\/wp\/v2\/posts\/413704","targetHints":{"allow":["GET"]}}],"collection":[{"href":"https:\/\/www.diarioimagen.net\/index.php?rest_route=\/wp\/v2\/posts"}],"about":[{"href":"https:\/\/www.diarioimagen.net\/index.php?rest_route=\/wp\/v2\/types\/post"}],"author":[{"embeddable":true,"href":"https:\/\/www.diarioimagen.net\/index.php?rest_route=\/wp\/v2\/users\/3"}],"replies":[{"embeddable":true,"href":"https:\/\/www.diarioimagen.net\/index.php?rest_route=%2Fwp%2Fv2%2Fcomments&post=413704"}],"version-history":[{"count":0,"href":"https:\/\/www.diarioimagen.net\/index.php?rest_route=\/wp\/v2\/posts\/413704\/revisions"}],"wp:attachment":[{"href":"https:\/\/www.diarioimagen.net\/index.php?rest_route=%2Fwp%2Fv2%2Fmedia&parent=413704"}],"wp:term":[{"taxonomy":"category","embeddable":true,"href":"https:\/\/www.diarioimagen.net\/index.php?rest_route=%2Fwp%2Fv2%2Fcategories&post=413704"},{"taxonomy":"post_tag","embeddable":true,"href":"https:\/\/www.diarioimagen.net\/index.php?rest_route=%2Fwp%2Fv2%2Ftags&post=413704"}],"curies":[{"name":"wp","href":"https:\/\/api.w.org\/{rel}","templated":true}]}}