{"id":413768,"date":"2019-02-05T00:11:46","date_gmt":"2019-02-05T06:11:46","guid":{"rendered":"https:\/\/www.diarioimagen.net\/?p=413768"},"modified":"2019-02-05T04:26:14","modified_gmt":"2019-02-05T10:26:14","slug":"atencion-psicologica-de-uaem-brinda-servicio-gratuito","status":"publish","type":"post","link":"https:\/\/www.diarioimagen.net\/?p=413768","title":{"rendered":"Atenci\u00f3n Psicol\u00f3gica de UAEM brinda servicio gratuito"},"content":{"rendered":"<ul>\n<li><strong><em>En casos de duelo, adicciones y conductas autolesivas<\/em><\/strong><\/li>\n<\/ul>\n<p>&nbsp;<\/p>\n<div id=\"attachment_413829\" style=\"width: 470px\" class=\"wp-caption aligncenter\"><a href=\"https:\/\/www.diarioimagen.net\/?attachment_id=413829\" rel=\"attachment wp-att-413829\"><img loading=\"lazy\" decoding=\"async\" aria-describedby=\"caption-attachment-413829\" class=\"size-large wp-image-413829\" src=\"https:\/\/www.diarioimagen.net\/wp-content\/uploads\/2019\/02\/UAEM-8-460x259.jpg\" alt=\"\" width=\"460\" height=\"259\" srcset=\"https:\/\/www.diarioimagen.net\/wp-content\/uploads\/2019\/02\/UAEM-8-460x259.jpg 460w, https:\/\/www.diarioimagen.net\/wp-content\/uploads\/2019\/02\/UAEM-8-240x135.jpg 240w, https:\/\/www.diarioimagen.net\/wp-content\/uploads\/2019\/02\/UAEM-8-235x132.jpg 235w, https:\/\/www.diarioimagen.net\/wp-content\/uploads\/2019\/02\/UAEM-8-202x114.jpg 202w, https:\/\/www.diarioimagen.net\/wp-content\/uploads\/2019\/02\/UAEM-8-350x196.jpg 350w, https:\/\/www.diarioimagen.net\/wp-content\/uploads\/2019\/02\/UAEM-8-220x123.jpg 220w, https:\/\/www.diarioimagen.net\/wp-content\/uploads\/2019\/02\/UAEM-8-237x132.jpg 237w, https:\/\/www.diarioimagen.net\/wp-content\/uploads\/2019\/02\/UAEM-8.jpg 480w\" sizes=\"auto, (max-width: 460px) 100vw, 460px\" \/><\/a><p id=\"caption-attachment-413829\" class=\"wp-caption-text\">Especialistas brindan atenci\u00f3n en casos de duelo por p\u00e9rdida de seres queridos, trastorno de estr\u00e9s postraum\u00e1tico, adicciones y conductas autolesivas.<\/p><\/div>\n<p>&nbsp;<\/p>\n<p><strong>Toluca, Estado de M\u00e9xico<\/strong>.\u2013 La Facultad de Ciencias de la Conducta de la Universidad Aut\u00f3noma del Estado de M\u00e9xico ofrece a estudiantes, docentes y trabajadores administrativos, as\u00ed como p\u00fablico en general, la L\u00ednea de Atenci\u00f3n Psicol\u00f3gica, que brinda servicio gratuito y confidencial, en caso de una situaci\u00f3n de crisis o alteraci\u00f3n an\u00edmica que requiera la orientaci\u00f3n de un profesional.<\/p>\n<p>El coordinador del Centro de Estudios y Servicios Psicol\u00f3gicos Integrales (CESPI) de la UAEM, Alejandro Guti\u00e9rrez Cede\u00f1o, destac\u00f3 que a trav\u00e9s del n\u00famero telef\u00f3nico (722) 4 62 82 87, ocho especialistas brindan atenci\u00f3n en casos de duelo por p\u00e9rdida de seres queridos, trastorno de estr\u00e9s postraum\u00e1tico, adicciones y conductas autolesivas, que puedan derivar, por ejemplo, en conductas suicidas.<\/p>\n<p>Con la infraestructura adecuada para la recepci\u00f3n de este tipo de llamadas telef\u00f3nicas, indic\u00f3, el call center de la L\u00ednea de Atenci\u00f3n Psicol\u00f3gica cuenta con protocolos para ofrecer auxilio psicol\u00f3gico, intervenci\u00f3n en crisis y terapia a mediano y largo plazo, as\u00ed como canalizaci\u00f3n a instituciones de salud.<\/p>\n<p>Precis\u00f3 que brinda servicio de lunes a viernes, de 7:00 a 20:00 horas, y los s\u00e1bados, de 7:00 a 13:00 horas, garantizando, en todo momento, el resguardo de la confidencialidad de la informaci\u00f3n.<\/p>\n<p>Consider\u00f3 que con respecto a una terapia presencial, la atenci\u00f3n inmediata ante una situaci\u00f3n de crisis es la mayor ventaja de la L\u00ednea de Atenci\u00f3n Psicol\u00f3gica de la UAEM.<\/p>\n<p>Finalmente, Alejandro Guti\u00e9rrez Cede\u00f1o subray\u00f3 la importancia de erradicar los estigmas sobre la atenci\u00f3n psicol\u00f3gica, pues toda la poblaci\u00f3n requiere, en ciertos momentos de su vida, racionalizar los conflictos y enfrentarlos con la ayuda de un profesional.<\/p>\n","protected":false},"excerpt":{"rendered":"<p>La Facultad de Ciencias de la Conducta de la Universidad Aut\u00f3noma del Estado de M\u00e9xico ofrece a estudiantes, docentes y trabajadores administrativos, as\u00ed como p\u00fablico en general, la L\u00ednea de Atenci\u00f3n Psicol\u00f3gica, que brinda servicio gratuito y confidencial, en caso de una situaci\u00f3n de crisis o alteraci\u00f3n an\u00edmica que requiera la orientaci\u00f3n de un profesional.<\/p>\n","protected":false},"author":3,"featured_media":413829,"comment_status":"open","ping_status":"open","sticky":false,"template":"","format":"standard","meta":{"_monsterinsights_skip_tracking":false,"_monsterinsights_sitenote_active":false,"_monsterinsights_sitenote_note":"","_monsterinsights_sitenote_category":0,"footnotes":""},"categories":[5],"tags":[43675,82356,82561,452,1491],"class_list":["post-413768","post","type-post","status-publish","format-standard","has-post-thumbnail","hentry","category-estado-de-mexico","tag-estado-de-mexico","tag-psicologica","tag-servicio-gratuito","tag-toluca","tag-uaem"],"_links":{"self":[{"href":"https:\/\/www.diarioimagen.net\/index.php?rest_route=\/wp\/v2\/posts\/413768","targetHints":{"allow":["GET"]}}],"collection":[{"href":"https:\/\/www.diarioimagen.net\/index.php?rest_route=\/wp\/v2\/posts"}],"about":[{"href":"https:\/\/www.diarioimagen.net\/index.php?rest_route=\/wp\/v2\/types\/post"}],"author":[{"embeddable":true,"href":"https:\/\/www.diarioimagen.net\/index.php?rest_route=\/wp\/v2\/users\/3"}],"replies":[{"embeddable":true,"href":"https:\/\/www.diarioimagen.net\/index.php?rest_route=%2Fwp%2Fv2%2Fcomments&post=413768"}],"version-history":[{"count":0,"href":"https:\/\/www.diarioimagen.net\/index.php?rest_route=\/wp\/v2\/posts\/413768\/revisions"}],"wp:featuredmedia":[{"embeddable":true,"href":"https:\/\/www.diarioimagen.net\/index.php?rest_route=\/wp\/v2\/media\/413829"}],"wp:attachment":[{"href":"https:\/\/www.diarioimagen.net\/index.php?rest_route=%2Fwp%2Fv2%2Fmedia&parent=413768"}],"wp:term":[{"taxonomy":"category","embeddable":true,"href":"https:\/\/www.diarioimagen.net\/index.php?rest_route=%2Fwp%2Fv2%2Fcategories&post=413768"},{"taxonomy":"post_tag","embeddable":true,"href":"https:\/\/www.diarioimagen.net\/index.php?rest_route=%2Fwp%2Fv2%2Ftags&post=413768"}],"curies":[{"name":"wp","href":"https:\/\/api.w.org\/{rel}","templated":true}]}}