{"id":413813,"date":"2019-02-05T00:07:34","date_gmt":"2019-02-05T06:07:34","guid":{"rendered":"https:\/\/www.diarioimagen.net\/?p=413813"},"modified":"2019-02-05T04:48:40","modified_gmt":"2019-02-05T10:48:40","slug":"mas-organizaciones-sindicales-se-afilian-a-la-confepider-david-parra","status":"publish","type":"post","link":"https:\/\/www.diarioimagen.net\/?p=413813","title":{"rendered":"M\u00e1s organizaciones sindicales se afilian a la Confepider: David Parra"},"content":{"rendered":"<div id=\"attachment_413864\" style=\"width: 260px\" class=\"wp-caption alignleft\"><a href=\"https:\/\/www.diarioimagen.net\/?attachment_id=413864\" rel=\"attachment wp-att-413864\"><img loading=\"lazy\" decoding=\"async\" aria-describedby=\"caption-attachment-413864\" class=\" wp-image-413864\" src=\"https:\/\/www.diarioimagen.net\/wp-content\/uploads\/2019\/02\/david-parra-377x460.jpg\" alt=\"\" width=\"250\" height=\"305\" srcset=\"https:\/\/www.diarioimagen.net\/wp-content\/uploads\/2019\/02\/david-parra-377x460.jpg 377w, https:\/\/www.diarioimagen.net\/wp-content\/uploads\/2019\/02\/david-parra-197x240.jpg 197w, https:\/\/www.diarioimagen.net\/wp-content\/uploads\/2019\/02\/david-parra.jpg 456w\" sizes=\"auto, (max-width: 250px) 100vw, 250px\" \/><\/a><p id=\"caption-attachment-413864\" class=\"wp-caption-text\">David Parra S\u00e1nchez.<\/p><\/div>\n<p><strong>Naucalpan, Estado de M\u00e9xico.-\u00a0<\/strong>Hasta el momento, las organizaciones sindicales m\u00e1s fuertes de once \u00a0estados del pa\u00eds, \u00a0se han afiliado a la Confederaci\u00f3n de Servidores P\u00fablicos de los Poderes de los Estados, Municipios e Instituciones Descentralizadas de la Rep\u00fablica Mexicana (Confepider) con el objetivo principal de consolidar la unidad sindical en la defensa de los derechos y conquistas laborales de los trabajadores.<\/p>\n<p>As\u00ed lo se\u00f1al\u00f3 David Parra S\u00e1nchez, dirigente en el Estado de M\u00e9xico de la\u00a0 agrupaci\u00f3n gremial, luego de se\u00f1alar que \u201clas conquistas laborales de los trabajadores de este pa\u00eds, est\u00e1n debidamente garantizadas y en ello no daremos ni un paso atr\u00e1s\u201d.<\/p>\n","protected":false},"excerpt":{"rendered":"<p>Hasta el momento, las organizaciones sindicales m\u00e1s fuertes de once  estados del pa\u00eds,  se han afiliado a la Confederaci\u00f3n de Servidores P\u00fablicos de los Poderes de los Estados, Municipios e Instituciones Descentralizadas de la Rep\u00fablica Mexicana (Confepider) con el objetivo principal de consolidar la unidad sindical en la defensa de los derechos y conquistas laborales de los trabajadores.<\/p>\n","protected":false},"author":3,"featured_media":413864,"comment_status":"open","ping_status":"open","sticky":false,"template":"","format":"standard","meta":{"_monsterinsights_skip_tracking":false,"_monsterinsights_sitenote_active":false,"_monsterinsights_sitenote_note":"","_monsterinsights_sitenote_category":0,"footnotes":""},"categories":[35155],"tags":[73180,43675,970],"class_list":["post-413813","post","type-post","status-publish","format-standard","has-post-thumbnail","hentry","category-estado-de-mexico-estado-de-mexico","tag-confepider","tag-estado-de-mexico","tag-naucalpan"],"_links":{"self":[{"href":"https:\/\/www.diarioimagen.net\/index.php?rest_route=\/wp\/v2\/posts\/413813","targetHints":{"allow":["GET"]}}],"collection":[{"href":"https:\/\/www.diarioimagen.net\/index.php?rest_route=\/wp\/v2\/posts"}],"about":[{"href":"https:\/\/www.diarioimagen.net\/index.php?rest_route=\/wp\/v2\/types\/post"}],"author":[{"embeddable":true,"href":"https:\/\/www.diarioimagen.net\/index.php?rest_route=\/wp\/v2\/users\/3"}],"replies":[{"embeddable":true,"href":"https:\/\/www.diarioimagen.net\/index.php?rest_route=%2Fwp%2Fv2%2Fcomments&post=413813"}],"version-history":[{"count":0,"href":"https:\/\/www.diarioimagen.net\/index.php?rest_route=\/wp\/v2\/posts\/413813\/revisions"}],"wp:featuredmedia":[{"embeddable":true,"href":"https:\/\/www.diarioimagen.net\/index.php?rest_route=\/wp\/v2\/media\/413864"}],"wp:attachment":[{"href":"https:\/\/www.diarioimagen.net\/index.php?rest_route=%2Fwp%2Fv2%2Fmedia&parent=413813"}],"wp:term":[{"taxonomy":"category","embeddable":true,"href":"https:\/\/www.diarioimagen.net\/index.php?rest_route=%2Fwp%2Fv2%2Fcategories&post=413813"},{"taxonomy":"post_tag","embeddable":true,"href":"https:\/\/www.diarioimagen.net\/index.php?rest_route=%2Fwp%2Fv2%2Ftags&post=413813"}],"curies":[{"name":"wp","href":"https:\/\/api.w.org\/{rel}","templated":true}]}}