{"id":413815,"date":"2019-02-05T00:06:54","date_gmt":"2019-02-05T06:06:54","guid":{"rendered":"https:\/\/www.diarioimagen.net\/?p=413815"},"modified":"2019-02-05T04:49:32","modified_gmt":"2019-02-05T10:49:32","slug":"cabildo-de-cuautitlan-izcalli-aprueba-su-bando-municipal","status":"publish","type":"post","link":"https:\/\/www.diarioimagen.net\/?p=413815","title":{"rendered":"Cabildo de Cuautitl\u00e1n Izcalli aprueba su Bando Municipal"},"content":{"rendered":"<ul>\n<li><strong><em>Ideas y propuestas a favor de los ciudadanos<\/em><\/strong><\/li>\n<\/ul>\n<p>&nbsp;<\/p>\n<div id=\"attachment_413868\" style=\"width: 470px\" class=\"wp-caption aligncenter\"><a href=\"https:\/\/www.diarioimagen.net\/?attachment_id=413868\" rel=\"attachment wp-att-413868\"><img loading=\"lazy\" decoding=\"async\" aria-describedby=\"caption-attachment-413868\" class=\"size-large wp-image-413868\" src=\"https:\/\/www.diarioimagen.net\/wp-content\/uploads\/2019\/02\/CUAUTITLAN-5-460x259.jpg\" alt=\"\" width=\"460\" height=\"259\" srcset=\"https:\/\/www.diarioimagen.net\/wp-content\/uploads\/2019\/02\/CUAUTITLAN-5-460x259.jpg 460w, https:\/\/www.diarioimagen.net\/wp-content\/uploads\/2019\/02\/CUAUTITLAN-5-240x135.jpg 240w, https:\/\/www.diarioimagen.net\/wp-content\/uploads\/2019\/02\/CUAUTITLAN-5-235x132.jpg 235w, https:\/\/www.diarioimagen.net\/wp-content\/uploads\/2019\/02\/CUAUTITLAN-5-202x114.jpg 202w, https:\/\/www.diarioimagen.net\/wp-content\/uploads\/2019\/02\/CUAUTITLAN-5-350x196.jpg 350w, https:\/\/www.diarioimagen.net\/wp-content\/uploads\/2019\/02\/CUAUTITLAN-5-220x123.jpg 220w, https:\/\/www.diarioimagen.net\/wp-content\/uploads\/2019\/02\/CUAUTITLAN-5-237x132.jpg 237w, https:\/\/www.diarioimagen.net\/wp-content\/uploads\/2019\/02\/CUAUTITLAN-5.jpg 480w\" sizes=\"auto, (max-width: 460px) 100vw, 460px\" \/><\/a><p id=\"caption-attachment-413868\" class=\"wp-caption-text\">El Cabildo del ayuntamiento aprob\u00f3 por unanimidad el Bando Municipal 2019 de Cuautitl\u00e1n Izcalli.<\/p><\/div>\n<p>&nbsp;<\/p>\n<p><strong>Cuautitl\u00e1n Izcalli, Estado de M\u00e9xico<\/strong>.- Durante la Tercera Sesi\u00f3n Extraordinaria, el cabildo del ayuntamiento aprob\u00f3 por unanimidad el Bando Municipal 2019 de Cuautitl\u00e1n Izcalli, constituido para atender las necesidades, exigencias y problemaqs de la ciudadan\u00eda.<\/p>\n<p>El Bando, que incluye 190 art\u00edculos, fortalece temas de suma importancia, como el inter\u00e9s superior de la ni\u00f1ez; la equidad de g\u00e9nero, la prevenci\u00f3n, atenci\u00f3n, sanci\u00f3n y erradicaci\u00f3n de la violencia; fomento de la cultura f\u00edsica y el deporte; el desarrollo de las personas con discapacidad; la mejora regulatoria de seguridad p\u00fablica, transparencia, desarrollo y fomento econ\u00f3mico para impulsar el crecimiento del municipio; gobierno digital; acciones para combatir la corrupci\u00f3n; reconocimiento a los derechos animales y seguimiento a la agenda 2030.<\/p>\n<p>El alcalde, Ricardo N\u00fa\u00f1ez Ayala, agradeci\u00f3 al cuerpo edilicio por el trabajo en conjunto que se realiz\u00f3 para obtener un \u201cinstrumento jur\u00eddico que nos permita transitar dignamente en nuestra administraci\u00f3n\u201d. Adem\u00e1s de asegurar que todo esfuerzo se hizo en funci\u00f3n de los intereses generales de la gente.<\/p>\n<p>Por su parte, los integrantes del cabildo reconocieron y agradecieron que la Comisi\u00f3n de Revisi\u00f3n y Actualizaci\u00f3n de la Reglamentaci\u00f3n Municipal, presidida por el cuarto regidor Jonhath\u00e1n Guadarrama Montes, incluy\u00f3 a cada uno de los regidores y s\u00edndicos, como indic\u00f3 el d\u00e9cimo quinto regidor, Arturo Javier Del Moral Castro, \u201cpara la participaci\u00f3n en el desarrollo y mejora del Bando Municipal\u201d.<\/p>\n<p>&nbsp;<\/p>\n<p>El octavo regidor, Agust\u00edn Mercado Ben\u00edtez, se\u00f1al\u00f3 que \u201cafortunadamente tuvimos la oportunidad (quienes no integramos la comisi\u00f3n dedicada al tema del Bando Municipal) de generar equipo para adicionar y en su caso derogar, algunas disposiciones que iban en contra de la ciudadan\u00eda\u201d.<\/p>\n<p>La d\u00e9cima cuarta regidora Diana Hilda Ramos Rodr\u00edguez, mostr\u00f3 satisfacci\u00f3n de que, actividades como el volanteo para publicitar alg\u00fan comercio o actividad, se haya excluido del cap\u00edtulo de faltas administrativas.<\/p>\n<p>El segundo regidor Pablo Areli Galv\u00e1n Trejo, argument\u00f3 que los trabajos realizados para el Bando, les permiti\u00f3 contrastar lo que ocurr\u00eda en administraciones pasadas, en donde s\u00f3lo funcionaba para solapar o incentivar el abuso de autoridades, dejando a un lado los intereses generales de la ciudadan\u00eda.<\/p>\n<p>Mientras tanto, el d\u00e9cimo tercer regidor, Miguel \u00c1ngel Huesca Santiago, constat\u00f3 que se \u201cactu\u00f3 no como autoridad, sino como representantes populares, donde se vertieron ideas y propuestas a favor de los ciudadanos\u201d.<\/p>\n","protected":false},"excerpt":{"rendered":"<p>Durante la Tercera Sesi\u00f3n Extraordinaria, el cabildo del ayuntamiento aprob\u00f3 por unanimidad el Bando Municipal 2019 de Cuautitl\u00e1n Izcalli, constituido para atender las necesidades, exigencias y problemaqs de la ciudadan\u00eda.<\/p>\n","protected":false},"author":3,"featured_media":413868,"comment_status":"open","ping_status":"open","sticky":false,"template":"","format":"standard","meta":{"_monsterinsights_skip_tracking":false,"_monsterinsights_sitenote_active":false,"_monsterinsights_sitenote_note":"","_monsterinsights_sitenote_category":0,"footnotes":""},"categories":[35155],"tags":[971,43675],"class_list":["post-413815","post","type-post","status-publish","format-standard","has-post-thumbnail","hentry","category-estado-de-mexico-estado-de-mexico","tag-cuautitlan-izcalli","tag-estado-de-mexico"],"_links":{"self":[{"href":"https:\/\/www.diarioimagen.net\/index.php?rest_route=\/wp\/v2\/posts\/413815","targetHints":{"allow":["GET"]}}],"collection":[{"href":"https:\/\/www.diarioimagen.net\/index.php?rest_route=\/wp\/v2\/posts"}],"about":[{"href":"https:\/\/www.diarioimagen.net\/index.php?rest_route=\/wp\/v2\/types\/post"}],"author":[{"embeddable":true,"href":"https:\/\/www.diarioimagen.net\/index.php?rest_route=\/wp\/v2\/users\/3"}],"replies":[{"embeddable":true,"href":"https:\/\/www.diarioimagen.net\/index.php?rest_route=%2Fwp%2Fv2%2Fcomments&post=413815"}],"version-history":[{"count":0,"href":"https:\/\/www.diarioimagen.net\/index.php?rest_route=\/wp\/v2\/posts\/413815\/revisions"}],"wp:featuredmedia":[{"embeddable":true,"href":"https:\/\/www.diarioimagen.net\/index.php?rest_route=\/wp\/v2\/media\/413868"}],"wp:attachment":[{"href":"https:\/\/www.diarioimagen.net\/index.php?rest_route=%2Fwp%2Fv2%2Fmedia&parent=413815"}],"wp:term":[{"taxonomy":"category","embeddable":true,"href":"https:\/\/www.diarioimagen.net\/index.php?rest_route=%2Fwp%2Fv2%2Fcategories&post=413815"},{"taxonomy":"post_tag","embeddable":true,"href":"https:\/\/www.diarioimagen.net\/index.php?rest_route=%2Fwp%2Fv2%2Ftags&post=413815"}],"curies":[{"name":"wp","href":"https:\/\/api.w.org\/{rel}","templated":true}]}}