{"id":413894,"date":"2019-02-05T00:17:49","date_gmt":"2019-02-05T06:17:49","guid":{"rendered":"https:\/\/www.diarioimagen.net\/?p=413894"},"modified":"2019-02-12T01:39:08","modified_gmt":"2019-02-12T07:39:08","slug":"agenda-legislativa-a-sus-ordenes-jefe","status":"publish","type":"post","link":"https:\/\/www.diarioimagen.net\/?p=413894","title":{"rendered":"Agenda legislativa: \u00a1a sus \u00f3rdenes jefe!"},"content":{"rendered":"<h2>Caleidoscopio<\/h2>\n<h5>Guillermina G\u00f3mora Ord\u00f3\u00f1ez<\/h5>\n<p>&nbsp;<\/p>\n<p>Los pr\u00f3ximo tres meses ser\u00e1n cruciales en el Congreso para sentar las bases legislativas y constitucionales del gobierno que encabeza Andr\u00e9s Manuel L\u00f3pez Obrador; <strong>los coordinadores de Morena, Ricardo Monreal y Mario Delgado,<\/strong> deben sacar adelante las promesas de campa\u00f1a para hacer efectiva la Cuarta Transformaci\u00f3n.<\/p>\n<p>Atestiguaremos un duelo de estrategias, de toma y daca, entre los coordinadores de las bancadas, durante el segundo periodo ordinario de sesiones de <strong>la LXIV Legislatura federal<\/strong>, en el que se pretende aprobar el pol\u00e9mico tema de la Guardia Nacional, como quiere el Presidente, con el acompa\u00f1amiento de las fuerzas armadas en tareas de seguridad p\u00fablica.<\/p>\n<p>Una batalla nada sencilla, que con muchos tropiezos se libr\u00f3 en C\u00e1mara de Diputados y dej\u00f3 insatisfecho al jefe del Ejecutivo. Toca el turno al Senado escuchar las voces a favor y en contra para superar la aduana de quienes afirman que se pretende militarizar la seguridad y el pa\u00eds.<\/p>\n<p>Por cierto, en un hecho in\u00e9dito, <strong>los secretarios de la Defensa y de la Marina<\/strong> explicaron y defendieron en el Senado su compromiso con la seguridad nacional.<\/p>\n<p><strong>El almirante Jos\u00e9 Rafael Ojeda,<\/strong> afirm\u00f3: \u201clas fuerzas armadas no quieren militarizar al pa\u00eds, quieren sacar adelante al pa\u00eds. Damos la cara ante los derechos humanos, porque los respetamos\u201d.<\/p>\n<p>El titular de Marina record\u00f3: \u201cnos aventaron a esta batalla sin ning\u00fan entrenamiento ni nada por el estilo y hemos ido aprendiendo a trav\u00e9s de 18 a\u00f1os.<\/p>\n<p>\u201cNos ha costado vidas, tenemos a muchos elementos en las c\u00e1rceles por cometer errores, pero ustedes pueden constatar que estamos dando soluci\u00f3n a los problemas\u201d.<\/p>\n<p>S\u00f3lo que, trat\u00e1ndose de una reforma constitucional, debe ser aprobada por una mayor\u00eda calificada en la sesi\u00f3n del pleno en que el dictamen sea votado, (86 de 128). Los 24 senadores del PAN dijeron que votar\u00e1n en contra. Por lo que, <strong>Ricardo Monreal<\/strong> deber\u00e1 tejer fino con el <strong>PRI de Miguel \u00c1ngel Osorio<\/strong> y amarrar a sus aliados del PT, PVEM y PES, para sacar adelante la encomienda presidencial.<\/p>\n<p>Sin duda, ma\u00f1ana, durante la reuni\u00f3n plenaria del grupo parlamentario de Morena, Monreal dejar\u00e1 muy claro cu\u00e1les son las prioridades del presidente L\u00f3pez Obrador. Puede anotar: eliminaci\u00f3n del fuero, revocaci\u00f3n de mandato, reformas al C\u00f3digo Nacional de Procedimientos Penales, para darle congruencia al Cat\u00e1logo de Delitos Graves, robo de hidrocarburos; la Ley federal de Armas de Fuego; la despenalizaci\u00f3n de la <em>cannabis<\/em> o uso recreativo de la mariguana; el combate a empresas fantasma; la disminuci\u00f3n de las prerrogativas a los partidos pol\u00edticos y la iniciativa para regular las comisiones bancarias.<\/p>\n<p>As\u00ed las cosas, en la mesa de las negociaciones seguramente estar\u00e1n las dos gubernaturas en juego (Baja California y Puebla) y los 141 cargos de elecci\u00f3n del pr\u00f3ximo 2 de junio. Adem\u00e1s, la satisfacci\u00f3n de entregar buenas cuentas en Palacio Nacional.\u00a0 <strong>\u00a1A sus \u00f3rdenes Jefe!<\/strong><\/p>\n<p>&nbsp;<\/p>\n<p style=\"text-align: center;\"><strong>VERICUENTOS<\/strong><\/p>\n<p style=\"text-align: center;\"><strong>Reforma Educativa &#8211; Frente legislativo<\/strong><\/p>\n<p>De pron\u00f3stico reservado las reuniones en la <strong>C\u00e1mara de Diputados<\/strong> rumbo a la contrarreforma educativa que impulsa el gobierno de la #4-T y sus aliados inc\u00f3modos de la <strong>CNTE. <\/strong><\/p>\n<p>Las fracciones de oposici\u00f3n en San L\u00e1zaro advirtieron que presentar\u00e1n en los pr\u00f3ximos d\u00edas una propuesta alternativa e integral de Reforma Educativa, a fin de contrastarla con el proyecto del presidente L\u00f3pez Obrador.<\/p>\n<p>El <strong>coordinador del PAN, Juan Carlos Romero Hicks<\/strong>, calific\u00f3 como \u201cd\u00e9bil\u201d y regresivo el planteamiento de Morena en el Congreso. \u00bfEducar o adoctrinar?, es la disyuntiva. <strong>\u00a1\u00d3rale!<\/strong><\/p>\n<p style=\"text-align: center;\"><strong>\u00bfEncuesta para Puebla?<\/strong><\/p>\n<p>A <strong>Luis Miguel Barbosa,<\/strong> ya le complicaron la pr\u00f3xima elecci\u00f3n de candidato al gobierno de Puebla. <strong>Ricardo<\/strong> <strong>Monreal<\/strong>, <strong>coordinador<\/strong> <strong>de<\/strong> <strong>Morena<\/strong> <strong>en<\/strong> <strong>el<\/strong> <strong>Senado,<\/strong> pidi\u00f3 a la presidenta de su partido, <strong>Yeidckol Polevnsky<\/strong>, que el representante para la elecci\u00f3n extraordinaria se defina a trav\u00e9s de una encuesta donde participen Barbosa y <strong>los senadores Alejandro Armenta y Nancy de la Sierra<\/strong>. Vaya, vaya <strong>\u00a1Sopas!<\/strong><\/p>\n<p style=\"text-align: center;\"><strong>\u00bfMujeres invisibles?<\/strong><\/p>\n<p>Nuevamente miles de mujeres salieron a exigir #NiUnaM\u00e1s, y en este contexto el Centro de Estudios para el Logro de la Igualdad de G\u00e9nero de la C\u00e1mara de Diputados asegura que en M\u00e9xico no existe una legislaci\u00f3n que a nivel federal tipifique la violencia pol\u00edtica contra las mujeres como un delito, lo que calific\u00f3 como \u201cuno de los grandes problemas del siglo\u201d.<\/p>\n<p>Destaca que, aunque el art\u00edculo primero constitucional proh\u00edbe todo tipo de discriminaci\u00f3n, las mujeres \u201csiguen siendo blanco de estigmatizaci\u00f3n por el solo hecho de ser mujeres\u201d.<\/p>\n<p>Ciudad de M\u00e9xico, TlaxcChiapas y Oaxaca son las entidades con mayor n\u00famero de denuncias por agresiones pol\u00edticas de g\u00e9nero<strong>. #NiUnaMenos<\/strong><\/p>\n<p style=\"text-align: center;\"><strong>\u201cPartiditis\u201d a la mexicana<\/strong><\/p>\n<p>En plena austeridad republicana, se registraron ante el <strong>Instituto Nacional Electoral<\/strong> 102 organizaciones civiles y agrupaciones pol\u00edticas con la intenci\u00f3n de convertirse en partido pol\u00edtico. Hasta el independiente <strong>Pedro Kumamoto<\/strong>, sucumbi\u00f3 a la vieja y c\u00f3moda premisa pol\u00edtica de vivir del presupuesto. \u00bfEncontrar\u00e1 respaldo a sus aviesas intenciones? <strong>\u00a1Uy!<\/strong><\/p>\n<p><a href=\"mailto:guillegomora@hotmail.com\" target=\"_blank\" rel=\"noopener\"><em>guillegomora@hotmail.com<\/em><\/a><br \/>\n<i><\/i><a href=\"https:\/\/twitter.com\/guillegomora?lang=es\" target=\"_blank\" rel=\"noopener noreferrer\"><i>@guillegomora<\/i><\/a><\/p>\n","protected":false},"excerpt":{"rendered":"<p><span style=\"color: #005497;\"><strong>Guillermina G\u00f3mora Ord\u00f3\u00f1ez<\/strong><\/span><\/p>\n","protected":false},"author":3,"featured_media":0,"comment_status":"open","ping_status":"open","sticky":false,"template":"","format":"standard","meta":{"_monsterinsights_skip_tracking":false,"_monsterinsights_sitenote_active":false,"_monsterinsights_sitenote_note":"","_monsterinsights_sitenote_category":0,"footnotes":""},"categories":[58361],"tags":[58362,58363,43674],"class_list":["post-413894","post","type-post","status-publish","format-standard","hentry","category-guillermina-gomora-ordonez","tag-caleidoscopio","tag-guillermina-gomora-ordonez","tag-opinion"],"_links":{"self":[{"href":"https:\/\/www.diarioimagen.net\/index.php?rest_route=\/wp\/v2\/posts\/413894","targetHints":{"allow":["GET"]}}],"collection":[{"href":"https:\/\/www.diarioimagen.net\/index.php?rest_route=\/wp\/v2\/posts"}],"about":[{"href":"https:\/\/www.diarioimagen.net\/index.php?rest_route=\/wp\/v2\/types\/post"}],"author":[{"embeddable":true,"href":"https:\/\/www.diarioimagen.net\/index.php?rest_route=\/wp\/v2\/users\/3"}],"replies":[{"embeddable":true,"href":"https:\/\/www.diarioimagen.net\/index.php?rest_route=%2Fwp%2Fv2%2Fcomments&post=413894"}],"version-history":[{"count":0,"href":"https:\/\/www.diarioimagen.net\/index.php?rest_route=\/wp\/v2\/posts\/413894\/revisions"}],"wp:attachment":[{"href":"https:\/\/www.diarioimagen.net\/index.php?rest_route=%2Fwp%2Fv2%2Fmedia&parent=413894"}],"wp:term":[{"taxonomy":"category","embeddable":true,"href":"https:\/\/www.diarioimagen.net\/index.php?rest_route=%2Fwp%2Fv2%2Fcategories&post=413894"},{"taxonomy":"post_tag","embeddable":true,"href":"https:\/\/www.diarioimagen.net\/index.php?rest_route=%2Fwp%2Fv2%2Ftags&post=413894"}],"curies":[{"name":"wp","href":"https:\/\/api.w.org\/{rel}","templated":true}]}}