{"id":413898,"date":"2019-02-05T00:07:05","date_gmt":"2019-02-05T06:07:05","guid":{"rendered":"https:\/\/www.diarioimagen.net\/?p=413898"},"modified":"2019-02-05T05:15:59","modified_gmt":"2019-02-05T11:15:59","slug":"una-mirada-a-la-primera-guerra-mundial","status":"publish","type":"post","link":"https:\/\/www.diarioimagen.net\/?p=413898","title":{"rendered":"Una mirada a la Primera Guerra Mundial"},"content":{"rendered":"<h2>Detr\u00e1s del Poder<\/h2>\n<h5>Jos\u00e9 Antonio L\u00f3pez Sosa<\/h5>\n<p>&nbsp;<\/p>\n<p><strong>Bar-De-Luc, Francia<\/strong>.- La regi\u00f3n de Lorraine, en particular en la zona de Meuse, existe todo un testimonio de la primera guerra mundial, m\u00e1s all\u00e1 de los libros, las leyendas y los documentales, se trata de campos de batalla que en 1918 quedaron devastados y sobre los cuales, se sembraron bosques (denominados bosques rojos) y se preservaron involuntariamente, las trincheras de defensa y ataque tanto del ej\u00e9rcito alem\u00e1n como de la resistencia francesa.<\/p>\n<p>Trincheras de hormig\u00f3n muy bien hechas, en esta \u00e9poca en medio de los bosques nevados nos permiten ver c\u00f3mo fue la guerra para miles y miles de soldados que vivieron en los frentes pr\u00e1cticamente los cuatro a\u00f1os del conflicto.<\/p>\n<p>Hasta cinco l\u00edneas de trincheras edificaron los alemanes, junto con t\u00faneles, enfermer\u00edas, campamentos y bunkers bajo el relieve de la monta\u00f1a, los franceses en cambio, tambi\u00e9n crearon trincheras pero edificadas con madera y \u00e1rboles.<\/p>\n<p>La raz\u00f3n era sencilla: quienes atacaban eran los alemanes que, buscaban la permanencia y en caso de no avanzar m\u00e1s, tener un punto fronterizo en cada trinchera, en el caso de los franceces el motivo era la defensa, es decir, echar a los alemanes invasores.<\/p>\n<p>Hay mapas, mojoneras y se\u00f1alizaciones de diferentes frentes de guerra en la regi\u00f3n, entre los bosques se encuentran casquillos, alambre de p\u00faas e incluso bombas que no explotaron, estas \u00faltimas se deben notificar al gobierno franc\u00e9s para su retiro con toda precauci\u00f3n, dado que a pesar de tener un siglo escondidas entre hojas y nueve, a\u00fan conservan su explosividad latente.<\/p>\n<p>En esta regi\u00f3n tenemos la oportunidad, m\u00e1s all\u00e1 de entender si hab\u00eda buenos y malos (si es que los hubo), c\u00f3mo se vivi\u00f3 la primera guerra mundial en el campo de batalla, en el fuego cruzado, en la llamada tierra de nadie donde se luchaba encarnizadamente por avanzar un metro y donde miles y miles de soldados y civiles perdieron la vida.<\/p>\n<p>Un monumento no oficial para reflexionar y ver los alcances de un conflicto b\u00e9lico, el c\u00f3mo transform\u00f3 la vida de naciones enteras y como hasta la fecha, los artefactos usados est\u00e1n regados por el bosque, cien a\u00f1os despu\u00e9s a\u00fan viven en la tierra que recuerda con horror, pero con memoria hist\u00f3rica esta sangrienta guerra.<\/p>\n<p>Encontramos en este rinc\u00f3n de Francia un perfecto lugar para conmemorar, para no olvidar y para entender parte de lo que fue esa mort\u00edfera, lejana pero presente primera guerra mundial.<\/p>\n<p><em><a href=\"http:\/\/www.lopezsosa.com\" target=\"_blank\" rel=\"noopener\">www.lopezsosa.com<\/a><\/em><br \/>\n<em><a href=\"mailto:joseantonio@lopezsosa.com\" target=\"_blank\" rel=\"noopener\">joseantonio@lopezsosa.com<\/a><\/em><br \/>\n<em><a href=\"http:\/\/twitter.com\/joseantonio1977\" target=\"_blank\" rel=\"noopener\">@joseantonio197<\/a><\/em><\/p>\n","protected":false},"excerpt":{"rendered":"<p><span style=\"color: #005497;\"><strong>Jos\u00e9 Antonio L\u00f3pez Sosa<\/strong><\/span><\/p>\n","protected":false},"author":3,"featured_media":0,"comment_status":"open","ping_status":"open","sticky":false,"template":"","format":"standard","meta":{"_monsterinsights_skip_tracking":false,"_monsterinsights_sitenote_active":false,"_monsterinsights_sitenote_note":"","_monsterinsights_sitenote_category":0,"footnotes":""},"categories":[637],"tags":[638,43690,43674],"class_list":["post-413898","post","type-post","status-publish","format-standard","hentry","category-jose-antonio-lopez-sosa","tag-detras-del-poder","tag-jose-antonio-lopez-sosa","tag-opinion"],"_links":{"self":[{"href":"https:\/\/www.diarioimagen.net\/index.php?rest_route=\/wp\/v2\/posts\/413898","targetHints":{"allow":["GET"]}}],"collection":[{"href":"https:\/\/www.diarioimagen.net\/index.php?rest_route=\/wp\/v2\/posts"}],"about":[{"href":"https:\/\/www.diarioimagen.net\/index.php?rest_route=\/wp\/v2\/types\/post"}],"author":[{"embeddable":true,"href":"https:\/\/www.diarioimagen.net\/index.php?rest_route=\/wp\/v2\/users\/3"}],"replies":[{"embeddable":true,"href":"https:\/\/www.diarioimagen.net\/index.php?rest_route=%2Fwp%2Fv2%2Fcomments&post=413898"}],"version-history":[{"count":0,"href":"https:\/\/www.diarioimagen.net\/index.php?rest_route=\/wp\/v2\/posts\/413898\/revisions"}],"wp:attachment":[{"href":"https:\/\/www.diarioimagen.net\/index.php?rest_route=%2Fwp%2Fv2%2Fmedia&parent=413898"}],"wp:term":[{"taxonomy":"category","embeddable":true,"href":"https:\/\/www.diarioimagen.net\/index.php?rest_route=%2Fwp%2Fv2%2Fcategories&post=413898"},{"taxonomy":"post_tag","embeddable":true,"href":"https:\/\/www.diarioimagen.net\/index.php?rest_route=%2Fwp%2Fv2%2Ftags&post=413898"}],"curies":[{"name":"wp","href":"https:\/\/api.w.org\/{rel}","templated":true}]}}