{"id":413922,"date":"2019-02-06T00:10:50","date_gmt":"2019-02-06T06:10:50","guid":{"rendered":"https:\/\/www.diarioimagen.net\/?p=413922"},"modified":"2019-02-06T01:43:55","modified_gmt":"2019-02-06T07:43:55","slug":"inician-gem-y-atizapan-programa-de-limpieza-y-desazolve-2019","status":"publish","type":"post","link":"https:\/\/www.diarioimagen.net\/?p=413922","title":{"rendered":"Inicia GEM en Atizap\u00e1n programa de desazolve 2019"},"content":{"rendered":"<h2>Arco Norte<\/h2>\n<h5>Jos\u00e9 Luis Monta\u00f1ez Aguilar<\/h5>\n<p>&nbsp;<\/p>\n<div id=\"attachment_413923\" style=\"width: 470px\" class=\"wp-caption aligncenter\"><img loading=\"lazy\" decoding=\"async\" aria-describedby=\"caption-attachment-413923\" class=\"size-large wp-image-413923\" src=\"https:\/\/www.diarioimagen.net\/wp-content\/uploads\/2019\/02\/DESAZOLVE6-PORTAL-460x268.jpg\" alt=\"\" width=\"460\" height=\"268\" srcset=\"https:\/\/www.diarioimagen.net\/wp-content\/uploads\/2019\/02\/DESAZOLVE6-PORTAL-460x268.jpg 460w, https:\/\/www.diarioimagen.net\/wp-content\/uploads\/2019\/02\/DESAZOLVE6-PORTAL-240x140.jpg 240w, https:\/\/www.diarioimagen.net\/wp-content\/uploads\/2019\/02\/DESAZOLVE6-PORTAL.jpg 480w\" sizes=\"auto, (max-width: 460px) 100vw, 460px\" \/><p id=\"caption-attachment-413923\" class=\"wp-caption-text\">Los gobiernos del Estado de M\u00e9xico y del municipio de Atizap\u00e1n de Zaragoza iniciaron el Programa de Limpieza y Desazolve Municipal 2019.<\/p><\/div>\n<p>&nbsp;<\/p>\n<p>Con el prop\u00f3sito de disminuir los riesgos de inundaciones en la pr\u00f3xima temporada de lluvia, los gobiernos del Estado de M\u00e9xico y del municipio de Atizap\u00e1n de Zaragoza iniciaron el Programa de Limpieza y Desazolve Municipal 2019.<\/p>\n<p>Durante el banderazo de salida, encabezado por el vocal ejecutivo de la Comisi\u00f3n del Agua del Estado de M\u00e9xico (CAEM), Alfredo P\u00e9rez se acord\u00f3 mantener una coordinaci\u00f3n permanente para limpiar y desazolvar r\u00edos, barrancas, redes de drenaje y vasos reguladores.<\/p>\n<p>Por su parte, el organismo SAPASA aporta 150 trabajadores, nueve camiones tipo presi\u00f3n-succi\u00f3n, una retroexcavadora y cinco camiones de volteo.<\/p>\n<p style=\"text-align: center;\"><strong>Llega Noche de Museos al Centro Cultural Mexiquense<\/strong><\/p>\n<p>El pr\u00f3ximo viernes, el Centro Cultural Mexiquense espera la visita de las familias mexiquenses para que disfruten de una velada cultural en la que podr\u00e1n echar a volar la imaginaci\u00f3n con los talleres de creatividad, aprender de las exposiciones y conferencias, as\u00ed como realizar un recorrido por M\u00e9xico a trav\u00e9s de la indumentaria.<\/p>\n<p>Todas estas exposiciones est\u00e1n en el marco Noche de Museos, programa de la Secretar\u00eda de Cultura que busca fomentar la convivencia familiar por medio de actividades culturales.<\/p>\n<p>Para iniciar, se ofrecer\u00e1 una visita guiada en el Museo de Antropolog\u00eda e Historia a partir de las 16:30 horas para que, posteriormente los asistentes participen en\u00a0 talleres.<\/p>\n<p>Por su parte, el Museo de Culturas Populares dar\u00e1 un recorrido por la exposici\u00f3n \u201cVestidos de tradici\u00f3n.<\/p>\n<p>Por Amor a M\u00e9xico\u201d, en la que los asistentes podr\u00e1n conocer la colecci\u00f3n particular de mu\u00f1ecas que form\u00f3 la se\u00f1ora Mar\u00eda Esther Zuno de Echeverr\u00eda.<\/p>\n<p>En la Biblioteca P\u00fablica Central Estatal (BPCE), los participantes de los tradicionales talleres podr\u00e1n hacer un l\u00e1piz decorado que ser\u00e1 guiado por el artista pl\u00e1stico \u00d3scar Van Dick, quien se caracteriza por realizar piezas miniaturas.<\/p>\n<p>A las 18:00 horas ser\u00e1 inaugurada la exposici\u00f3n fotogr\u00e1fica y documental \u201cPromulgaci\u00f3n de la Constituci\u00f3n de 1917\u201d, en el vest\u00edbulo del Archivo Hist\u00f3rico del Estado de M\u00e9xico (AHEM) para conmemorar 102 a\u00f1os de haber sido instituida como la Ley Suprema de M\u00e9xico.<\/p>\n","protected":false},"excerpt":{"rendered":"<p><span style=\"color: #005497;\">Jos\u00e9 Luis Monta\u00f1ez Aguilar<\/span><br \/>\n<br \/>\nCon el prop\u00f3sito de disminuir los riesgos de inundaciones en la pr\u00f3xima temporada de lluvia, los gobiernos del Estado de M\u00e9xico y del municipio de Atizap\u00e1n de Zaragoza iniciaron el Programa de Limpieza y Desazolve Municipal 2019.<\/p>\n","protected":false},"author":5,"featured_media":413923,"comment_status":"open","ping_status":"open","sticky":false,"template":"","format":"standard","meta":{"_monsterinsights_skip_tracking":false,"_monsterinsights_sitenote_active":false,"_monsterinsights_sitenote_note":"","_monsterinsights_sitenote_category":0,"footnotes":""},"categories":[5],"tags":[82574,13284,3561,82573,43704,82572,43674],"class_list":["post-413922","post","type-post","status-publish","format-standard","has-post-thumbnail","hentry","category-estado-de-mexico","tag-alfredo-perez-guzman","tag-arco-norte","tag-atizapan-de-zaragoza","tag-gem-y-atizapan","tag-jose-luis-montanez-aguilar","tag-limpieza-y-desazolve-2019","tag-opinion"],"_links":{"self":[{"href":"https:\/\/www.diarioimagen.net\/index.php?rest_route=\/wp\/v2\/posts\/413922","targetHints":{"allow":["GET"]}}],"collection":[{"href":"https:\/\/www.diarioimagen.net\/index.php?rest_route=\/wp\/v2\/posts"}],"about":[{"href":"https:\/\/www.diarioimagen.net\/index.php?rest_route=\/wp\/v2\/types\/post"}],"author":[{"embeddable":true,"href":"https:\/\/www.diarioimagen.net\/index.php?rest_route=\/wp\/v2\/users\/5"}],"replies":[{"embeddable":true,"href":"https:\/\/www.diarioimagen.net\/index.php?rest_route=%2Fwp%2Fv2%2Fcomments&post=413922"}],"version-history":[{"count":0,"href":"https:\/\/www.diarioimagen.net\/index.php?rest_route=\/wp\/v2\/posts\/413922\/revisions"}],"wp:featuredmedia":[{"embeddable":true,"href":"https:\/\/www.diarioimagen.net\/index.php?rest_route=\/wp\/v2\/media\/413923"}],"wp:attachment":[{"href":"https:\/\/www.diarioimagen.net\/index.php?rest_route=%2Fwp%2Fv2%2Fmedia&parent=413922"}],"wp:term":[{"taxonomy":"category","embeddable":true,"href":"https:\/\/www.diarioimagen.net\/index.php?rest_route=%2Fwp%2Fv2%2Fcategories&post=413922"},{"taxonomy":"post_tag","embeddable":true,"href":"https:\/\/www.diarioimagen.net\/index.php?rest_route=%2Fwp%2Fv2%2Ftags&post=413922"}],"curies":[{"name":"wp","href":"https:\/\/api.w.org\/{rel}","templated":true}]}}