{"id":413928,"date":"2019-02-06T00:08:40","date_gmt":"2019-02-06T06:08:40","guid":{"rendered":"https:\/\/www.diarioimagen.net\/?p=413928"},"modified":"2019-02-06T23:28:40","modified_gmt":"2019-02-07T05:28:40","slug":"conmemora-edomex-162-y-102-anos-de-la-promulgacion-de-las-constituciones","status":"publish","type":"post","link":"https:\/\/www.diarioimagen.net\/?p=413928","title":{"rendered":"Conmemora Edomex 162 y 102 a\u00f1os de la promulgaci\u00f3n de las Constituciones"},"content":{"rendered":"<ul>\n<li><em><strong>Encabeza ceremonia el secretario general de Gobierno<\/strong><\/em><\/li>\n<li><em><strong>Sentaron bases para construir las instituciones que consolidaron al pa\u00eds<\/strong><\/em><\/li>\n<\/ul>\n<p>&nbsp;<\/p>\n<div id=\"attachment_413929\" style=\"width: 470px\" class=\"wp-caption aligncenter\"><img loading=\"lazy\" decoding=\"async\" aria-describedby=\"caption-attachment-413929\" class=\"size-large wp-image-413929\" src=\"https:\/\/www.diarioimagen.net\/wp-content\/uploads\/2019\/02\/CONMEMORACION6-portal-460x268.jpg\" alt=\"\" width=\"460\" height=\"268\" srcset=\"https:\/\/www.diarioimagen.net\/wp-content\/uploads\/2019\/02\/CONMEMORACION6-portal-460x268.jpg 460w, https:\/\/www.diarioimagen.net\/wp-content\/uploads\/2019\/02\/CONMEMORACION6-portal-240x140.jpg 240w, https:\/\/www.diarioimagen.net\/wp-content\/uploads\/2019\/02\/CONMEMORACION6-portal.jpg 480w\" sizes=\"auto, (max-width: 460px) 100vw, 460px\" \/><p id=\"caption-attachment-413929\" class=\"wp-caption-text\">El Secretario General de Gobierno, Alejandro Ozuna Rivero, con la representaci\u00f3n del Gobernador Alfredo Del Mazo Maza, encabez\u00f3 la ceremonia conmemorativa de las Constituciones.<\/p><\/div>\n<p>&nbsp;<\/p>\n<p><strong>Toluca, Estado de M\u00e9xico<\/strong>.- En el marco de la Ceremonia Conmemorativa por los Aniversarios CLXII y CII de la Promulgaci\u00f3n de las Constituciones federales de 1857 y 1917, el titular de la Secretar\u00eda de Educaci\u00f3n, Alejandro Fern\u00e1ndez Campillo, asegur\u00f3 que la entidad y el pa\u00eds viven en un estado de Derecho, donde gracias al di\u00e1logo y al consenso se tiene la oportunidad de avanzar en los cambios estructurales y en la transformaci\u00f3n que requiere la sociedad.<\/p>\n<p>En esta ceremonia, encabezada por el secretario general de Gobierno, Alejandro Ozuna Rivero, con la representaci\u00f3n del gobernador del Estado de M\u00e9xico, Alfredo Del Mazo Maza, Fern\u00e1ndez Campillo explic\u00f3 que dichas Constituciones sentaron las bases para construir las instituciones que consolidaron a nuestra naci\u00f3n.<\/p>\n<p>En este sentido, precis\u00f3 que con la Constituci\u00f3n de 1857, M\u00e9xico se erigi\u00f3 en una Rep\u00fablica representativa, popular y federal, con una divisi\u00f3n de poderes y privilegiando los derechos del hombre, principalmente la libertad. En tanto, la Constituci\u00f3n de 1917 recogi\u00f3 el esp\u00edritu liberal para construir una naci\u00f3n justa, estable y democr\u00e1tica. Adem\u00e1s, expres\u00f3 que el Ejecutivo estatal trabaja con el compromiso de llevar bienestar a todos los habitantes del Estado de M\u00e9xico para tener familias fuertes y ofrecerles un mejor futuro.<\/p>\n<p>Este desaf\u00edo, dijo, requiere de la participaci\u00f3n de los poderes Ejecutivo, Legislativo y Judicial, a nivel federal y estatal, as\u00ed como de todos los municipios y las organizaciones de la sociedad civil y sus diferentes sectores.<\/p>\n<p>La ceremonia se realiz\u00f3 en el Sal\u00f3n del Pueblo del Palacio del Poder Ejecutivo, donde estuvieron presentes Valent\u00edn Gonz\u00e1lez Bautista, presidente de la Diputaci\u00f3n Permanente de la LX Legislatura del Estado de M\u00e9xico, Sergio Javier Medina Pe\u00f1aloza, presidente del Tribunal Superior de Justicia y del Consejo de la Judicatura estatal, as\u00ed como el diputado Maurilio Hern\u00e1ndez Gonz\u00e1lez, presidente de la Junta de Coordinaci\u00f3n Pol\u00edtica del Congreso local.<\/p>\n<p>Posterior a este acto, al que tambi\u00e9n acudieron Alejandro Jaime G\u00f3mez S\u00e1nchez, fiscal general de Justicia estatal, Jorge Olvera Garc\u00eda, presidente de la Comisi\u00f3n de Derechos Humanos del Estado de M\u00e9xico, Alfredo Barrera Baca, rector de la Universidad Aut\u00f3noma del Estado de M\u00e9xico, y la secretaria de Seguridad de la entidad, Maribel Cervantes Guerrero, y los secretarios Ozuna Rivero y Fern\u00e1ndez Campillo se trasladaron al Palacio Municipal de la capital mexiquense.<\/p>\n<p>Ah\u00ed llevaron a cabo la develaci\u00f3n del Bando Municipal de Toluca 2019, junto con el alcalde Juan Rodolfo S\u00e1nchez G\u00f3mez, quien entreg\u00f3 los ejemplares correspondientes y se\u00f1al\u00f3 el compromiso de trabajar de la mano con el gobierno estatal e integrarse a las acciones para fortalecer el ambiente de paz que requiere el Estado de M\u00e9xico.<\/p>\n<p>###<\/p>\n<p>El Secretario General de Gobierno, Alejandro Ozuna Rivero, con la representaci\u00f3n del Gobernador Alfredo Del Mazo Maza, encabez\u00f3 la ceremonia conmemorativa de las Constituciones.<\/p>\n","protected":false},"excerpt":{"rendered":"<p>En el marco de la Ceremonia Conmemorativa por los Aniversarios CLXII y CII de la Promulgaci\u00f3n de las Constituciones federales de 1857 y 1917, el titular de la Secretar\u00eda de Educaci\u00f3n, Alejandro Fern\u00e1ndez Campillo, asegur\u00f3 que la entidad y el pa\u00eds viven en un estado de Derecho, donde gracias al di\u00e1logo y al consenso se tiene la oportunidad de avanzar en los cambios estructurales y en la transformaci\u00f3n que requiere la sociedad.<\/p>\n","protected":false},"author":5,"featured_media":413929,"comment_status":"open","ping_status":"open","sticky":false,"template":"","format":"standard","meta":{"_monsterinsights_skip_tracking":false,"_monsterinsights_sitenote_active":false,"_monsterinsights_sitenote_note":"","_monsterinsights_sitenote_category":0,"footnotes":""},"categories":[5],"tags":[75949,82576,43675,82578,82577,452],"class_list":["post-413928","post","type-post","status-publish","format-standard","has-post-thumbnail","hentry","category-estado-de-mexico","tag-alejandro-fernandez-campillo","tag-edomex-162-y-102-anos","tag-estado-de-mexico","tag-lfredo-del-mazo-maza","tag-promulgacion-de-las-constituciones","tag-toluca"],"_links":{"self":[{"href":"https:\/\/www.diarioimagen.net\/index.php?rest_route=\/wp\/v2\/posts\/413928","targetHints":{"allow":["GET"]}}],"collection":[{"href":"https:\/\/www.diarioimagen.net\/index.php?rest_route=\/wp\/v2\/posts"}],"about":[{"href":"https:\/\/www.diarioimagen.net\/index.php?rest_route=\/wp\/v2\/types\/post"}],"author":[{"embeddable":true,"href":"https:\/\/www.diarioimagen.net\/index.php?rest_route=\/wp\/v2\/users\/5"}],"replies":[{"embeddable":true,"href":"https:\/\/www.diarioimagen.net\/index.php?rest_route=%2Fwp%2Fv2%2Fcomments&post=413928"}],"version-history":[{"count":0,"href":"https:\/\/www.diarioimagen.net\/index.php?rest_route=\/wp\/v2\/posts\/413928\/revisions"}],"wp:featuredmedia":[{"embeddable":true,"href":"https:\/\/www.diarioimagen.net\/index.php?rest_route=\/wp\/v2\/media\/413929"}],"wp:attachment":[{"href":"https:\/\/www.diarioimagen.net\/index.php?rest_route=%2Fwp%2Fv2%2Fmedia&parent=413928"}],"wp:term":[{"taxonomy":"category","embeddable":true,"href":"https:\/\/www.diarioimagen.net\/index.php?rest_route=%2Fwp%2Fv2%2Fcategories&post=413928"},{"taxonomy":"post_tag","embeddable":true,"href":"https:\/\/www.diarioimagen.net\/index.php?rest_route=%2Fwp%2Fv2%2Ftags&post=413928"}],"curies":[{"name":"wp","href":"https:\/\/api.w.org\/{rel}","templated":true}]}}