{"id":414000,"date":"2019-02-06T00:01:44","date_gmt":"2019-02-06T06:01:44","guid":{"rendered":"https:\/\/www.diarioimagen.net\/?p=414000"},"modified":"2019-02-06T03:48:23","modified_gmt":"2019-02-06T09:48:23","slug":"la-primera-edicion-internacional-del-mulafest-se-realizara-en-acapulco-del-12-al-14-de-abril-tras-la-firma-del-convenio-de-colaboracion-con-ifema","status":"publish","type":"post","link":"https:\/\/www.diarioimagen.net\/?p=414000","title":{"rendered":"La primera edici\u00f3n internacional del MulaFest se realizar\u00e1 en Acapulco del 12 al 14 de abril, tras la firma del convenio de colaboraci\u00f3n con Ifema"},"content":{"rendered":"<h2>De cinco estrellas<\/h2>\n<h5>Victoria Gonz\u00e1lez Prado<\/h5>\n<p>&nbsp;<\/p>\n<ul>\n<li><em><strong>\u00c1ngeles Bueno, presidenta de la Asociaci\u00f3n Womenteck, present\u00f3 la App: \u201cPalabra de mujer-mujeres viajeras\u201d para conocer mujeres viajeras de todos los tiempos<\/strong><\/em><\/li>\n<li><em><strong>Eduardo L\u00f3pez-Puertas Bitaub\u00e9 y V\u00edctor Moneo, firman acuerdo para que Iberia contin\u00fae siendo la aerol\u00ednea de referencia para asistir a eventos de Ifema<\/strong><\/em><\/li>\n<\/ul>\n<p>&nbsp;<\/p>\n<div id=\"attachment_414012\" style=\"width: 470px\" class=\"wp-caption aligncenter\"><a href=\"https:\/\/www.diarioimagen.net\/?attachment_id=414012\" rel=\"attachment wp-att-414012\"><img loading=\"lazy\" decoding=\"async\" aria-describedby=\"caption-attachment-414012\" class=\"size-large wp-image-414012\" src=\"https:\/\/www.diarioimagen.net\/wp-content\/uploads\/2019\/02\/turismo-1-460x259.jpg\" alt=\"\" width=\"460\" height=\"259\" srcset=\"https:\/\/www.diarioimagen.net\/wp-content\/uploads\/2019\/02\/turismo-1-460x259.jpg 460w, https:\/\/www.diarioimagen.net\/wp-content\/uploads\/2019\/02\/turismo-1-240x135.jpg 240w, https:\/\/www.diarioimagen.net\/wp-content\/uploads\/2019\/02\/turismo-1-235x132.jpg 235w, https:\/\/www.diarioimagen.net\/wp-content\/uploads\/2019\/02\/turismo-1-202x114.jpg 202w, https:\/\/www.diarioimagen.net\/wp-content\/uploads\/2019\/02\/turismo-1-350x196.jpg 350w, https:\/\/www.diarioimagen.net\/wp-content\/uploads\/2019\/02\/turismo-1-220x123.jpg 220w, https:\/\/www.diarioimagen.net\/wp-content\/uploads\/2019\/02\/turismo-1-237x132.jpg 237w, https:\/\/www.diarioimagen.net\/wp-content\/uploads\/2019\/02\/turismo-1.jpg 480w\" sizes=\"auto, (max-width: 460px) 100vw, 460px\" \/><\/a><p id=\"caption-attachment-414012\" class=\"wp-caption-text\">Luego de la firma para realizar el MulaFest en Acapulco.<\/p><\/div>\n<p><strong>\u00a0<\/strong><\/p>\n<p><strong>Madrid, Espa\u00f1a<\/strong>.- Guerrero destac\u00f3 en la Feria Internacional de Turismo Fitur 2019 promoviendo el estado, as\u00ed como el Tianguis Tur\u00edstico que se realizar\u00e1 en marzo pr\u00f3ximo adem\u00e1s de tener distintas citas B2B, con operadores tur\u00edsticos y otros.<\/p>\n<p>En ese tenor se firm\u00f3 acuerdo protocolar del convenio de colaboraci\u00f3n entre Ifema y Mundo Imperial, para la celebraci\u00f3n de <em>MulaFest 2019 Acapulco<\/em>, con la presencia del gobernador de Guerrero, <strong>H\u00e9ctor Astudillo Flores<\/strong>, y el secretario de Turismo de la entidad, <strong>Ernesto Rodr\u00edguez Escalona<\/strong>.<\/p>\n<p>En la firma, en el stand de Guerrero participaron <strong>Seyed Rezvani<\/strong>, director general de Mundo Imperial, complejo en el que se celebrar\u00e1 el festival, y <strong>Eduardo L\u00f3pez-Puertas<\/strong>, director general de Ifema, entidad organizadora del festival en Espa\u00f1a.<\/p>\n<p><em>MulaFest<\/em> es formato \u00fanico de festival basado en la b\u00fasqueda del talento alternativo y fomento de la creatividad.<\/p>\n<p>Durante siete a\u00f1os ha recibido en Madrid miles de personas de todo el pa\u00eds, para compartir distintas disciplinas intelectuales, art\u00edsticas y creativas, en lo que se ha convertido en cita obligatoria de la cultura urbana en la capital.<\/p>\n<p>La edici\u00f3n mexicana del festival contar\u00e1 con las mismas \u00e1reas que su hom\u00f3logo espa\u00f1ol (<em>tattoo,<\/em> garaje, arte urbano, artes esc\u00e9nicas, deporte urbano) y a\u00f1adir\u00e1 el <em>surf<\/em> con la <em>Surf Open League,<\/em> tradicional etapa internacional de <em>surf <\/em>profesional durante el fin de semana del festival. Los mejores surfistas del mundo y del pa\u00eds se reunir\u00e1n en esta etapa de la <em>World Surf League Qualifying Series<\/em> <em>1000.<\/em><\/p>\n<p><em>Surf Open League<\/em> promueve el <em>surf <\/em>y busca transformar a M\u00e9xico en la capital del <em>Surf <\/em>latino a trav\u00e9s de atletas, eventos y otras experiencias relacionadas con este deporte. Adem\u00e1s, habr\u00e1 exhibici\u00f3n con cinco de los mejores atletas de Am\u00e9rica en esas disciplinas, como <strong>Max Barrera<\/strong> y <strong>Gerardo Bejarano<\/strong>.<\/p>\n<p><em>MulaFest 2019 Acapulco<\/em> contar\u00e1 tambi\u00e9n con <em>skate park<\/em> con circuito de rampas y transiciones para que los fan\u00e1ticos del <em>skate<\/em> y <em>BMX <\/em>puedan practicar durante los tres d\u00edas del evento.<\/p>\n<p>En lo que respecta al \u00e1rea de<em> Garaje<\/em>, <strong>Pedro Pablo Asturiano Z\u00fa\u00f1iga<\/strong>, creador del Festival de arte y moto m\u00e1s importante en Latinoam\u00e9rica, <em>73 Vintage<\/em>, y fundador de <em>Lost Boys Caf\u00e9 Racer Crew<\/em>, el equipo de <em>Caf\u00e9 Racer<\/em> m\u00e1s representativo de la Ciudad de M\u00e9xico y de Latinoam\u00e9rica, ser\u00e1 el encargado de dar forma a este espacio, que contar\u00e1 con exposici\u00f3n de motocicletas <em>custom<\/em> y antiguas, y con muestra de arte referente al motociclismo.<\/p>\n<p><em>MulaFest Acapulco<\/em> convocar\u00e1 por primera vez en M\u00e9xico a m\u00e1s de 200 tatuadores nacionales e internacionales, en colaboraci\u00f3n con \u2018La Tatuadora\u2019, la comunidad de tatuaje mas grande en M\u00e9xico y Am\u00e9rica Latina.<\/p>\n<p>Artistas consagrados de Espa\u00f1a y M\u00e9xico convivir\u00e1n durante el festival con otros emergentes, creando plataforma de visibilidad del talento donde el p\u00fablico tiene mucho que \u2018pintar\u2019, gracias a la celebraci\u00f3n del I Certamen de Arte Urbano.<\/p>\n<p>La programaci\u00f3n del festival se completa con las batallas de <em>breakdance<\/em> y exhibiciones de <em>hip hop<\/em>, y los distintos conciertos de m\u00fasica <em>reggaeton <\/em>(viernes 12), electr\u00f3nica (s\u00e1bado 13) y rock (domingo 14) de abril, que tendr\u00e1n lugar durante los tres d\u00edas.<\/p>\n<p>Esta alianza con M\u00e9xico tendr\u00e1 tambi\u00e9n su reflejo en la celebraci\u00f3n del festival en Madrid, entre el 26 y el 28 de abril, tanto en los distintos contenidos como en la participaci\u00f3n de artistas llegados desde M\u00e9xico.<\/p>\n<p>Cabe destacar que el Festival de Tendencias y Cultura Urbana de Madrid, que organizan Ifema y Mula, en 2019 celebra su octava edici\u00f3n. Un gran aglutinador de la cultura urbana, donde se fomenta la creatividad y el talento alternativo. En un mismo espacio \u2013Ifema- Feria de Madrid- se re\u00fanen todos los amantes del tatuaje, el motor, el arte <em>undergorund<\/em>, la m\u00fasica, etc\u00e9tera.<\/p>\n<p>\u2730\u2730\u2730\u2730\u2730 <strong>\u00c1ngeles Bueno<\/strong>, presidenta de la Asociaci\u00f3n <em>Womenteck,<\/em> present\u00f3 la <em>App:<\/em> \u201cPalabra de mujer-mujeres viajeras\u201d, destinada a conocer mejor a las mujeres viajeras de todos los tiempos, a trav\u00e9s de citas de escritoras, cient\u00edficas, pol\u00edticas, artistas, soci\u00f3logas, pensadoras, fil\u00f3sofas o activistas.<\/p>\n<p>\u201cCreamos una aplicaci\u00f3n m\u00f3vil para visibilizar a las grandes olvidadas de la historia, las mujeres. Creada por mujeres y financiada \u00edntegramente con fondos propios, nos sirve para conocer la historia de las mujeres, no s\u00f3lo lo que han hecho, sino tambi\u00e9n su propia biograf\u00eda y algo muy importante, su rostro\u201d.<\/p>\n<p>La <em>App<\/em> cuenta ya con m\u00e1s de 7 mil descargas y <em>Womenteck<\/em> contin\u00faa trabajando en nuevas <em>Apps<\/em> para conseguir que se reconozca el trabajo de todas las mujeres a lo largo de la historia.<\/p>\n<p>Con la Iniciativa \u201cMujer, Turismo y Educaci\u00f3n\u201d, por primera vez en 39 a\u00f1os, una asociaci\u00f3n dedicada, \u00fanica y exclusivamente al empoderamiento de las mujeres forma parte de la Fitur.<\/p>\n<p>Nuestro trabajo no finaliza aqu\u00ed, continuamos trabajando durante todo el a\u00f1o para que las mujeres sean valoradas y tengan su propio reconocimiento y camino.<\/p>\n<p>Por \u00faltimo, MDE tiene en su web\u00a0 https:\/\/mde.org.es\/landingFitur\/ la encuesta Mujer y Turismo, con la cual se podr\u00e1 trabajar sobre las diferentes necesidades de las mujeres en este \u00e1mbito.<\/p>\n<p>\u2730\u2730\u2730\u2730\u2730 El director general de Ifema, <strong>Eduardo L\u00f3pez-Puertas<\/strong> <strong>Bitaub\u00e9<\/strong> y <strong>V\u00edctor Moneo<\/strong>, director de Ventas Latinoam\u00e9rica y Acuerdos Institucionales, de Iberia firmaron el nuevo convenio entre ambas entidades para los pr\u00f3ximos dos a\u00f1os.<\/p>\n<p>Para <strong>V\u00edctor Moneo<\/strong>, \u201cla renovaci\u00f3n del acuerdo con Ifema es el m\u00e1s relevante para impulsar los viajes de ferias y congresos hacia nuestro pa\u00eds. Iberia ofrece 130 destinos en 47 pa\u00edses de todo el mundo, la mejor conectividad con Espa\u00f1a y esperamos que los descuentos que ofrecemos a trav\u00e9s de www.iberia.com incentiven a\u00fan m\u00e1s la asistencia a la enorme oferta de ferias y congresos que cada a\u00f1o organiza Ifema.<\/p>\n<p>Para Iberia es muy importante tambi\u00e9n ser la aerol\u00ednea de referencia para asistir a todos estos eventos\u201d.<\/p>\n<p><strong>Eduardo L\u00f3pez-Puertas<\/strong>,\u00a0 dijo: \u201cla colaboraci\u00f3n que mantiene con la aerol\u00ednea de bandera espa\u00f1ola, representa compromiso estrat\u00e9gico que aporta servicio de valor a\u00f1adido a nuestros expositores y visitantes, y cumple con uno de los fines de Ifema: impulsar el turismo de negocios y dinamizar la econom\u00eda de Madrid\u201d.<\/p>\n<p>El acuerdo entre la compa\u00f1\u00eda a\u00e9rea e Ifema incluye descuentos directos en los vuelos del grupo que se reserven a trav\u00e9s de www.iberia.com,\u00a0 para asistir a las ferias que cada a\u00f1o organiza Ifema en Espa\u00f1a. Para cada feria se crear\u00e1 un c\u00f3digo promocional que permitir\u00e1 beneficiarse del descuento ofrecido.<\/p>\n<p><strong>\u201cEl \u00c1ngel de la Fama tiene sus alas hechas de papel&#8230; peri\u00f3dico\u201d.<\/strong><\/p>\n<p><em><a href=\"mailto:victoriagprado@gmail.com\" target=\"_blank\" rel=\"noopener\">victoriagprado@gmail.com<\/a><\/em><br \/>\n<em>Twitter: <a href=\"https:\/\/twitter.com\/victoriagprado\" target=\"_blank\" rel=\"noopener\">@victoriagprado<\/a><\/em><\/p>\n","protected":false},"excerpt":{"rendered":"<p>Guerrero destac\u00f3 en la Feria Internacional de Turismo Fitur 2019 promoviendo el estado, as\u00ed como el Tianguis Tur\u00edstico que se realizar\u00e1 en marzo pr\u00f3ximo adem\u00e1s de tener distintas citas B2B, con operadores tur\u00edsticos y otros.<\/p>\n","protected":false},"author":3,"featured_media":414012,"comment_status":"open","ping_status":"open","sticky":false,"template":"","format":"standard","meta":{"_monsterinsights_skip_tracking":false,"_monsterinsights_sitenote_active":false,"_monsterinsights_sitenote_note":"","_monsterinsights_sitenote_category":0,"footnotes":""},"categories":[11],"tags":[107,43674,43681,106],"class_list":["post-414000","post","type-post","status-publish","format-standard","has-post-thumbnail","hentry","category-turismo","tag-de-cinco-estrellas","tag-opinion","tag-turismo","tag-victoria-gonzalez-prado"],"_links":{"self":[{"href":"https:\/\/www.diarioimagen.net\/index.php?rest_route=\/wp\/v2\/posts\/414000","targetHints":{"allow":["GET"]}}],"collection":[{"href":"https:\/\/www.diarioimagen.net\/index.php?rest_route=\/wp\/v2\/posts"}],"about":[{"href":"https:\/\/www.diarioimagen.net\/index.php?rest_route=\/wp\/v2\/types\/post"}],"author":[{"embeddable":true,"href":"https:\/\/www.diarioimagen.net\/index.php?rest_route=\/wp\/v2\/users\/3"}],"replies":[{"embeddable":true,"href":"https:\/\/www.diarioimagen.net\/index.php?rest_route=%2Fwp%2Fv2%2Fcomments&post=414000"}],"version-history":[{"count":0,"href":"https:\/\/www.diarioimagen.net\/index.php?rest_route=\/wp\/v2\/posts\/414000\/revisions"}],"wp:featuredmedia":[{"embeddable":true,"href":"https:\/\/www.diarioimagen.net\/index.php?rest_route=\/wp\/v2\/media\/414012"}],"wp:attachment":[{"href":"https:\/\/www.diarioimagen.net\/index.php?rest_route=%2Fwp%2Fv2%2Fmedia&parent=414000"}],"wp:term":[{"taxonomy":"category","embeddable":true,"href":"https:\/\/www.diarioimagen.net\/index.php?rest_route=%2Fwp%2Fv2%2Fcategories&post=414000"},{"taxonomy":"post_tag","embeddable":true,"href":"https:\/\/www.diarioimagen.net\/index.php?rest_route=%2Fwp%2Fv2%2Ftags&post=414000"}],"curies":[{"name":"wp","href":"https:\/\/api.w.org\/{rel}","templated":true}]}}