{"id":414010,"date":"2019-02-06T00:08:15","date_gmt":"2019-02-06T06:08:15","guid":{"rendered":"https:\/\/www.diarioimagen.net\/?p=414010"},"modified":"2019-02-06T04:08:35","modified_gmt":"2019-02-06T10:08:35","slug":"promulga-naucalpan-bando-municipal-un-documento-moderno-patricia-duran","status":"publish","type":"post","link":"https:\/\/www.diarioimagen.net\/?p=414010","title":{"rendered":"Promulga Naucalpan Bando Municipal; un documento moderno: Patricia Dur\u00e1n"},"content":{"rendered":"<ul>\n<li><strong><em>\u201cEntendible para todos y facilitador de la inclusi\u00f3n\u201d<\/em><\/strong><\/li>\n<\/ul>\n<p>&nbsp;<\/p>\n<div id=\"attachment_414057\" style=\"width: 470px\" class=\"wp-caption aligncenter\"><a href=\"https:\/\/www.diarioimagen.net\/?attachment_id=414057\" rel=\"attachment wp-att-414057\"><img loading=\"lazy\" decoding=\"async\" aria-describedby=\"caption-attachment-414057\" class=\"size-large wp-image-414057\" src=\"https:\/\/www.diarioimagen.net\/wp-content\/uploads\/2019\/02\/NAUCALPAN-6-460x259.jpg\" alt=\"\" width=\"460\" height=\"259\" srcset=\"https:\/\/www.diarioimagen.net\/wp-content\/uploads\/2019\/02\/NAUCALPAN-6-460x259.jpg 460w, https:\/\/www.diarioimagen.net\/wp-content\/uploads\/2019\/02\/NAUCALPAN-6-240x135.jpg 240w, https:\/\/www.diarioimagen.net\/wp-content\/uploads\/2019\/02\/NAUCALPAN-6-235x132.jpg 235w, https:\/\/www.diarioimagen.net\/wp-content\/uploads\/2019\/02\/NAUCALPAN-6-202x114.jpg 202w, https:\/\/www.diarioimagen.net\/wp-content\/uploads\/2019\/02\/NAUCALPAN-6-350x196.jpg 350w, https:\/\/www.diarioimagen.net\/wp-content\/uploads\/2019\/02\/NAUCALPAN-6-220x123.jpg 220w, https:\/\/www.diarioimagen.net\/wp-content\/uploads\/2019\/02\/NAUCALPAN-6-237x132.jpg 237w, https:\/\/www.diarioimagen.net\/wp-content\/uploads\/2019\/02\/NAUCALPAN-6.jpg 480w\" sizes=\"auto, (max-width: 460px) 100vw, 460px\" \/><\/a><p id=\"caption-attachment-414057\" class=\"wp-caption-text\">La alcaldesa, Patricia Dur\u00e1n Reveles, se comprometi\u00f3 a instaurar una nueva era de convivencia entre naucalpenses, ajena al influyentismo y a la concesi\u00f3n de privilegios.<\/p><\/div>\n<p>&nbsp;<\/p>\n<p><strong>Naucalpan, Estado de M\u00e9xico<\/strong>.- El Bando Municipal 2019 es un documento moderno, entendible para todos y facilitador de la inclusi\u00f3n, asegur\u00f3 la lcaldesa de Naucalpan, Patricia Dur\u00e1n Reveles.<\/p>\n<p>En el marco de la promulgaci\u00f3n del Bando, la Presidenta Municipal asegur\u00f3 que la actualizaci\u00f3n del documento refleja la congruencia que tiene su administraci\u00f3n con la cultura de la legalidad entre los habitantes del municipio, tomando en cuenta las necesidades de los naucalpenses y revocando los privilegios a funcionarios p\u00fablicos.<\/p>\n<p>\u201cRespetaremos y haremos respetar el Bando Municipal 2019, instauraremos as\u00ed una nueva era de convivencia entre naucalpenses, ajena al influyentismo y a la concesi\u00f3n de privilegios que evaden la ley, que corrompe la funci\u00f3n p\u00fablica y que manchan el prestigio del Gobierno\u201d, dijo.<\/p>\n<p>Indic\u00f3 que el documento fue un trabajo conjunto de ciudadanos y autoridad, con el prop\u00f3sito de generar una redacci\u00f3n pr\u00e1ctica e incluyente, en la que se tom\u00f3 en cuenta la realidad que actualmente vive el municipio.<\/p>\n<p>Entre las adiciones y actualizaciones hechas al Bando, se cre\u00f3 un cap\u00edtulo \u201cDel Sistema Municipal Anticorrupci\u00f3n\u201d. Asimismo, se determin\u00f3 alinear la normativa municipal con los Objetivos de Desarrollo Sostenible de la Agenda 2030.<\/p>\n<p>Se le asign\u00f3 un cap\u00edtulo a la Junta Municipal de Reclutamiento donde se le califica como una unidad administrativa que podr\u00e1 recibir los reclamos y solicitudes, para turnarlas con un informe a la Oficina de Reclutamiento del Sector Militar correspondiente.<\/p>\n<p>Asimismo, la Oficial\u00eda Calificadora contar\u00e1 con espacios adecuados para los menores de edad, personas con discapacidad, en situaci\u00f3n de vulnerabilidad, adultos mayores, as\u00ed como personas de la comunidad LGBTTTI, adem\u00e1s se concientiza sobre el cuidado del medio ambiente.<\/p>\n<p>El Bando ser\u00e1 traducido al otom\u00ed y, por primera vez, tendr\u00e1 una versi\u00f3n en braille.<\/p>\n<p>Posterior a la promulgaci\u00f3n del Bando Municipal, la Alcaldesa cort\u00f3 el list\u00f3n y recorri\u00f3 la exposici\u00f3n \u201cEvoluci\u00f3n Normativa de Naucalpan de Ju\u00e1rez: Pasado y Presente\u201d, en la que se muestran diversos documentos oficiales y fotograf\u00edas que reflejan la evoluci\u00f3n del municipio a partir de 1881.<\/p>\n<p>En el evento se cont\u00f3 con la presencia de los alumnos de la Escuela Secundaria N\u00famero 42 \u201cJos\u00e9 Mart\u00ed\u201d y el coro del Instituto Thomas Jefferson Elementary School.<\/p>\n","protected":false},"excerpt":{"rendered":"<p>El Bando Municipal 2019 es un documento moderno, entendible para todos y facilitador de la inclusi\u00f3n, asegur\u00f3 la lcaldesa de Naucalpan, Patricia Dur\u00e1n Reveles.<\/p>\n","protected":false},"author":3,"featured_media":414057,"comment_status":"open","ping_status":"open","sticky":false,"template":"","format":"standard","meta":{"_monsterinsights_skip_tracking":false,"_monsterinsights_sitenote_active":false,"_monsterinsights_sitenote_note":"","_monsterinsights_sitenote_category":0,"footnotes":""},"categories":[35155],"tags":[43675,970,81467],"class_list":["post-414010","post","type-post","status-publish","format-standard","has-post-thumbnail","hentry","category-estado-de-mexico-estado-de-mexico","tag-estado-de-mexico","tag-naucalpan","tag-patricia-duran-reveles"],"_links":{"self":[{"href":"https:\/\/www.diarioimagen.net\/index.php?rest_route=\/wp\/v2\/posts\/414010","targetHints":{"allow":["GET"]}}],"collection":[{"href":"https:\/\/www.diarioimagen.net\/index.php?rest_route=\/wp\/v2\/posts"}],"about":[{"href":"https:\/\/www.diarioimagen.net\/index.php?rest_route=\/wp\/v2\/types\/post"}],"author":[{"embeddable":true,"href":"https:\/\/www.diarioimagen.net\/index.php?rest_route=\/wp\/v2\/users\/3"}],"replies":[{"embeddable":true,"href":"https:\/\/www.diarioimagen.net\/index.php?rest_route=%2Fwp%2Fv2%2Fcomments&post=414010"}],"version-history":[{"count":0,"href":"https:\/\/www.diarioimagen.net\/index.php?rest_route=\/wp\/v2\/posts\/414010\/revisions"}],"wp:featuredmedia":[{"embeddable":true,"href":"https:\/\/www.diarioimagen.net\/index.php?rest_route=\/wp\/v2\/media\/414057"}],"wp:attachment":[{"href":"https:\/\/www.diarioimagen.net\/index.php?rest_route=%2Fwp%2Fv2%2Fmedia&parent=414010"}],"wp:term":[{"taxonomy":"category","embeddable":true,"href":"https:\/\/www.diarioimagen.net\/index.php?rest_route=%2Fwp%2Fv2%2Fcategories&post=414010"},{"taxonomy":"post_tag","embeddable":true,"href":"https:\/\/www.diarioimagen.net\/index.php?rest_route=%2Fwp%2Fv2%2Ftags&post=414010"}],"curies":[{"name":"wp","href":"https:\/\/api.w.org\/{rel}","templated":true}]}}