{"id":414019,"date":"2019-02-06T00:06:44","date_gmt":"2019-02-06T06:06:44","guid":{"rendered":"https:\/\/www.diarioimagen.net\/?p=414019"},"modified":"2019-02-06T04:12:00","modified_gmt":"2019-02-06T10:12:00","slug":"bando-municipal-de-cuautitlan-a-la-vanguardia-en-la-inclusion-de-genero","status":"publish","type":"post","link":"https:\/\/www.diarioimagen.net\/?p=414019","title":{"rendered":"Bando Municipal de Cuautitl\u00e1n, a la vanguardia en la inclusi\u00f3n de g\u00e9nero"},"content":{"rendered":"<p><strong><a href=\"https:\/\/www.diarioimagen.net\/?attachment_id=414064\" rel=\"attachment wp-att-414064\"><img loading=\"lazy\" decoding=\"async\" class=\"alignleft  wp-image-414064\" src=\"https:\/\/www.diarioimagen.net\/wp-content\/uploads\/2019\/02\/CUAUTITLAN-6-BIS-306x460.jpg\" alt=\"\" width=\"270\" height=\"406\" srcset=\"https:\/\/www.diarioimagen.net\/wp-content\/uploads\/2019\/02\/CUAUTITLAN-6-BIS-306x460.jpg 306w, https:\/\/www.diarioimagen.net\/wp-content\/uploads\/2019\/02\/CUAUTITLAN-6-BIS-160x240.jpg 160w, https:\/\/www.diarioimagen.net\/wp-content\/uploads\/2019\/02\/CUAUTITLAN-6-BIS.jpg 466w\" sizes=\"auto, (max-width: 270px) 100vw, 270px\" \/><\/a>Cuautitl\u00e1n, Estado de M\u00e9xico<\/strong><strong>.- <\/strong>Como parte de las novedades incluidas en el Bando Municipal 2019, el tema de inclusi\u00f3n de g\u00e9nero se destaca debido a la importancia de este ordenamiento en la vida del municipio, la convivencia\u00a0 ciudadana y\u00a0 el mejoramiento de la calidad de vida para el desarrollo pleno de los hombres y mujeres, se\u00f1al\u00f3 el presidente municipal, Ariel Ju\u00e1rez Rodr\u00edguez.<\/p>\n<p>\u201cEste ordenamiento es de los primeros bandos, en reconocer la inclusi\u00f3n de la comunidad LGBTTTI, (l\u00e9sbico, gay, bisexual, transexual, transg\u00e9nero, travesti e intersexual), en un marco normativo, porque es un tema de inclusi\u00f3n de derechos y respuesta a la dignidad de las personas y a la vida propia y sobre todo a la preferencia sexual que cada mexicano tiene\u201d, asegur\u00f3 el alcalde.<\/p>\n","protected":false},"excerpt":{"rendered":"<p>Como parte de las novedades incluidas en el Bando Municipal 2019, el tema de inclusi\u00f3n de g\u00e9nero se destaca debido a la importancia de este ordenamiento en la vida del municipio, la convivencia  ciudadana y  el mejoramiento de la calidad de vida para el desarrollo pleno de los hombres y mujeres, se\u00f1al\u00f3 el presidente municipal, Ariel Ju\u00e1rez Rodr\u00edguez.<\/p>\n","protected":false},"author":3,"featured_media":414065,"comment_status":"open","ping_status":"open","sticky":false,"template":"","format":"standard","meta":{"_monsterinsights_skip_tracking":false,"_monsterinsights_sitenote_active":false,"_monsterinsights_sitenote_note":"","_monsterinsights_sitenote_category":0,"footnotes":""},"categories":[35155],"tags":[681,43675,51223],"class_list":["post-414019","post","type-post","status-publish","format-standard","has-post-thumbnail","hentry","category-estado-de-mexico-estado-de-mexico","tag-cuautitlan","tag-estado-de-mexico","tag-lgbttti"],"_links":{"self":[{"href":"https:\/\/www.diarioimagen.net\/index.php?rest_route=\/wp\/v2\/posts\/414019","targetHints":{"allow":["GET"]}}],"collection":[{"href":"https:\/\/www.diarioimagen.net\/index.php?rest_route=\/wp\/v2\/posts"}],"about":[{"href":"https:\/\/www.diarioimagen.net\/index.php?rest_route=\/wp\/v2\/types\/post"}],"author":[{"embeddable":true,"href":"https:\/\/www.diarioimagen.net\/index.php?rest_route=\/wp\/v2\/users\/3"}],"replies":[{"embeddable":true,"href":"https:\/\/www.diarioimagen.net\/index.php?rest_route=%2Fwp%2Fv2%2Fcomments&post=414019"}],"version-history":[{"count":0,"href":"https:\/\/www.diarioimagen.net\/index.php?rest_route=\/wp\/v2\/posts\/414019\/revisions"}],"wp:featuredmedia":[{"embeddable":true,"href":"https:\/\/www.diarioimagen.net\/index.php?rest_route=\/wp\/v2\/media\/414065"}],"wp:attachment":[{"href":"https:\/\/www.diarioimagen.net\/index.php?rest_route=%2Fwp%2Fv2%2Fmedia&parent=414019"}],"wp:term":[{"taxonomy":"category","embeddable":true,"href":"https:\/\/www.diarioimagen.net\/index.php?rest_route=%2Fwp%2Fv2%2Fcategories&post=414019"},{"taxonomy":"post_tag","embeddable":true,"href":"https:\/\/www.diarioimagen.net\/index.php?rest_route=%2Fwp%2Fv2%2Ftags&post=414019"}],"curies":[{"name":"wp","href":"https:\/\/api.w.org\/{rel}","templated":true}]}}