{"id":414046,"date":"2019-02-06T00:11:48","date_gmt":"2019-02-06T06:11:48","guid":{"rendered":"https:\/\/www.diarioimagen.net\/?p=414046"},"modified":"2019-02-06T04:16:58","modified_gmt":"2019-02-06T10:16:58","slug":"a-2-meses-de-iniciar-amlo-no-baja-el-ritmo-ahora-quiere-nueva-constitucion","status":"publish","type":"post","link":"https:\/\/www.diarioimagen.net\/?p=414046","title":{"rendered":"A 2 meses de iniciar, AMLO no baja el ritmo, ahora quiere nueva Constituci\u00f3n"},"content":{"rendered":"<h2>Tras la puerta del poder<\/h2>\n<h5>Roberto Vizca\u00edno<\/h5>\n<p>&nbsp;<\/p>\n<div id=\"attachment_414073\" style=\"width: 470px\" class=\"wp-caption aligncenter\"><a href=\"https:\/\/www.diarioimagen.net\/?attachment_id=414073\" rel=\"attachment wp-att-414073\"><img loading=\"lazy\" decoding=\"async\" aria-describedby=\"caption-attachment-414073\" class=\"size-large wp-image-414073\" src=\"https:\/\/www.diarioimagen.net\/wp-content\/uploads\/2019\/02\/LUIS-XAVIER-460x358.jpg\" alt=\"\" width=\"460\" height=\"358\" srcset=\"https:\/\/www.diarioimagen.net\/wp-content\/uploads\/2019\/02\/LUIS-XAVIER-460x358.jpg 460w, https:\/\/www.diarioimagen.net\/wp-content\/uploads\/2019\/02\/LUIS-XAVIER-240x187.jpg 240w, https:\/\/www.diarioimagen.net\/wp-content\/uploads\/2019\/02\/LUIS-XAVIER-768x598.jpg 768w, https:\/\/www.diarioimagen.net\/wp-content\/uploads\/2019\/02\/LUIS-XAVIER.jpg 1200w\" sizes=\"auto, (max-width: 460px) 100vw, 460px\" \/><\/a><p id=\"caption-attachment-414073\" class=\"wp-caption-text\">Visitantes distinguidos&#8230; | Luis Xavier<\/p><\/div>\n<p>&nbsp;<\/p>\n<p>Al encabezar en Quer\u00e9taro el 102 aniversario de la Constituci\u00f3n de 1917, y ante la c\u00fapula pol\u00edtica del pa\u00eds, <strong>Andr\u00e9s Manuel L\u00f3pez Obrador <\/strong>adelant\u00f3 que piensa convocar a un Congreso Constituyente al parejo de las elecciones presidenciales de 2024, para dejarle a M\u00e9xico y a sus nuevas generaciones una nueva Constituci\u00f3n.<\/p>\n<p>En forma improvisada, conforme a su estilo de no respetar guiones, desde la tribuna central del Teatro de la Rep\u00fablica &#8211;ahora s\u00ed propiedad de la naci\u00f3n&#8211;, consider\u00f3 que la actual Carta Magna est\u00e1 ya \u00abmuy parchada y remendada\u00bb.<\/p>\n<p>Y agreg\u00f3:<\/p>\n<p>\u00abCuando entreguemos la estafeta a las siguientes generaciones, \u00bfpor qu\u00e9 no convocar a un nuevo Constituyente y elaborar a una nueva Constituci\u00f3n?\u00bb.<\/p>\n<p>La verdad es que su adelanto no causa sorpresa. Durante su campa\u00f1a habl\u00f3 incluso de regresar la Constituci\u00f3n actual al texto original del de 1917.<\/p>\n<p>Ah\u00ed, frente a los 32 gobernadores, a representaciones legislativas, y los presidentes del Senado, <strong>Mart\u00ed Batres <\/strong>y de la C\u00e1mara de Diputados, <strong>Porfirio Mu\u00f1oz Ledo<\/strong>, as\u00ed como del presidente de la Suprema Corte <strong>Arturo Sald\u00edvar Lelo de Larrea; <\/strong>los l\u00edderes parlamentarios destacadamente <strong>Ricardo Monreal <\/strong>y <strong>Mario Delgado,<\/strong> el tabasque\u00f1o indic\u00f3 que no convoca hoy a un Constituyente porque sabe que no existen las condiciones para elaborar esa nueva Constituci\u00f3n que seg\u00fan \u00e9l requiere M\u00e9xico.<\/p>\n<p>Por el momento, indic\u00f3, se debe conformar con proponer e impulsar algunas reformas como la que tipifica a la corrupci\u00f3n como delito grave sin derecho a fianza, y que contempla que el Presidente de la Rep\u00fablica pueda ser imputado y juzgado por ese delito.<\/p>\n<p>Indic\u00f3 que es responsabilidad de Senadores y Diputados aprobarlas para limpiar a M\u00e9xico de corrupci\u00f3n, No es posible, subray\u00f3, \u201cque ocupamos el lugar 135 con m\u00e1s corrupci\u00f3n en el mundo\u00bb.<\/p>\n<p>Como segundo pendiente, dijo, que se acabe con la impunidad, por lo que propone que el presidente en funciones pueda ser juzgado por corrupci\u00f3n y se terminen los fueros y privilegios en todo el gobierno. \u00abEs la gran reforma que hace falta en este tiempo\u00bb, sostuvo.<\/p>\n<p>Ya metido de lleno en ese camino, L\u00f3pez Obrador asegur\u00f3 que otra reforma ser\u00eda la que le asegure a M\u00e9xico un verdadero sistema pol\u00edtico democr\u00e1tico.<\/p>\n<p>\u00abTenemos que establecer una aut\u00e9ntica democracia, acabar con los fraudes electorales que no se compren los votos. No se utilice presupuesto para favorecer a ning\u00fan partido y a ning\u00fan candidato\u00bb, subray\u00f3.<\/p>\n<p style=\"text-align: center;\"><strong>A contrapelo<\/strong><\/p>\n<p>Parte del grupo de oradores, la Secretaria de Gobernaci\u00f3n, la ex ministra <strong>Olga S\u00e1nchez Cordero<\/strong> afirm\u00f3 que la Constituci\u00f3n vigente no s\u00f3lo es esencial para la gobernabilidad sino gu\u00eda para atender las demandas y aspiraciones ciudadanas.<\/p>\n<p>Y, en lo que podr\u00eda haber sido un mensaje para su jefe, dijo creer que, a pesar de las m\u00faltiples reformas a que ha sido sometida, la actual Constituci\u00f3n preserva el car\u00e1cter social de 1917.<\/p>\n<p style=\"text-align: center;\"><strong>Negociaciones muy dif\u00edciles<\/strong><\/p>\n<p>El que no puede escapar de sus retos, es <strong>Ricardo Monreal, <\/strong>coordinador de los senadores de Morena y presidente de la Junta de Coordinaci\u00f3n Pol\u00edtica del Senado, sobre quien pesa la carga de la negociaci\u00f3n de la aprobaci\u00f3n de la Guardia Nacional.<\/p>\n<p>Asistente al evento de Quer\u00e9taro, el zacatecano aclar\u00f3 que no tiene idea de cu\u00e1ndo pueda salir adelante lo de la Guardia Nacional en el Senado.<\/p>\n<p>\u201cLo que te puedo decir es que cada vez es m\u00e1s dif\u00edcil tratar de completar mayor\u00eda calificada (dos terceras partes de 128 senadores)\u2026 cada vez es m\u00e1s dif\u00edcil construir mayor\u00edas calificadas porque el Congreso est\u00e1 muy vivo y hay una oposici\u00f3n real.<\/p>\n<p>\u201c\u2026 no queremos adelantar v\u00edsperas\u2026 estamos trabajando con los coordinadores de grupos parlamentarios, con todos los partidos.<\/p>\n<p>A nadie se le excluye, a nadie se le est\u00e1 limitando <strong>y estamos tratando de que en la redacci\u00f3n vayan los puntos de vista de todos.<\/strong><\/p>\n<p>\u201cVamos a intentarlo. Nada se pierde, vamos a intentarlo.<\/p>\n<p>\u201cTodo esto implica una nueva realidad. La construcci\u00f3n de las mayor\u00edas calificadas es cada vez es m\u00e1s complicada. No puedo hacer ni siquiera valoraciones precipitadas; vamos a empezar a trabajar ma\u00f1ana en el tema de la agenda legislativa: Guardia Nacional, nombramientos, reforma educativa.<\/p>\n<p>\u201cTenemos agenda concurrente que nos envi\u00f3 la C\u00e1mara de Diputados, que est\u00e1 pendiente de dictaminarse.<\/p>\n<p>Tenemos nuestra agenda propia; y ma\u00f1ana una Plenaria muy larga, donde vamos a aprobar nuestra agenda legislativa para, a partir del jueves empezar a ver qu\u00e9 podemos lograr en consensos\u201d.<\/p>\n<p>Nada que agregar. Monreal tiene un reto complicad\u00edsimo y es apenas una de al menos 7 reformas constitucionales que tiene que sacar delante de hoy a fines de abril.<\/p>\n<p style=\"text-align: center;\"><strong>\u00bfPor qu\u00e9 AMLO defiende a Maduro?<\/strong><\/p>\n<p>El escenario internacional respecto de la crisis venezolana es simplemente in\u00e9dito. Se habla de que quiz\u00e1 unos 60 gobiernos son los que apoyan ya a<strong> Juan Guaid\u00f3,<\/strong> l\u00edder de la Asamblea Nacional y autoproclamado presidente \u201cencargado\u201d &#8211;con base en un art\u00edculo de la Constituci\u00f3n de ese pa\u00eds&#8211;, para que convoque a elecciones presidenciales libres y democr\u00e1ticas, que sean sancionadas por el mundo desarrollado.<\/p>\n<p>As\u00ed, mientras Espa\u00f1a, Reino Unido, Francia, Alemania, Austria, Suecia, Dinamarca, B\u00e9lgica, Portugal, Polonia, Holanda, Hungr\u00eda, Rep\u00fablica Checa, Luxemburgo, Lituania y Estonia y Argentina, Brasil, EU, Canad\u00e1, Chile, Colombia, Costa Rica, Guatemala, Honduras, Panam\u00e1, Paraguay y Per\u00fa ya reconocieron a <strong>Guaid\u00f3,<\/strong> y van a apoyarlo para restablecer la democracia en Venezuela y para sacar a los venezolanos de la crisis en que est\u00e1n, M\u00e9xico, junto a Uruguay quieren mantener a Nicol\u00e1s Maduro en el poder.<\/p>\n<p>Los gobernantes que apoyan a <strong>Guaid\u00f3<\/strong> saben que la transici\u00f3n, que puede ser arrastrada todav\u00eda a la violencia por <strong>Maduro,<\/strong> quiz\u00e1 tarde unos 9 a 12 meses, luego de que el dictador se vaya y el l\u00edder de la Asamblea encabece un gobierno de transici\u00f3n.<\/p>\n<p>Y es que para que haya elecciones libres y democr\u00e1ticas se deber\u00e1n renovar los \u00f3rganos electorales y el Tribunal y levantar un nuevo Padr\u00f3n Electoral.<\/p>\n<p>Adem\u00e1s se deber\u00e1 establecer un mecanismo para que puedan participar los m\u00e1s de 3 millones de venezolanos que han emigrado durante loas \u00faltimos 4 a\u00f1os.<\/p>\n<p>\u201cHoy las sedes consulares son insuficientes para enfrentar esta demanda de electores que hay fuera de Venezuela. Este ser\u00eda un aspecto por resolver\u201d, se indica.<\/p>\n<p>Hoy mismo en el seno del Grupo de Lima, en Washington y Otawa, as\u00ed como en la Uni\u00f3n Europea, se contempla la posibilidad de que el Instituto Nacional Electoral de M\u00e9xico pudiera ser el que organice esas elecciones en Venezuela.<\/p>\n<p>Ya lo ha hecho en otros pa\u00edses.<\/p>\n<p>As\u00ed el INE junto con <strong>Guaid\u00f3<\/strong> -afirman&#8211;, podr\u00edan generar la legitimidad para organizar unas elecciones presidenciales en el menor tiempo posible.<\/p>\n<p>Mientras tanto <strong>Justin Trudeau<\/strong>, primer ministro de Canad\u00e1, junto con 11 pa\u00edses de los 14 que integran el llamado Grupo de Lima -en el que deber\u00eda estar M\u00e9xico-, prepara ya 53 millones de d\u00f3lares estadounidenses para llevar asistencia inmediata a Venezuela.<\/p>\n<p>Otro tanto es anunciado ya po<strong>r \u00c1ngela Merkel, Pedro S\u00e1nchez, Theresa May<\/strong> y <strong>Emmanuel Macron.<\/strong><\/p>\n<p>S\u00f3lo falta solucionar un punto: c\u00f3mo introducir todo eso hasta Caracas y las principales ciudades de Venezuela, si <strong>Maduro<\/strong> mantiene todav\u00eda el control de ej\u00e9rcito.<\/p>\n<p><em><a href=\"http:\/\/endirecto.mx\" target=\"_blank\" rel=\"noopener\">www.endirecto.mx<\/a><\/em><br \/>\n<em><a href=\"https:\/\/twitter.com\/_rvizcaino\" target=\"_blank\" rel=\"noopener\">@_RVizcaino<\/a><\/em><br \/>\n<a href=\"https:\/\/www.facebook.com\/rvizcainoa\" target=\"_blank\" rel=\"noopener\">f<em>acebook.com\/rvizcainoa<\/em><\/a><\/p>\n","protected":false},"excerpt":{"rendered":"<p><span style=\"color: #005497;\"><strong>Roberto Vizca\u00edno<\/strong><\/span><br \/>\n<br \/>\nAl encabezar en Quer\u00e9taro el 102 aniversario de la Constituci\u00f3n de 1917, y ante la c\u00fapula pol\u00edtica del pa\u00eds, <strong>Andr\u00e9s Manuel L\u00f3pez Obrador <\/strong>adelant\u00f3 que piensa convocar a un Congreso Constituyente al parejo de las elecciones presidenciales de 2024, para dejarle a M\u00e9xico y a sus nuevas generaciones una nueva Constituci\u00f3n.<\/p>\n","protected":false},"author":3,"featured_media":414073,"comment_status":"open","ping_status":"open","sticky":false,"template":"","format":"standard","meta":{"_monsterinsights_skip_tracking":false,"_monsterinsights_sitenote_active":false,"_monsterinsights_sitenote_note":"","_monsterinsights_sitenote_category":0,"footnotes":""},"categories":[136],"tags":[43674,93,94],"class_list":["post-414046","post","type-post","status-publish","format-standard","has-post-thumbnail","hentry","category-roberto-vizcaino-opinion","tag-opinion","tag-roberto-vizcaino","tag-tras-la-puerta-del-poder"],"_links":{"self":[{"href":"https:\/\/www.diarioimagen.net\/index.php?rest_route=\/wp\/v2\/posts\/414046","targetHints":{"allow":["GET"]}}],"collection":[{"href":"https:\/\/www.diarioimagen.net\/index.php?rest_route=\/wp\/v2\/posts"}],"about":[{"href":"https:\/\/www.diarioimagen.net\/index.php?rest_route=\/wp\/v2\/types\/post"}],"author":[{"embeddable":true,"href":"https:\/\/www.diarioimagen.net\/index.php?rest_route=\/wp\/v2\/users\/3"}],"replies":[{"embeddable":true,"href":"https:\/\/www.diarioimagen.net\/index.php?rest_route=%2Fwp%2Fv2%2Fcomments&post=414046"}],"version-history":[{"count":0,"href":"https:\/\/www.diarioimagen.net\/index.php?rest_route=\/wp\/v2\/posts\/414046\/revisions"}],"wp:featuredmedia":[{"embeddable":true,"href":"https:\/\/www.diarioimagen.net\/index.php?rest_route=\/wp\/v2\/media\/414073"}],"wp:attachment":[{"href":"https:\/\/www.diarioimagen.net\/index.php?rest_route=%2Fwp%2Fv2%2Fmedia&parent=414046"}],"wp:term":[{"taxonomy":"category","embeddable":true,"href":"https:\/\/www.diarioimagen.net\/index.php?rest_route=%2Fwp%2Fv2%2Fcategories&post=414046"},{"taxonomy":"post_tag","embeddable":true,"href":"https:\/\/www.diarioimagen.net\/index.php?rest_route=%2Fwp%2Fv2%2Ftags&post=414046"}],"curies":[{"name":"wp","href":"https:\/\/api.w.org\/{rel}","templated":true}]}}