{"id":414084,"date":"2019-02-06T00:00:53","date_gmt":"2019-02-06T06:00:53","guid":{"rendered":"https:\/\/www.diarioimagen.net\/?p=414084"},"modified":"2019-02-06T04:22:12","modified_gmt":"2019-02-06T10:22:12","slug":"aversion-de-lopez-obrador-a-gobernadores-que-no-son-afines","status":"publish","type":"post","link":"https:\/\/www.diarioimagen.net\/?p=414084","title":{"rendered":"Aversi\u00f3n de L\u00f3pez Obrador a gobernadores que no son afines"},"content":{"rendered":"<h2>La Retaguardia<\/h2>\n<h5>Adriana Moreno Cordero<\/h5>\n<p><em>\u00a0<\/em><\/p>\n<ul>\n<li><em><strong>Monreal o Batres, \u00bfqui\u00e9n se colgar\u00e1 \u201cestrellita\u201d de Guardia Nacional?<\/strong><br \/>\n<\/em><\/li>\n<\/ul>\n<p>&nbsp;<\/p>\n<p>El 102 aniversario de la promulgaci\u00f3n de la Constituci\u00f3n de 1917, fue la primera vez en lo que va del gobierno del presidente <strong>Andr\u00e9s Manuel L\u00f3pez Obrador<\/strong>, en la que se reuni\u00f3 con la clase pol\u00edtica de su partido; con el nuevo presidente de la Suprema Corte de Justicia de la Naci\u00f3n, <strong>Arturo Zald\u00edvar Lelo Larrea<\/strong>; sus principales hombres en el Senado de la Rep\u00fablica, <strong>Mart\u00ed Batres<\/strong> y <strong>Ricardo Monreal<\/strong>, quienes se dieron tiempo para hablar sobre el cabildeo que est\u00e1n haciendo uno y otro, -a pesar de sus serias diferencias-, en torno a la Guardia Nacional, la iniciativa m\u00e1s importante que tiene que aprobar en este per\u00edodo la C\u00e1mara Alta con las modificaciones dictadas por el Jefe del Ejecutivo.<\/p>\n<p>Aqu\u00ed la pregunta es: \u00bfcu\u00e1l de los dos se \u201ccolgar\u00e1\u201d la estrellita de haber sacado adelante tal iniciativa y se llevar\u00e1 el reconocimiento del Presidente?<\/p>\n<p>Sin embargo, a la hora de la foto del recuerdo con los gobernadores, se reflej\u00f3 la aversi\u00f3n del Jefe del Ejecutivo hacia aquellos mandatarios estatales que no son de Morena y por ende, la jefa de Gobierno de la Ciudad de M\u00e9xico, <strong>Claudia Sheinbaum<\/strong>, sigui\u00f3 el ejemplo de su jefe a pie juntillas.<\/p>\n<p>Ah\u00ed en tierras queretanas, se dio cita tambi\u00e9n el consejero-presidente del Instituto Nacional Electoral<strong>, Lorenzo C\u00f3rdova<\/strong>, a quien tambi\u00e9n AMLO, le tiene su \u201cguardadito\u201d.<\/p>\n<p>A\u00fan antes, se observ\u00f3 el odio en la mirada del Jefe del Ejecutivo. Cuando toc\u00f3 el turno de su discurso al gobernador de Quer\u00e9taro, <strong>Francisco Dom\u00ednguez Servi\u00e9n<\/strong>, quien critic\u00f3 la polarizaci\u00f3n y defendi\u00f3 al federalismo.<\/p>\n<p>Tambi\u00e9n fue enf\u00e1tico en que hay que ce\u00f1irse al respeto de la Constituci\u00f3n y de la ley.\u00a0 Firme, el panista Dom\u00ednguez Servi\u00e9n, critic\u00f3 el da\u00f1o que le hizo al pa\u00eds el centralismo, as\u00ed como el ancestral ejercicio de acaparar el poder.<\/p>\n<p>Cuando el Jefe del Ejecutivo hizo uso de la palabra, se refiri\u00f3 a que aunque le gustar\u00eda una Cuarta Constituci\u00f3n, es decir, una nueva, no la va a proponer porque no ve condiciones y adem\u00e1s, eso le corresponder\u00eda a las nuevas generaciones, \u201ccuando entregue la estafeta\u201d, pero tiene previsto proponer modificaciones sustanciales para que se establezca en la Carta Magna como delito grave, la corrupci\u00f3n.<\/p>\n<p>Agreg\u00f3 el tabasque\u00f1o que la actual Constituci\u00f3n est\u00e1 demasiado \u201cremendada\u201d pues ha tenido entre 700 y 900 reformas que han afectado su esp\u00edritu. \u00bfSer\u00e1?<\/p>\n<p>Aqu\u00ed habr\u00eda que subrayar que para diversos analistas, pareciera una falta de respeto que en plena conmemoraci\u00f3n de la Constituci\u00f3n, el Jefe del Ejecutivo haya hablado de promulgar una nueva.<\/p>\n<p>Es una ofensa para quienes con su vida defendieron la de 1917, rest\u00e1ndole validez a la vigencia de nuestra Carta Magna y calificarla de demasiado \u201cparchada\u201d.<\/p>\n<p>Sin embargo, las palabras del tabasque\u00f1o parecieron calmar a muchos que ya estaban verdaderamente angustiados porque sigue corriendo la versi\u00f3n de que en esta llamada Cuarta Transformaci\u00f3n, el presidente dedica buena parte de su tiempo para dise\u00f1ar una estrategia con el objetivo de precisamente modificar la Constituci\u00f3n para reelegirse.\u00a0 Ah\u00ed est\u00e1 que no descart\u00f3 del todo convocar a un nuevo Congreso Constituyente.<\/p>\n<p>En reiteradas ocasiones, L\u00f3pez Obrador ha descartado que tenga la intenci\u00f3n de reelegirse, a lo m\u00e1s que ha llegado, es a decir que cuando \u00e9l gobierna, lo hace ni m\u00e1s ni menos, que el mism\u00edsimo Benem\u00e9rito de las Am\u00e9ricas, <strong>Benito Ju\u00e1rez<\/strong> por su conducto, pero como hizo tantas y tantas promesas de campa\u00f1a que a la hora de la hora no cumpli\u00f3 o bien ha hecho exactamente lo contrario, que su palabra no basta para garantizar que por ejemplo, en el mediano plazo, retomar\u00e1 ese ambicioso proyecto de su reelecci\u00f3n.<\/p>\n<p>En Quer\u00e9taro, en el Teatro de la Rep\u00fablica estuvieron tambi\u00e9n, entre otros gobernadores, los del Estado de M\u00e9xico, <strong>Alfredo del Mazo<\/strong>; Michoac\u00e1n, <strong>Silvano Aureoles<\/strong> y Jalisco, <strong>Enrique Alfaro<\/strong>, para quienes el presidente s\u00f3lo tuvo fr\u00edo y distancia.<\/p>\n<p style=\"text-align: center;\"><strong>Municiones<\/strong><\/p>\n<p>*** Y hablando de quienes cumplen su palabra y quienes no lo hacen, resulta que los \u201cprofesores\u201d de la Coordinadora Nacional de Trabajadores de la Educaci\u00f3n no han levantado todos los bloqueos y se sigue impidiendo el tr\u00e1nsito de los trenes a pesar de que el gobernador Silvano Aureoles anunci\u00f3 que empez\u00f3 la liberaci\u00f3n de pagos pendientes a maestros estatales.<\/p>\n<p>Los \u201cprofesores\u201d de la Coordinadora, aseguran que se retirar\u00e1n hasta que no haya avances en el pliego petitorio al tiempo que exigieron la salida del titular de la SEP estatal, <strong>Alberto Frutis<\/strong>.<\/p>\n<p>Se supone que la CNTE, sigue en consultas y est\u00e1n esperando a que se formalicen los acuerdos porque si no, entonces se volver\u00e1n a plantar en las v\u00edas. Es inaceptable que las empresas ferroviarias est\u00e9n siempre en incertidumbre por las ocurrencias de los \u201cmaestros\u201d de la coordinadora y por estas ocurrencias, se pierden 50 millones de d\u00f3lares diarios.<\/p>\n<p>*** Organizaciones campesinas instalaron ayer plant\u00f3n en el carril central de Paseo de la Reforma y se pusieron con tiendas y casas de campa\u00f1a. Una pregunta: \u00bfqu\u00e9 le habr\u00e1 recordado al presidente esto?, pues \u00e9l tambi\u00e9n se dio el lujo de tomar y durante varios meses esta avenida y pagaba diferentes tarifas a aquellos que permanecieron en su plant\u00f3n. \u00a1Qu\u00e9 tal!<\/p>\n<p>*** No cabe duda que la titular de la secretaria de Cultura, <strong>Alejandra Frausto<\/strong>, sabe much\u00edsimo de historia; ah\u00ed est\u00e1 el error de la Batalla del 5 de Mayo, adelantada tres meses y en vez de reconocer su error porque a cualquiera se le puede ir, Frausto sali\u00f3 con que primero, se hab\u00eda alterado el oficio; despu\u00e9s, que como ella no lo revis\u00f3, pues nunca se enter\u00f3 qu\u00e9 dec\u00eda, o sea, \u00bfs\u00f3lo firm\u00f3?<\/p>\n<p>En fin, todo un \u201ccompl\u00f3\u201d en su contra a lo mejor proveniente de la \u201cmafia en el poder\u201d. En su twitter, la titular de Cultura, no puso ni una letra del asunto ni de las fuerzas oscuras en su contra, pero eso s\u00ed, reafirma que \u201cla cultura es la herramienta m\u00e1s poderosa para la transformaci\u00f3n social\u201d. \u00a1Ah, que bueno!<\/p>\n<p>*** \u00bfAlguien se habr\u00e1 puesto a temblar con las amenazas del ex gobernador de Sonora, <strong>Guillermo Padr\u00e9s<\/strong> cuando sali\u00f3 de la c\u00e1rcel con su largu\u00edsima barba, se dirigi\u00f3 a ciertos \u201chijos de la \u2026, ag\u00e1rrense poque ya sal\u00ed\u201d.\u00a0 \u00a1Qu\u00e9 tal!<u><\/u><\/p>\n<p><a href=\"mailto:morcora@gmail.com\" target=\"_blank\" rel=\"noopener\"><em>morcora@gmail.com<\/em><\/a><\/p>\n","protected":false},"excerpt":{"rendered":"<p><span style=\"color: #005497;\"><strong>Adriana Moreno Cordero<\/strong><\/span><\/p>\n","protected":false},"author":3,"featured_media":0,"comment_status":"open","ping_status":"open","sticky":false,"template":"","format":"standard","meta":{"_monsterinsights_skip_tracking":false,"_monsterinsights_sitenote_active":false,"_monsterinsights_sitenote_note":"","_monsterinsights_sitenote_category":0,"footnotes":""},"categories":[69370],"tags":[69369,69368,43674],"class_list":["post-414084","post","type-post","status-publish","format-standard","hentry","category-adriana-moreno-cordero","tag-adriana-moreno-cordero","tag-la-retaguardia","tag-opinion"],"_links":{"self":[{"href":"https:\/\/www.diarioimagen.net\/index.php?rest_route=\/wp\/v2\/posts\/414084","targetHints":{"allow":["GET"]}}],"collection":[{"href":"https:\/\/www.diarioimagen.net\/index.php?rest_route=\/wp\/v2\/posts"}],"about":[{"href":"https:\/\/www.diarioimagen.net\/index.php?rest_route=\/wp\/v2\/types\/post"}],"author":[{"embeddable":true,"href":"https:\/\/www.diarioimagen.net\/index.php?rest_route=\/wp\/v2\/users\/3"}],"replies":[{"embeddable":true,"href":"https:\/\/www.diarioimagen.net\/index.php?rest_route=%2Fwp%2Fv2%2Fcomments&post=414084"}],"version-history":[{"count":0,"href":"https:\/\/www.diarioimagen.net\/index.php?rest_route=\/wp\/v2\/posts\/414084\/revisions"}],"wp:attachment":[{"href":"https:\/\/www.diarioimagen.net\/index.php?rest_route=%2Fwp%2Fv2%2Fmedia&parent=414084"}],"wp:term":[{"taxonomy":"category","embeddable":true,"href":"https:\/\/www.diarioimagen.net\/index.php?rest_route=%2Fwp%2Fv2%2Fcategories&post=414084"},{"taxonomy":"post_tag","embeddable":true,"href":"https:\/\/www.diarioimagen.net\/index.php?rest_route=%2Fwp%2Fv2%2Ftags&post=414084"}],"curies":[{"name":"wp","href":"https:\/\/api.w.org\/{rel}","templated":true}]}}