{"id":414089,"date":"2019-02-06T00:07:33","date_gmt":"2019-02-06T06:07:33","guid":{"rendered":"https:\/\/www.diarioimagen.net\/?p=414089"},"modified":"2019-02-06T04:25:24","modified_gmt":"2019-02-06T10:25:24","slug":"los-campos-de-guerra-de-verdun","status":"publish","type":"post","link":"https:\/\/www.diarioimagen.net\/?p=414089","title":{"rendered":"Los campos de guerra de Verd\u00fan"},"content":{"rendered":"<h2>Detr\u00e1s del Poder<\/h2>\n<h5>Jos\u00e9 Antonio L\u00f3pez Sosa<\/h5>\n<p>&nbsp;<\/p>\n<p><strong>Verd\u00fan, Francia<\/strong>.- No es lo mismo leer y escuchar sobre la Primera Guerra Mundial, que caminar entre los bosques que hace poco m\u00e1s de cien a\u00f1os fueron campos de batalla, donde murieron en promedio mil hombres por d\u00eda \u2014tanto alemanes como franceses\u2014, durante m\u00e1s de 300 d\u00edas, la visita a los campos de Verd\u00fan representan una forma de entender el duro proceso hist\u00f3rico de esta guerra, que cobr\u00f3 cientos de miles de muertes por unos pocos kil\u00f3metros de control disputados entre ambas naciones, Francia y Alemania.<\/p>\n<p>Memoriales, monumentos y un gran osario yacen en lo que hoy es bosque, un gran museo de sitio explica c\u00f3mo vivieron y padecieron los militares que vivieron por a\u00f1os en esta regi\u00f3n de Francia, protegiendo la frontera y despu\u00e9s, en una encarnizada lucha que cambi\u00f3 el rostro de la guerra para la humanidad.<\/p>\n<p>Tal es la fuerza del recuerdo en esta regi\u00f3n, que en la Segunda Guerra Mundial la Alemania Nazi al conquistar Francia, respet\u00f3 los monumentos y memoriales y los mantuvo intactos durante la ocupaci\u00f3n.<\/p>\n<p>Recorrer los fuertes y las trincheras son s\u00f3lo el principio de la experiencia, entender las razones importantes en aquel momento, quiz\u00e1 vanas para nuestro siglo, son parte de la historia no s\u00f3lo de Europa, sino de la humanidad entera.<\/p>\n<p>Aqu\u00ed adem\u00e1s en aquel inicio del siglo XX, se inici\u00f3 la presencia de los Estados Unidos como la polic\u00eda del mundo, cargo que quisi\u00e9ramos quitarlo hoy, pero que salv\u00f3 a miles hace cien a\u00f1os.<\/p>\n<p>Pocos saben que la Alemania de la Primera Guerra Mundial, intent\u00f3 \u2014a trav\u00e9s de un mensaje a su embajador en M\u00e9xico interceptado en Londres\u2014 convencer al presidente Carranza de aliarse con Alemania, Austria-Hungr\u00eda y el imperio Otomano para permitir, llevar tropas por la frontera para atacar a los Estados Unidos, a cambio se compromet\u00edan a devolvernos los territorios perdidos en la guerra contra Estados Unidos en 1848 (California, Utah, Nuevo M\u00e9xico, Arizona, Nevada, Colorado e incluso Texas) al finalizar la guerra. Carranza no acept\u00f3 y el resto de la historia es conocida.<\/p>\n<p>Estos hechos sangrientos, marcaron la historia de Lorraine y en particular de Meuse. Lo positivo de los hechos es que gestaron una sociedad tolerante, de mutuo respeto por el pueblo alem\u00e1n (y visceversa), adem\u00e1s de un valor por la vida y por la paz, que s\u00f3lo al escuchar sus historias podemos entender.<\/p>\n<p>Algo que da ense\u00f1anzas de vida, independientemente de la edad a la que viajemos para ac\u00e1.<\/p>\n<p><em><a href=\"http:\/\/www.lopezsosa.com\" target=\"_blank\" rel=\"noopener\">www.lopezsosa.com<\/a><\/em><br \/>\n<em><a href=\"mailto:joseantonio@lopezsosa.com\" target=\"_blank\" rel=\"noopener\">joseantonio@lopezsosa.com<\/a><\/em><br \/>\n<em><a href=\"http:\/\/twitter.com\/joseantonio1977\" target=\"_blank\" rel=\"noopener\">@joseantonio197<\/a><\/em><\/p>\n","protected":false},"excerpt":{"rendered":"<p><span style=\"color: #005497;\"><strong>Jos\u00e9 Antonio L\u00f3pez Sosa<\/strong><\/span><\/p>\n","protected":false},"author":3,"featured_media":0,"comment_status":"open","ping_status":"open","sticky":false,"template":"","format":"standard","meta":{"_monsterinsights_skip_tracking":false,"_monsterinsights_sitenote_active":false,"_monsterinsights_sitenote_note":"","_monsterinsights_sitenote_category":0,"footnotes":""},"categories":[637],"tags":[638,43690,43674],"class_list":["post-414089","post","type-post","status-publish","format-standard","hentry","category-jose-antonio-lopez-sosa","tag-detras-del-poder","tag-jose-antonio-lopez-sosa","tag-opinion"],"_links":{"self":[{"href":"https:\/\/www.diarioimagen.net\/index.php?rest_route=\/wp\/v2\/posts\/414089","targetHints":{"allow":["GET"]}}],"collection":[{"href":"https:\/\/www.diarioimagen.net\/index.php?rest_route=\/wp\/v2\/posts"}],"about":[{"href":"https:\/\/www.diarioimagen.net\/index.php?rest_route=\/wp\/v2\/types\/post"}],"author":[{"embeddable":true,"href":"https:\/\/www.diarioimagen.net\/index.php?rest_route=\/wp\/v2\/users\/3"}],"replies":[{"embeddable":true,"href":"https:\/\/www.diarioimagen.net\/index.php?rest_route=%2Fwp%2Fv2%2Fcomments&post=414089"}],"version-history":[{"count":0,"href":"https:\/\/www.diarioimagen.net\/index.php?rest_route=\/wp\/v2\/posts\/414089\/revisions"}],"wp:attachment":[{"href":"https:\/\/www.diarioimagen.net\/index.php?rest_route=%2Fwp%2Fv2%2Fmedia&parent=414089"}],"wp:term":[{"taxonomy":"category","embeddable":true,"href":"https:\/\/www.diarioimagen.net\/index.php?rest_route=%2Fwp%2Fv2%2Fcategories&post=414089"},{"taxonomy":"post_tag","embeddable":true,"href":"https:\/\/www.diarioimagen.net\/index.php?rest_route=%2Fwp%2Fv2%2Ftags&post=414089"}],"curies":[{"name":"wp","href":"https:\/\/api.w.org\/{rel}","templated":true}]}}