{"id":414096,"date":"2019-02-06T00:05:29","date_gmt":"2019-02-06T06:05:29","guid":{"rendered":"https:\/\/www.diarioimagen.net\/?p=414096"},"modified":"2019-02-06T04:31:02","modified_gmt":"2019-02-06T10:31:02","slug":"democracia-fortaleza-moral","status":"publish","type":"post","link":"https:\/\/www.diarioimagen.net\/?p=414096","title":{"rendered":"Democracia, fortaleza moral"},"content":{"rendered":"<h2>Desde el portal<\/h2>\n<h5>\u00c1ngel Soriano<\/h5>\n<p>&nbsp;<\/p>\n<p>En Quer\u00e9taro, durante la conmemoraci\u00f3n del CII Aniversario de la Constituci\u00f3n General de la Rep\u00fablica, el presidente Andr\u00e9s Manuel L\u00f3pez Obrador record\u00f3 una asignatura pendiente en la Carta Magna, que no est\u00e1 en ninguna de las tres que se han promulgado, ni en la del 24, ni en la de 1857, ni en la Constituci\u00f3n del 17: la democracia.<\/p>\n<p>No tenemos un aut\u00e9ntico sistema pol\u00edtico democr\u00e1tico, sostuvo, necesitamos hacer valer la democracia, como lo establece el art\u00edculo 27, lo dec\u00eda el licenciado Mu\u00f1oz Ledo. Estamos hablando de una reforma de 1940 a la Constituci\u00f3n, al art\u00edculo 3\u00ba, pero no estaba considerado en las tres constituciones como algo fundamental, cuando que por eso fue la Revoluci\u00f3n de 1910, con el lema del sufragio efectivo, que es voto efectivo, democracia efectiva y la no reelecci\u00f3n.<\/p>\n<p>Tenemos que acabar con los fraudes electorales; que no se compren los votos, que no se utilice el presupuesto para favorecer a ning\u00fan partido, a ning\u00fan candidato; la democracia no nos va a traer el cuerno de la abundancia, pero nos va a dar mucha fortaleza moral. Ahora mismo, \u00bfqu\u00e9 es lo que le est\u00e1 dando nueva viabilidad a la Rep\u00fablica? La democracia.<\/p>\n<p>Lo sucedido el d\u00eda 1 de julio, eso fortaleci\u00f3 la grandeza de M\u00e9xico al interior y hacia afuera, entonces, por eso tenemos que dejar establecida la democracia como sistema pol\u00edtico y como forma de vida, como lo establece el art\u00edculo 3\u00ba constitucional. Esto, adem\u00e1s de una Constituci\u00f3n parchada, dejar\u00e1 pendiente a las nuevas administraciones, a una nueva generaci\u00f3n.<\/p>\n<p style=\"text-align: center;\"><strong>TURBULENCIAS<br \/>\nQue se hable de los<\/strong><strong>\u00a0afromexicanos<\/strong><\/p>\n<p>Gracias a la Constituci\u00f3n se ha construido un federalismo s\u00f3lido a lo largo de los a\u00f1os, y que hoy con una nueva administraci\u00f3n federal, encabezada por el presidente Andr\u00e9s Manuel L\u00f3pez Obrador, se escribe una nueva narrativa como parte de un renovado pacto federal con aspiraciones de justicia y bienestar colectivo, especialmente a quienes han estado marginados. \u201cEn todos los rubros estamos trabajando en equipo con la Federaci\u00f3n y municipios, porque en equipo somos invencibles. Ha llegado la hora de que cuando se hable de federalismo, se hable tambi\u00e9n de nuestros pueblos y comunidades ind\u00edgenas que hasta ahora no hab\u00edan tenido ni voz ni voto. Que se hable de nuestros pueblos afromexicanos, que luchan por alcanzar el reconocimiento constitucional que tambi\u00e9n la historia les debe\u201d, se\u00f1al\u00f3 el gobernador Alejandro Murat, en la ceremonia conmemorativa en la Alameda de Le\u00f3n\u2026Mientras, el PAN rechaz\u00f3 que \u201cla difamaci\u00f3n y la calumnia\u201d sean el camino para resolver los problemas nacionales, al salir en defensa de la senadora Josefina V\u00e1squez Mota, que se ha inconformado por el recorte a las guarder\u00edas, el ex presidente Felipe Calder\u00f3n, al agradecer la disculpa del presidente L\u00f3pez Obrador que lo critic\u00f3 por aceptar integrarse al consejo asesor de Avandrid, una trasnacional que abastec\u00eda de energ\u00eda el\u00e9ctrica a M\u00e9xico, se pregunta \u00bfDe qu\u00e9 vivir\u00eda un presidente honesto si se le impide trabajar para empresas globales? E indica que esto se aclara con los plazos legales que deben cumplirse. L\u00f3pez Obrador insisti\u00f3 en que a Calder\u00f3n y al ex presidente Zedillo, \u201cse les pas\u00f3 la mano\u201d al aceptar cargos en trasnacionales con las que realizaron contratos durante sus respectivos gobiernos. Calder\u00f3n se mostr\u00f3 dispuesto al di\u00e1logo para abordar temas importantes del pa\u00eds\u2026<\/p>\n<p><em><a href=\"mailto:asorianocarrasco@yahoo.com\" target=\"_blank\" rel=\"noopener\">asorianocarrasco@yahoo.com<\/a><\/em><br \/>\n<a href=\"https:\/\/twitter.com\/brecharevista\" target=\"_blank\" rel=\"noopener\"><em>@BrechaRevista<\/em><\/a><br \/>\n<em><a href=\"https:\/\/revistabrecha.com\" target=\"_blank\" rel=\"noopener\">www.revistabrecha.com<\/a><\/em><\/p>\n","protected":false},"excerpt":{"rendered":"<p><span style=\"color: #005497;\"><strong>\u00c1ngel Soriano<\/strong><\/span><\/p>\n","protected":false},"author":3,"featured_media":0,"comment_status":"open","ping_status":"open","sticky":false,"template":"","format":"standard","meta":{"_monsterinsights_skip_tracking":false,"_monsterinsights_sitenote_active":false,"_monsterinsights_sitenote_note":"","_monsterinsights_sitenote_category":0,"footnotes":""},"categories":[135],"tags":[85,86,43674],"class_list":["post-414096","post","type-post","status-publish","format-standard","hentry","category-angel-soriano-opinion","tag-angel-soriano","tag-desde-el-portal","tag-opinion"],"_links":{"self":[{"href":"https:\/\/www.diarioimagen.net\/index.php?rest_route=\/wp\/v2\/posts\/414096","targetHints":{"allow":["GET"]}}],"collection":[{"href":"https:\/\/www.diarioimagen.net\/index.php?rest_route=\/wp\/v2\/posts"}],"about":[{"href":"https:\/\/www.diarioimagen.net\/index.php?rest_route=\/wp\/v2\/types\/post"}],"author":[{"embeddable":true,"href":"https:\/\/www.diarioimagen.net\/index.php?rest_route=\/wp\/v2\/users\/3"}],"replies":[{"embeddable":true,"href":"https:\/\/www.diarioimagen.net\/index.php?rest_route=%2Fwp%2Fv2%2Fcomments&post=414096"}],"version-history":[{"count":0,"href":"https:\/\/www.diarioimagen.net\/index.php?rest_route=\/wp\/v2\/posts\/414096\/revisions"}],"wp:attachment":[{"href":"https:\/\/www.diarioimagen.net\/index.php?rest_route=%2Fwp%2Fv2%2Fmedia&parent=414096"}],"wp:term":[{"taxonomy":"category","embeddable":true,"href":"https:\/\/www.diarioimagen.net\/index.php?rest_route=%2Fwp%2Fv2%2Fcategories&post=414096"},{"taxonomy":"post_tag","embeddable":true,"href":"https:\/\/www.diarioimagen.net\/index.php?rest_route=%2Fwp%2Fv2%2Ftags&post=414096"}],"curies":[{"name":"wp","href":"https:\/\/api.w.org\/{rel}","templated":true}]}}