{"id":414098,"date":"2019-02-06T00:04:15","date_gmt":"2019-02-06T06:04:15","guid":{"rendered":"https:\/\/www.diarioimagen.net\/?p=414098"},"modified":"2019-02-06T04:33:08","modified_gmt":"2019-02-06T10:33:08","slug":"segun-el-sapo","status":"publish","type":"post","link":"https:\/\/www.diarioimagen.net\/?p=414098","title":{"rendered":"Seg\u00fan el sapo&#8230;"},"content":{"rendered":"<h2>Espacio Electoral<\/h2>\n<h5>Eleazar Flores<\/h5>\n<p>&nbsp;<\/p>\n<p><strong>\u00bfRESPETUOSO?.<\/strong>&#8211; A imagen y semejanza del recordado entrenador de Pumas y de la selecci\u00f3n nacional Bora Milutinovich, el presidente Andr\u00e9s Manuel L\u00f3pez Obrador recurre a la frase favorita del \u201cyo respeto\u201d, para evitar enfrentamientos contra el mandatario yanqui Donald Trump.<\/p>\n<p>Esto, no obstante que el presidente norteamericano acaba de declarar que \u201cM\u00e9xico est\u00e1 peor que Afganist\u00e1n\u201d; pero como los tiempos cambian, al tabasque\u00f1o se le festeja el esquivo.<\/p>\n<p>En campa\u00f1as presidenciales de los tres principales candidatos, Ricardo Anaya del PAN y aliados, Jos\u00e9 Antonio Meade del PRI y socios m\u00e1s Andr\u00e9s Manuel L\u00f3pez Obrador y sus apoyantes, el candidato del predominante Morena, casi a diario cuestionaba la pol\u00edtica exterior del r\u00e9gimen pe\u00f1ista, sobre todo por la desafortunada, -para Pe\u00f1a- visita de Trump a M\u00e9xico.<\/p>\n<p>El entonces candidato L\u00f3pez Obrador se colg\u00f3 de esa y muchas banderas m\u00e1s -que le sobraban para debilitar al tricolor y socios-, siendo una de las m\u00e1s importantes para su causa la llegada de Trump a nuestro pa\u00eds y el trato casi de jefe de Estado, todo por sugerencias \u201cgeniales\u201d del entonces poderoso secretario de Hacienda y Cr\u00e9dito P\u00fablico, Luis Videgaray Caso.<\/p>\n<p>Tan desafortunada fue la \u201cgenialidad\u201d de Luis Videgaray, que a d\u00edas de la cuestionada visita tuvo que renunciar al cargo, hiriendo adem\u00e1s la institucionalidad de la entonces secretar\u00eda de Relaciones Exteriores, Claudia Ruiz Massieu. Pasaron las semanas y ante la incertidumbre,\u00a0 Videgaray regres\u00f3 al cargo de canciller, confesando que llegaba \u201ca aprender\u201d. Fue sincero.<\/p>\n<p>Dejando la \u201coposici\u00f3n\u201d de la que fue abanderado por tres sexenios y pasando ahora a encabezar la \u201cmagia del poder\u201d, Andr\u00e9s Manuel L\u00f3pez Obrador se niega a responder con energ\u00eda al presidente Donald Trump, as\u00ed el mandatario yanqui catalogue a M\u00e9xico como un pa\u00eds \u201cpeor que Afganist\u00e1n\u201d, y si el Presidente no contesta a esos golpes, apueste y ganar\u00e1 a que Ebrard tampoco lo har\u00e1.<\/p>\n<p>En plena pol\u00edtica de \u201camor y paz\u201d y el \u201cyo respeto\u201d que Bora Milutinovich frase que hizo famosa el t\u00e9cnico nacional cuando le cuestionaban alineaciones de la selecci\u00f3n, resultados y dem\u00e1s temas relacionados con los \u201cratones verdes\u201d, se limitaba a decir \u201cyo respeto\u201d y de ah\u00ed nadie lo sacaba, ni los reporteros de deportes m\u00e1s agudos de esos tiempos.<\/p>\n<p>Hoy el presidente L\u00f3pez Obrador recurre al \u201cyo respeto\u201d, cuando que, de perdida, su canciller debi\u00f3 responder en otro tono al presidente norteamericano, como cuando Morena era oposici\u00f3n y se daba vuelo en cuestionar todo lo que hac\u00eda el pe\u00f1ismo.<\/p>\n<p>Como los tiempos cambian, tendremos que resignarnos a que mister Trump siga comparando a M\u00e9xico con el pa\u00eds que se le antoje, nadie le marcar\u00e1 un alto. Al tiempo.<\/p>\n<p><a href=\"mailto:elefa44@gmail.com\" target=\"_blank\" rel=\"noopener\"><em>elefa44@gmail.com<\/em><\/a><\/p>\n","protected":false},"excerpt":{"rendered":"<p><span style=\"color: #005497;\"><strong>Eleazar Flores<\/strong><\/span><\/p>\n","protected":false},"author":3,"featured_media":0,"comment_status":"open","ping_status":"open","sticky":false,"template":"","format":"standard","meta":{"_monsterinsights_skip_tracking":false,"_monsterinsights_sitenote_active":false,"_monsterinsights_sitenote_note":"","_monsterinsights_sitenote_category":0,"footnotes":""},"categories":[81743],"tags":[81744,81776,43674],"class_list":["post-414098","post","type-post","status-publish","format-standard","hentry","category-eleazar-flores","tag-eleazar-flores","tag-espacio-electoral","tag-opinion"],"_links":{"self":[{"href":"https:\/\/www.diarioimagen.net\/index.php?rest_route=\/wp\/v2\/posts\/414098","targetHints":{"allow":["GET"]}}],"collection":[{"href":"https:\/\/www.diarioimagen.net\/index.php?rest_route=\/wp\/v2\/posts"}],"about":[{"href":"https:\/\/www.diarioimagen.net\/index.php?rest_route=\/wp\/v2\/types\/post"}],"author":[{"embeddable":true,"href":"https:\/\/www.diarioimagen.net\/index.php?rest_route=\/wp\/v2\/users\/3"}],"replies":[{"embeddable":true,"href":"https:\/\/www.diarioimagen.net\/index.php?rest_route=%2Fwp%2Fv2%2Fcomments&post=414098"}],"version-history":[{"count":0,"href":"https:\/\/www.diarioimagen.net\/index.php?rest_route=\/wp\/v2\/posts\/414098\/revisions"}],"wp:attachment":[{"href":"https:\/\/www.diarioimagen.net\/index.php?rest_route=%2Fwp%2Fv2%2Fmedia&parent=414098"}],"wp:term":[{"taxonomy":"category","embeddable":true,"href":"https:\/\/www.diarioimagen.net\/index.php?rest_route=%2Fwp%2Fv2%2Fcategories&post=414098"},{"taxonomy":"post_tag","embeddable":true,"href":"https:\/\/www.diarioimagen.net\/index.php?rest_route=%2Fwp%2Fv2%2Ftags&post=414098"}],"curies":[{"name":"wp","href":"https:\/\/api.w.org\/{rel}","templated":true}]}}