{"id":414107,"date":"2019-02-07T00:05:50","date_gmt":"2019-02-07T06:05:50","guid":{"rendered":"https:\/\/www.diarioimagen.net\/?p=414107"},"modified":"2019-02-07T04:07:09","modified_gmt":"2019-02-07T10:07:09","slug":"es-issemym-referente-nacional-en-combate-contra-el-cancer","status":"publish","type":"post","link":"https:\/\/www.diarioimagen.net\/?p=414107","title":{"rendered":"Es ISSEMyM referente nacional en combate contra el c\u00e1ncer"},"content":{"rendered":"<ul>\n<li><em><strong>Centro Oncol\u00f3gico, entre los 4 mejores hospitales del pa\u00eds<\/strong><\/em><\/li>\n<\/ul>\n<p>&nbsp;<\/p>\n<div id=\"attachment_414108\" style=\"width: 470px\" class=\"wp-caption aligncenter\"><img loading=\"lazy\" decoding=\"async\" aria-describedby=\"caption-attachment-414108\" class=\"size-large wp-image-414108\" src=\"https:\/\/www.diarioimagen.net\/wp-content\/uploads\/2019\/02\/ISSEMYM7-portal-460x268.jpg\" alt=\"\" width=\"460\" height=\"268\" srcset=\"https:\/\/www.diarioimagen.net\/wp-content\/uploads\/2019\/02\/ISSEMYM7-portal-460x268.jpg 460w, https:\/\/www.diarioimagen.net\/wp-content\/uploads\/2019\/02\/ISSEMYM7-portal-240x140.jpg 240w, https:\/\/www.diarioimagen.net\/wp-content\/uploads\/2019\/02\/ISSEMYM7-portal.jpg 480w\" sizes=\"auto, (max-width: 460px) 100vw, 460px\" \/><p id=\"caption-attachment-414108\" class=\"wp-caption-text\">El Centro Oncol\u00f3gico del ISSEMyM es ubicado entre los cuatro mejores hospitales de todo el pa\u00eds.<\/p><\/div>\n<p>&nbsp;<\/p>\n<p><strong>Toluca, Esado de M\u00e9xico<\/strong>.- El Centro Oncol\u00f3gico Estatal del Instituto de Seguridad Social del Estado de M\u00e9xico y Municipios (ISSEMyM) es uno de los cuatro mejores nosocomios de alta especialidad de todo el pa\u00eds, dada su capacidad m\u00e9dica y tecnol\u00f3gica, adem\u00e1s es, a la fecha, el \u00fanico en la entidad mexiquense en contar con dos aceleradores lineales para brindar radioterapia y un Tom\u00f3grafo por Emisi\u00f3n de Positrones (PET CT por sus siglas en ingl\u00e9s).<\/p>\n<p>Jos\u00e9 Luis Barrera Franco, Director de dicho hospital, explic\u00f3 que en este lugar se atienden actualmente m\u00e1s de 25 mil pacientes con alg\u00fan tipo de c\u00e1ncer y que de no contar con este servicio, los derechohabientes tendr\u00edan que pagar en un hospital privado cantidades que van desde 300 mil hasta 1.8 millones de pesos por sus tratamientos.<\/p>\n<p>Destac\u00f3 que en la atenci\u00f3n de cada paciente se consideran tratamientos farmacol\u00f3gicos, estudios de laboratorio, gabinete, imagenolog\u00eda con tecnolog\u00eda de \u00faltima generaci\u00f3n, insumos m\u00e9dicos, consultas de alta especialidad, apoyo nutricional, psicol\u00f3gico y de tanatolog\u00eda para todo el n\u00facleo familiar, as\u00ed como intervenciones quir\u00fargicas, entre otros.<\/p>\n<p>El especialista refiri\u00f3 que la inversi\u00f3n de equipo m\u00e9dico e infraestructura que realiza este organismo oscila, tan s\u00f3lo en el caso del acelerador lineal, en cerca de 60 millones de pesos y con la respectiva instalaci\u00f3n del b\u00fanker nuclear para su operaci\u00f3n, la cifra aproximada de inversi\u00f3n se eleva a 100 millones de pesos, adicional al mantenimiento que es permanente.<\/p>\n<p>Agreg\u00f3 que aunque no todos los casos de c\u00e1ncer reciben el mismo tratamiento, todos deben pasar por un proceso que puede involucrar quimioterapias, radioterapias, cirug\u00eda y hospitalizaci\u00f3n.<\/p>\n<p>Barrera Franco detall\u00f3 que actualmente 60 por ciento de los pacientes que registra el Centro Oncol\u00f3gico se encuentran en tratamiento activo, 30 por ciento en fase de remisi\u00f3n con vigilancia m\u00e9dica peri\u00f3dica y el resto son casos en etapa de diagn\u00f3stico.<\/p>\n<p>Sostuvo que este hospital cuenta tambi\u00e9n con una Unidad de Trasplante de M\u00e9dula \u00d3sea, cuya inversi\u00f3n oscila en el orden de los 35 millones de pesos, y anteriormente, este servicio se subrogaba con instituciones como el Instituto Nacional de Cancerolog\u00eda o incluso con el Hospital de Nutrici\u00f3n, pero desde su inauguraci\u00f3n, hace dos a\u00f1os, se han realizado 16 procedimientos de este tipo.<\/p>\n","protected":false},"excerpt":{"rendered":"<p>El Centro Oncol\u00f3gico Estatal del Instituto de Seguridad Social del Estado de M\u00e9xico y Municipios (ISSEMyM) es uno de los cuatro mejores nosocomios de alta especialidad de todo el pa\u00eds, dada su capacidad m\u00e9dica y tecnol\u00f3gica, adem\u00e1s es, a la fecha, el \u00fanico en la entidad mexiquense en contar con dos aceleradores lineales para brindar radioterapia y un Tom\u00f3grafo por Emisi\u00f3n de Positrones (PET CT por sus siglas en ingl\u00e9s).<\/p>\n","protected":false},"author":5,"featured_media":414108,"comment_status":"open","ping_status":"open","sticky":false,"template":"","format":"standard","meta":{"_monsterinsights_skip_tracking":false,"_monsterinsights_sitenote_active":false,"_monsterinsights_sitenote_note":"","_monsterinsights_sitenote_category":0,"footnotes":""},"categories":[35155],"tags":[82613,82612,66478,699,82614,452],"class_list":["post-414107","post","type-post","status-publish","format-standard","has-post-thumbnail","hentry","category-estado-de-mexico-estado-de-mexico","tag-centro-oncologico-estatal-del-instituto-de-seguridad-social-del-estado-de-mexico","tag-contra-el-cancer","tag-esado-de-mexico","tag-issemym","tag-jose-luis-barrera-franco","tag-toluca"],"_links":{"self":[{"href":"https:\/\/www.diarioimagen.net\/index.php?rest_route=\/wp\/v2\/posts\/414107","targetHints":{"allow":["GET"]}}],"collection":[{"href":"https:\/\/www.diarioimagen.net\/index.php?rest_route=\/wp\/v2\/posts"}],"about":[{"href":"https:\/\/www.diarioimagen.net\/index.php?rest_route=\/wp\/v2\/types\/post"}],"author":[{"embeddable":true,"href":"https:\/\/www.diarioimagen.net\/index.php?rest_route=\/wp\/v2\/users\/5"}],"replies":[{"embeddable":true,"href":"https:\/\/www.diarioimagen.net\/index.php?rest_route=%2Fwp%2Fv2%2Fcomments&post=414107"}],"version-history":[{"count":0,"href":"https:\/\/www.diarioimagen.net\/index.php?rest_route=\/wp\/v2\/posts\/414107\/revisions"}],"wp:featuredmedia":[{"embeddable":true,"href":"https:\/\/www.diarioimagen.net\/index.php?rest_route=\/wp\/v2\/media\/414108"}],"wp:attachment":[{"href":"https:\/\/www.diarioimagen.net\/index.php?rest_route=%2Fwp%2Fv2%2Fmedia&parent=414107"}],"wp:term":[{"taxonomy":"category","embeddable":true,"href":"https:\/\/www.diarioimagen.net\/index.php?rest_route=%2Fwp%2Fv2%2Fcategories&post=414107"},{"taxonomy":"post_tag","embeddable":true,"href":"https:\/\/www.diarioimagen.net\/index.php?rest_route=%2Fwp%2Fv2%2Ftags&post=414107"}],"curies":[{"name":"wp","href":"https:\/\/api.w.org\/{rel}","templated":true}]}}