{"id":414199,"date":"2019-02-07T00:09:48","date_gmt":"2019-02-07T06:09:48","guid":{"rendered":"https:\/\/www.diarioimagen.net\/?p=414199"},"modified":"2019-02-07T05:42:09","modified_gmt":"2019-02-07T11:42:09","slug":"cuautitlan-izcalli-difunde-su-normatividad-municipal","status":"publish","type":"post","link":"https:\/\/www.diarioimagen.net\/?p=414199","title":{"rendered":"Cuautitl\u00e1n Izcalli difunde su normatividad municipal"},"content":{"rendered":"<ul>\n<li><strong><em>Reconoce la equidad de g\u00e9nero<\/em><\/strong><\/li>\n<\/ul>\n<p>&nbsp;<\/p>\n<div id=\"attachment_414280\" style=\"width: 470px\" class=\"wp-caption aligncenter\"><a href=\"https:\/\/www.diarioimagen.net\/?attachment_id=414280\" rel=\"attachment wp-att-414280\"><img loading=\"lazy\" decoding=\"async\" aria-describedby=\"caption-attachment-414280\" class=\"size-large wp-image-414280\" src=\"https:\/\/www.diarioimagen.net\/wp-content\/uploads\/2019\/02\/CUAUTITLAN-7-460x259.jpg\" alt=\"\" width=\"460\" height=\"259\" srcset=\"https:\/\/www.diarioimagen.net\/wp-content\/uploads\/2019\/02\/CUAUTITLAN-7-460x259.jpg 460w, https:\/\/www.diarioimagen.net\/wp-content\/uploads\/2019\/02\/CUAUTITLAN-7-240x135.jpg 240w, https:\/\/www.diarioimagen.net\/wp-content\/uploads\/2019\/02\/CUAUTITLAN-7-235x132.jpg 235w, https:\/\/www.diarioimagen.net\/wp-content\/uploads\/2019\/02\/CUAUTITLAN-7-202x114.jpg 202w, https:\/\/www.diarioimagen.net\/wp-content\/uploads\/2019\/02\/CUAUTITLAN-7-350x196.jpg 350w, https:\/\/www.diarioimagen.net\/wp-content\/uploads\/2019\/02\/CUAUTITLAN-7-220x123.jpg 220w, https:\/\/www.diarioimagen.net\/wp-content\/uploads\/2019\/02\/CUAUTITLAN-7-237x132.jpg 237w, https:\/\/www.diarioimagen.net\/wp-content\/uploads\/2019\/02\/CUAUTITLAN-7.jpg 480w\" sizes=\"auto, (max-width: 460px) 100vw, 460px\" \/><\/a><p id=\"caption-attachment-414280\" class=\"wp-caption-text\">El alcalde, Ricardo N\u00fa\u00f1ez Ayala, se\u00f1al\u00f3 que en la nueva norma se reconocen y promueven los derechos de las mujeres y la equidad de g\u00e9nero.<\/p><\/div>\n<p>&nbsp;<\/p>\n<p><strong>Cuautitl\u00e1n Izcalli, Estado de M\u00e9xico<\/strong>.- En el marco de la quinta sesi\u00f3n del ayuntamiento, con car\u00e1cter ordinaria, p\u00fablica y r\u00e9gimen solemne, se llev\u00f3 acabo la promulgaci\u00f3n, publicaci\u00f3n y difusi\u00f3n, del Bando Municipal 2019, de Cuautitl\u00e1n Izcalli.<\/p>\n<p>La sesi\u00f3n encabezada por el alcalde municipal, Ricardo N\u00fa\u00f1ez Ayala, se realiz\u00f3 en el auditorio Enrique B\u00e1tiz. El pres\u00eddium estuvo integrado por el cuerpo edilicio. El recinto fue ocupado por autoridades municipales y numeroso p\u00fablico izcallense.<\/p>\n<p>El alcalde Ricardo N\u00fa\u00f1ez record\u00f3 que la promulgaci\u00f3n del Bando se di\u00f3 en el marco del Aniversario 162 de la Constituci\u00f3n de 1857 y el 102 de la Carta Magna de 1917.<\/p>\n<p>\u201cEste d\u00eda es emblem\u00e1tico porque marca la entrada en vigor de un Bando Municipal que manifiesta la pluralidad que hay en nuestro ayuntamiento\u201d, manifest\u00f3 N\u00fa\u00f1ez Ayala<\/p>\n<p>Tambi\u00e9n dijo que en la construcci\u00f3n de la nueva etapa del pa\u00eds, los integrantes del cabildo, dan muestra de civilidad y grandeza al poner en primer lugar los intereses del pueblo, para dotar de un marco normativo que regule la convivencia de los ciudadanos.<\/p>\n<p>Agreg\u00f3 que dentro del Bando Municipal, se reconocen y promueven los derechos de las mujeres y la equidad de g\u00e9nero; el respeto a la dignidad humana; la incorporaci\u00f3n del principio pro-persona y el respeto y reconocimiento irrestricto de los derechos humanos y fortalecimiento de la autonom\u00eda municipal.<\/p>\n<p>\u201cCon el Bando que hoy promulgamos buscamos cambiar la forma en que se establecen las relaciones gobierno-sociedad\u201d, Ricardo N\u00fa\u00f1ez.<\/p>\n<p>Tras la develaci\u00f3n del Bando Municipal y al t\u00e9rmino de la quinta sesi\u00f3n del ayuntamiento, el alcalde y cuerpo edilicio, se dirigieron al palacio municipal para publicar dicho Bando.<\/p>\n<p>En esta ceremonia, Ricardo N\u00fa\u00f1ez instruy\u00f3 a Directores y Encargados del Despacho de las distintas \u00e1reas del Ayuntamiento a difundir extensamente el documento para el mayor y mejor conocimiento de todos los izcallenses.<strong>\u00a0<\/strong><\/p>\n","protected":false},"excerpt":{"rendered":"<p>En el marco de la quinta sesi\u00f3n del ayuntamiento, con car\u00e1cter ordinaria, p\u00fablica y r\u00e9gimen solemne, se llev\u00f3 acabo la promulgaci\u00f3n, publicaci\u00f3n y difusi\u00f3n, del Bando Municipal 2019, de Cuautitl\u00e1n Izcalli.<\/p>\n","protected":false},"author":3,"featured_media":414280,"comment_status":"open","ping_status":"open","sticky":false,"template":"","format":"standard","meta":{"_monsterinsights_skip_tracking":false,"_monsterinsights_sitenote_active":false,"_monsterinsights_sitenote_note":"","_monsterinsights_sitenote_category":0,"footnotes":""},"categories":[35155],"tags":[971,82646,43675,82645],"class_list":["post-414199","post","type-post","status-publish","format-standard","has-post-thumbnail","hentry","category-estado-de-mexico-estado-de-mexico","tag-cuautitlan-izcalli","tag-difunde","tag-estado-de-mexico","tag-notmatividad"],"_links":{"self":[{"href":"https:\/\/www.diarioimagen.net\/index.php?rest_route=\/wp\/v2\/posts\/414199","targetHints":{"allow":["GET"]}}],"collection":[{"href":"https:\/\/www.diarioimagen.net\/index.php?rest_route=\/wp\/v2\/posts"}],"about":[{"href":"https:\/\/www.diarioimagen.net\/index.php?rest_route=\/wp\/v2\/types\/post"}],"author":[{"embeddable":true,"href":"https:\/\/www.diarioimagen.net\/index.php?rest_route=\/wp\/v2\/users\/3"}],"replies":[{"embeddable":true,"href":"https:\/\/www.diarioimagen.net\/index.php?rest_route=%2Fwp%2Fv2%2Fcomments&post=414199"}],"version-history":[{"count":0,"href":"https:\/\/www.diarioimagen.net\/index.php?rest_route=\/wp\/v2\/posts\/414199\/revisions"}],"wp:featuredmedia":[{"embeddable":true,"href":"https:\/\/www.diarioimagen.net\/index.php?rest_route=\/wp\/v2\/media\/414280"}],"wp:attachment":[{"href":"https:\/\/www.diarioimagen.net\/index.php?rest_route=%2Fwp%2Fv2%2Fmedia&parent=414199"}],"wp:term":[{"taxonomy":"category","embeddable":true,"href":"https:\/\/www.diarioimagen.net\/index.php?rest_route=%2Fwp%2Fv2%2Fcategories&post=414199"},{"taxonomy":"post_tag","embeddable":true,"href":"https:\/\/www.diarioimagen.net\/index.php?rest_route=%2Fwp%2Fv2%2Ftags&post=414199"}],"curies":[{"name":"wp","href":"https:\/\/api.w.org\/{rel}","templated":true}]}}