{"id":414224,"date":"2019-02-07T00:00:29","date_gmt":"2019-02-07T06:00:29","guid":{"rendered":"https:\/\/www.diarioimagen.net\/?p=414224"},"modified":"2019-02-07T04:16:38","modified_gmt":"2019-02-07T10:16:38","slug":"panistas-contra-la-creacion-de-la-guardia-nacional","status":"publish","type":"post","link":"https:\/\/www.diarioimagen.net\/?p=414224","title":{"rendered":"Panistas contra la creaci\u00f3n de la Guardia Nacional"},"content":{"rendered":"<h2>Derecho de r\u00e9plica<\/h2>\n<p>&nbsp;<\/p>\n<ul>\n<li><strong><em>Los azules exigen que se limite la actuaci\u00f3n de las fuerzas armadas en la GN<\/em><\/strong><\/li>\n<\/ul>\n<p>&nbsp;<\/p>\n<p>&nbsp;<\/p>\n<p>En el Senado, la bancada del Partido Acci\u00f3n Nacional, la est\u00e1 haciendo <em>de jam\u00f3n, <\/em>para la aprobaci\u00f3n de la propuesta de la Guardia Nacional, que envi\u00f3 la C\u00e1mara de Diputados, despu\u00e9s de hacer las modificaciones que solicitaron al gobierno de Andr\u00e9s Manuel L\u00f3pez Obrador&#8230; pero bueno, con una buena lana se arreglan&#8230; NOOOO&#8230; perd\u00f3n, con una buena negociaci\u00f3n se pondr\u00e1n de acuerdo.<\/p>\n<p>Los panistas, contrario a los del Partido Verde Ecologista, que le abrieron las piernas a Morena&#8230; nooooo, perd\u00f3n&#8230; le abrieron las puertas (ahhhh) a una alianza en las dos c\u00e1maras con el partido en el gobierno, no sueltan prenda y exigen que se limite la actuaci\u00f3n de la fuerzas armadas en la GN.<\/p>\n<p>La senadora por el PAN, Mayuli Mart\u00ednez Sim\u00f3n, asegur\u00f3 que la propuesta de Guardia Nacional no tiene ninguna viabilidad tal como la propone el presidente Andr\u00e9s Manuel L\u00f3pez Obrador&#8230;pero no cuenta el poder del \u201cMe canso ganso\u201d de AMLO.<\/p>\n<p>Que para la creaci\u00f3n de la Guardia Nacional se requiere de su aprobaci\u00f3n por dos terceras partes de los senadores, 86 votos para una mayor\u00eda calificada, y la bancada de Morena por s\u00ed sola no tiene los votos suficientes, perooooo, para eso tiene a los del Partido Verde de su lado, a los del PT y todo aquel que entienda que resistirse a Andr\u00e9s Manuel no tiene sentido, porque en la mente de este gobierno federal est\u00e1 las palabras dichas de Paco Ignacio Taibo II, \u201cUn presidente de M\u00e9xico puede gobernar por decreto presidencial, como hizo C\u00e1rdenas en su d\u00eda (&#8230;) No hay otra opci\u00f3n si quieres cambiar este pa\u00eds\u201d.<\/p>\n<p style=\"text-align: center;\"><strong>Lo que los panistas alegan<\/strong><\/p>\n<p>La senadora por el PAN, Mayuli Mart\u00ednez Sim\u00f3n, que por cierto lleg\u00f3 a esa curul por la v\u00eda de la suerte &#8230;o sea la pluri, asegur\u00f3 que el problema de fondo es muy grave ya que, tal como est\u00e1, la propuesta de Guardia Nacional busca militarizar al pa\u00eds con una sola fuerza, cuando el Ej\u00e9rcito y la Marina s\u00f3lo deben tener presencia en estados y municipios para casos excepcionales, adem\u00e1s de que se avanza en la propuesta sin la previa reforma constitucional.<\/p>\n<p>La realidad es que a la panista le duele que, de aprobarse la Guardia Nacional, anular\u00eda el Mando \u00danico, que tanto el secretario de Seguridad del estado, Alberto Capella Ibarra, pregona como la panacea que curar\u00e1 todos los males delincuenciales en la entidad, con lo que se acabar\u00eda el <em>bisne<\/em>, jijiji&#8230; noooo, perd\u00f3n, con ello se terminar\u00edan los planes que con tanto esmero ha realizado el flamante jefe policial. \u00a1Abuelita tus chanclitas!<\/p>\n<p>La realidad es que, la poblaci\u00f3n en general, lo que ruega es una soluci\u00f3n a la inseguridad y que por fin un plan en este sentido d\u00e9 buenos resultados, no importa como se llame o se integre, sino ver los resultados, que la gente salga a la calle y se sienta tranquila y de paso, que Quintana Roo detenga el crecimiento delincuencial, pues el a\u00f1o pasado fue el segundo estado donde se dispar\u00f3 en m\u00e1s del 100% la actividad delictiva, incluidos los feminicidios.<\/p>\n<p style=\"text-align: center;\"><strong>Para no perder el registro <\/strong><\/p>\n<p>El m\u00e1ximo anhelo de los perredistas de Quintana Roo es no perder su registro, as\u00ed ya, de plano, pero tal parece que juegan a perderlo, pues pondr\u00e1n como sus candidatos a diputados, nada menos y nada m\u00e1s que al ex alcalde de Canc\u00fan y actual secretario de Desarrollo Social e Ind\u00edgena, Juli\u00e1n \u201cManos de piedra\u201d Ricalde; la ex candidata a alcaldesa de Canc\u00fan, Iris Mora Vallejo, hermana del director de Capa, Gerardo Mora Vallejo; la vicepresidenta del PRD en el estado, Hayd\u00e9 Salda\u00f1a; por el Distrito 13, H\u00e9ctor Pe\u00f1a Fuentes y Distrito 12, Pedro P\u00e9rez D\u00edaz, los dos son subsecretarios en la administraci\u00f3n estatal.<\/p>\n<p>Los distritos 8, 14, y 15, son espacios asignados como parte de la alianza con el Partido Acci\u00f3n Nacional<\/p>\n<p style=\"text-align: center;\"><strong>Tambi\u00e9n es <em>rata<\/em>, dicen los morenos<\/strong><\/p>\n<p>La s\u00edndico del ayuntamiento Oth\u00f3n P. Blanco, la morenista, Yensunni Mart\u00ednez Hern\u00e1ndez, denunci\u00f3 desv\u00edo de recursos y diversas irregularidades por m\u00e1s de 582 millones de pesos durante el gobierno del ex alcalde Luis Torres Llanes.<\/p>\n<p>La funcionaria detall\u00f3 que entre las irregularidades est\u00e1n pagos no realizados, pero reportados como tales, obras totalmente pagadas, que quedaron inconclusas y, lo m\u00e1s grave, n\u00f3minas muy \u201cinfladas\u201d, una fuerte deuda p\u00fablica, retenciones a trabajadores no aportadas a las instancias de gobierno correspondientes, requerimientos de pago, embargos y 35 demandas laborales. Resalt\u00f3 que en total se inform\u00f3 de 29 obras p\u00fablicas totalmente pagadas por un monto de 49 millones 653 mil pesos al 30 de septiembre del a\u00f1o pasado, pero a la fecha no est\u00e1n concluidas.<\/p>\n<p>Perooooooo, todo lo dicho por Yensunni no quedar\u00e1 m\u00e1s que en chisme, pues la s\u00edndico asegur\u00f3 que no se puede presentar la denuncia ante la Contralor\u00eda municipal, porque no se tienen las pruebas legales necesarias, por lo que tampoco podr\u00edan iniciarse procedimientos en la Fiscal\u00eda General del Estado, por lo que se emitir\u00e1 un punto de acuerdo en el Cabildo para la inmediata contrataci\u00f3n del personal faltante. Naaaaaa, entonces \u00bfpara qu\u00e9 hace declaraciones que no puede sostener?, \u00bfes burla o qu\u00e9?, s\u00f3lo exhiben la impunidad y la ineficiencia para castigar a los pol\u00edticos que se burlan de la confianza de los ciudadanos.<\/p>\n","protected":false},"excerpt":{"rendered":"<p><span style=\"color: #005497;\"><strong>Derecho de r\u00e9plica<\/strong><\/span><\/p>\n","protected":false},"author":3,"featured_media":0,"comment_status":"open","ping_status":"open","sticky":false,"template":"","format":"standard","meta":{"_monsterinsights_skip_tracking":false,"_monsterinsights_sitenote_active":false,"_monsterinsights_sitenote_note":"","_monsterinsights_sitenote_category":0,"footnotes":""},"categories":[62907],"tags":[47840,43674],"class_list":["post-414224","post","type-post","status-publish","format-standard","hentry","category-derecho-de-replica","tag-derecho-de-replica","tag-opinion"],"_links":{"self":[{"href":"https:\/\/www.diarioimagen.net\/index.php?rest_route=\/wp\/v2\/posts\/414224","targetHints":{"allow":["GET"]}}],"collection":[{"href":"https:\/\/www.diarioimagen.net\/index.php?rest_route=\/wp\/v2\/posts"}],"about":[{"href":"https:\/\/www.diarioimagen.net\/index.php?rest_route=\/wp\/v2\/types\/post"}],"author":[{"embeddable":true,"href":"https:\/\/www.diarioimagen.net\/index.php?rest_route=\/wp\/v2\/users\/3"}],"replies":[{"embeddable":true,"href":"https:\/\/www.diarioimagen.net\/index.php?rest_route=%2Fwp%2Fv2%2Fcomments&post=414224"}],"version-history":[{"count":0,"href":"https:\/\/www.diarioimagen.net\/index.php?rest_route=\/wp\/v2\/posts\/414224\/revisions"}],"wp:attachment":[{"href":"https:\/\/www.diarioimagen.net\/index.php?rest_route=%2Fwp%2Fv2%2Fmedia&parent=414224"}],"wp:term":[{"taxonomy":"category","embeddable":true,"href":"https:\/\/www.diarioimagen.net\/index.php?rest_route=%2Fwp%2Fv2%2Fcategories&post=414224"},{"taxonomy":"post_tag","embeddable":true,"href":"https:\/\/www.diarioimagen.net\/index.php?rest_route=%2Fwp%2Fv2%2Ftags&post=414224"}],"curies":[{"name":"wp","href":"https:\/\/api.w.org\/{rel}","templated":true}]}}