{"id":414228,"date":"2019-02-07T00:02:37","date_gmt":"2019-02-07T06:02:37","guid":{"rendered":"https:\/\/www.diarioimagen.net\/?p=414228"},"modified":"2019-02-07T04:22:33","modified_gmt":"2019-02-07T10:22:33","slug":"liberales-y-conservadores","status":"publish","type":"post","link":"https:\/\/www.diarioimagen.net\/?p=414228","title":{"rendered":"Liberales y conservadores"},"content":{"rendered":"<h2>De pe a pa<\/h2>\n<h5>Alberto Vieyra G.<\/h5>\n<p>&nbsp;<\/p>\n<p>La feroz guerra entre liberales y conservadores en el siglo XIX llev\u00f3 a M\u00e9xico a una peligrosa divisi\u00f3n y propici\u00f3 que M\u00e9xico perdiera ante el imperio yanqui 2 millones 547 mil 242 km de nuestro territorio original, el 62 porciento del llamado cuerno de la abundancia.<\/p>\n<p>As\u00ed ten\u00eda M\u00e9xico la forma en el mapa de aquel 1848.<\/p>\n<p>Esa encarnada lucha entre liberales y conservadores llev\u00f3 a M\u00e9xico a la llamada guerra de reforma o de los tres a\u00f1os entre 1858 y 1860, am\u00e9n de la invasi\u00f3n francesa a M\u00e9xico y la imposici\u00f3n de Maximiliano de Habsburgo como segundo emperador de M\u00e9xico.<\/p>\n<p>La pugna entre liberales y conservadores dos corrientes ideol\u00f3gicas y pol\u00edticas antag\u00f3nicas por naturaleza, llev\u00f3 a M\u00e9xico a la ruina.<\/p>\n<p>Vale la pena explicar qu\u00e9 son los liberales y los conservadores:<\/p>\n<p>Los liberales pugnaban por el establecimiento de una Rep\u00fablica democr\u00e1tica, libre de la influencia de la Iglesia, la cual se conformar\u00eda de tres poderes: legislativo, ejecutivo y judicial.<\/p>\n<p>As\u00ed como el establecimiento de derechos individuales, entre los que destacan la libertad de culto, la libertad de prensa y la educaci\u00f3n laica para todo individuo, no importando su estatus social.<\/p>\n<p>La mayor\u00eda de los liberales, encabezados por Benito Ju\u00e1rez eran masones, una corriente de pensamiento liberal.<\/p>\n<p>Los conservadores apodados cangrejos, pelucas viejas o la conserva cre\u00edan que una monarqu\u00eda constitucional era lo mejor para M\u00e9xico, la cual gobernar\u00eda con las viejas ideas del orden social espa\u00f1ol durante el virreinato, la Iglesia continuar\u00eda siendo pilar fundamental de la educaci\u00f3n, la cual solo estar\u00eda destinada a gente con poder monetario, y entregando privilegios s\u00f3lo a individuos con estatus social muy alto.<\/p>\n<p>\u00bfPor qu\u00e9 hago historia de estos aciagos a\u00f1os de la rep\u00fablica?<\/p>\n<p>Mire usted, el actual gobierno caracterizado por un pragmatismo y por encabezar un gobierno cuyo eje central es el dinero, ha dado sobradas muestras de odiar a los conservadores, lo cual resulta extraordinariamente peligroso, pues no solo abona el terreno de la divisi\u00f3n y el encono entre los mexicanos, sino que podr\u00eda llevarnos a otro hist\u00f3rico choque de trenes, e incluso de que M\u00e9xico sea tutelado por alguna potencia extranjera.<\/p>\n<p>Desde las campa\u00f1as electorales, en su toma de posesi\u00f3n en las conferencias ma\u00f1aneras y en cuanta oportunidad tiene Andr\u00e9s Manuel L\u00f3pez Obrador aprovecha para picarle la cresta al conservadurismo que milita en el PAN entre ellos la iglesia cat\u00f3lica, que fue la que patrocin\u00f3 en el siglo XIX la guerra de reforma.<\/p>\n<p>Ha tildado a los conservadores de neofascistas, fif\u00eds, corruptos e inmorales. Los panistas parecen cansarse ya, por tanto insulto por parte del presidente de la Rep\u00fablica y a trav\u00e9s de Diego Fern\u00e1ndez de Cevallos, el gran ide\u00f3logo panista del siglo pasado y parte de \u00e9ste le acaba de recetar un hist\u00f3rico \u201cNo me olvides\u201d con eso de que \u201cel presidente de M\u00e9xico es un porro, un rufi\u00e1n con poder\u201d \u00a1Qu\u00e9 rudo! \u00bfPero qu\u00e9 necesidad hay de dilapidar la instituci\u00f3n presidencial, agrediendo a qui\u00e9nes no piensan como \u00e9l?<\/p>\n<p>En este choque de trenes no escapa la temeraria y macabra declaraci\u00f3n del jerarca nacional del PAN, Marko Cort\u00e9s quien acus\u00f3 est\u00e1 semana a AMLO \u201cde encubrir a asesinos de Martha Erika y Moreno Valle\u201d, quienes \u201cmurieron\u201d en un helicopterazo el a\u00f1o pasado en v\u00edspera de navidad.<\/p>\n<p>Los ex presidentes de M\u00e9xico, de filiaci\u00f3n panista, Vicente Fox y Felipe Calder\u00f3n tambi\u00e9n le han tupido duro y macizo, acusando a L\u00f3pez Obrador de mentiroso y Vicente llegar\u00eda al extremo de decirle \u201cYa c\u00e1llate, chachalaca\u201d.<\/p>\n<p>El esc\u00e1ndalo por el recorte presupuestal a guarder\u00edas en el pa\u00eds, ordenado por L\u00f3pez Obrador y que involucra a fundaciones que encabeza la senadora panista Josefina V\u00e1zquez Mota le est\u00e1 causando mucha mella al inquilino de Palacio Nacional y por desgracia \u00e9ste pleitazo no presagia un final feliz ni es saludable para la Rep\u00fablica. \u00bfQu\u00e9 gana L\u00f3pez Obrador con seguir enfrentando y dividiendo a los mexicanos? \u00bfQu\u00e9 no lo mejor ser\u00eda que se concretara a lo concretado? \u00bfUsted qu\u00e9 opina? \u2026<\/p>\n<p><em><a href=\"mailto:info@agenciamn.com\" target=\"_blank\" rel=\"noopener\">info@agenciamn.com<\/a><\/em><\/p>\n","protected":false},"excerpt":{"rendered":"<p><span style=\"color: #005497;\"><strong>Alberto Vieyra G.<\/strong><\/span><\/p>\n","protected":false},"author":3,"featured_media":0,"comment_status":"open","ping_status":"open","sticky":false,"template":"","format":"standard","meta":{"_monsterinsights_skip_tracking":false,"_monsterinsights_sitenote_active":false,"_monsterinsights_sitenote_note":"","_monsterinsights_sitenote_category":0,"footnotes":""},"categories":[4596],"tags":[43697,4597,43674],"class_list":["post-414228","post","type-post","status-publish","format-standard","hentry","category-alberto-vieyra-g","tag-alberto-vieyra-g","tag-de-pe-a-pa","tag-opinion"],"_links":{"self":[{"href":"https:\/\/www.diarioimagen.net\/index.php?rest_route=\/wp\/v2\/posts\/414228","targetHints":{"allow":["GET"]}}],"collection":[{"href":"https:\/\/www.diarioimagen.net\/index.php?rest_route=\/wp\/v2\/posts"}],"about":[{"href":"https:\/\/www.diarioimagen.net\/index.php?rest_route=\/wp\/v2\/types\/post"}],"author":[{"embeddable":true,"href":"https:\/\/www.diarioimagen.net\/index.php?rest_route=\/wp\/v2\/users\/3"}],"replies":[{"embeddable":true,"href":"https:\/\/www.diarioimagen.net\/index.php?rest_route=%2Fwp%2Fv2%2Fcomments&post=414228"}],"version-history":[{"count":0,"href":"https:\/\/www.diarioimagen.net\/index.php?rest_route=\/wp\/v2\/posts\/414228\/revisions"}],"wp:attachment":[{"href":"https:\/\/www.diarioimagen.net\/index.php?rest_route=%2Fwp%2Fv2%2Fmedia&parent=414228"}],"wp:term":[{"taxonomy":"category","embeddable":true,"href":"https:\/\/www.diarioimagen.net\/index.php?rest_route=%2Fwp%2Fv2%2Fcategories&post=414228"},{"taxonomy":"post_tag","embeddable":true,"href":"https:\/\/www.diarioimagen.net\/index.php?rest_route=%2Fwp%2Fv2%2Ftags&post=414228"}],"curies":[{"name":"wp","href":"https:\/\/api.w.org\/{rel}","templated":true}]}}