{"id":414234,"date":"2019-02-07T00:04:01","date_gmt":"2019-02-07T06:04:01","guid":{"rendered":"https:\/\/www.diarioimagen.net\/?p=414234"},"modified":"2019-02-07T04:31:17","modified_gmt":"2019-02-07T10:31:17","slug":"ayotzinapa-43-tlahuelilpan-128","status":"publish","type":"post","link":"https:\/\/www.diarioimagen.net\/?p=414234","title":{"rendered":"Ayotzinapa 43, Tlahuelilpan 128"},"content":{"rendered":"<h2>Espacio Electoral<\/h2>\n<h5>Eleazar Flores<\/h5>\n<p>&nbsp;<\/p>\n<p><strong>Pret\u00e9rito imperfecto<\/strong>.- El anterior es un t\u00e9rmino del sistema \u00c1ngel Bello para el estudio del Espa\u00f1ol,\u00a0 -de antes, aclaro-, pero encaja en el lenguaje del flamante primer Fiscal General de la Rep\u00fablica, Alejandro Gertz Manero, cuando anuncia que revivir\u00e1n actos policiacos de anta\u00f1o.<\/p>\n<p>Estafa Maestra, Odebretch y Ayotzinapa con algunos casos que se abrir\u00e1n. Bien por el inter\u00e9s pero vale la pregunta.<\/p>\n<p>\u00bfCu\u00e1ndo saber lo que har\u00e1n con\u00a0 los guachicoleros y los de la CNTE que en forma impune afectan la econom\u00eda y el ritmo del pa\u00eds que de por si no era r\u00e1pido?.<\/p>\n<p>Don Alejandro Gertz Manero deber\u00eda aprovechar que a este r\u00e9gimen le est\u00e1n perdonando y casi festejando todo, hasta los disparetes presidenciales, para ver hacia el futuro y evitar yerros que en este momento se cometen y que de entrada frenan futuras inversiones o ampliaciones de la planta productiva.<\/p>\n<p>Datos hay de sobra, a diario se ventilan.<\/p>\n<p>La alta cifra de v\u00edctimas que se registr\u00f3 por el descontrol en una toma clandestina enTlahuelilpan en el estado de Hidalgo, -128 hasta ayer-, cuando menos supera en n\u00famero pues triplica las vidas perdidas m\u00e1s la veintena de personas heridas, en relaci\u00f3n a los 43 normalistas guerrerenses cuyo destino de vida se desconoce no obstante el empe\u00f1o por esclarecer todo.<\/p>\n<p>Por la desaparici\u00f3n de los 43 normalistas al gobierno anterior lo trajeron de bajada y subida pero por los 128 fallecidos en Tlahuelilpan se culpa a todos menos al Presidente, quien ha enarbolado como nadie su lucha contra los ladrones de combustibles, as\u00ed la estrategia para redistribuir haya afectado la econom\u00eda m\u00e1s de lo que se est\u00e1 ahorrando.<\/p>\n<p>Encontrar a los culpables de Ayotzinapa, a los de Odebretch y muchos casos m\u00e1s podr\u00e1 ser b\u00fasqueda exitosa pero Gertz Manero olvida que grandes casos policiacos o magnicidios jam\u00e1s se han escni siquiera en otros pa\u00edses.<\/p>\n<p>Un caso concreto es el del ex presidente Kennedy y si quiere algo m\u00e1s ligero, el del argentino Facundo Cabral en Guatemala.<\/p>\n<p>Aqu\u00ed en M\u00e9xico se enrareci\u00f3 tanto el \u201cCaso Colosio\u201d que tambi\u00e9n empieza a sonar el intento de reactivar el tema. No se exculpa a nadie y s\u00f3lo se culp\u00f3 a Mario Aburto. En este tema debe recordarse que el hoy flamante titular de la Comisi\u00f3n Nacional de los Derechos Humanos, Ra\u00fal Gonz\u00e1lez P\u00e9rez, dej\u00f3 el trabajo inconcluso\u2026y tan campante.<\/p>\n<p>Gertz Manero podr\u00eda tranquilizar al pueblo y hacer cre\u00edble su trabajo, como lo externa, cuando se viera que hay real coordinaci\u00f3n con las procuradur\u00edas o fiscal\u00edas estatales. \u2014cuyo nombre no tiene la menor importancia-, y tambi\u00e9n con jueces que con mexicana alegr\u00eda sueltan a delincuentes.<\/p>\n<p><a href=\"mailto:elefa44@gmail.com\" target=\"_blank\" rel=\"noopener\"><em>elefa44@gmail.com<\/em><\/a><\/p>\n","protected":false},"excerpt":{"rendered":"<p><span style=\"color: #005497;\"><strong>Eleazar Flores<\/strong><\/span><\/p>\n","protected":false},"author":3,"featured_media":0,"comment_status":"open","ping_status":"open","sticky":false,"template":"","format":"standard","meta":{"_monsterinsights_skip_tracking":false,"_monsterinsights_sitenote_active":false,"_monsterinsights_sitenote_note":"","_monsterinsights_sitenote_category":0,"footnotes":""},"categories":[81743],"tags":[81744,81776,43674],"class_list":["post-414234","post","type-post","status-publish","format-standard","hentry","category-eleazar-flores","tag-eleazar-flores","tag-espacio-electoral","tag-opinion"],"_links":{"self":[{"href":"https:\/\/www.diarioimagen.net\/index.php?rest_route=\/wp\/v2\/posts\/414234","targetHints":{"allow":["GET"]}}],"collection":[{"href":"https:\/\/www.diarioimagen.net\/index.php?rest_route=\/wp\/v2\/posts"}],"about":[{"href":"https:\/\/www.diarioimagen.net\/index.php?rest_route=\/wp\/v2\/types\/post"}],"author":[{"embeddable":true,"href":"https:\/\/www.diarioimagen.net\/index.php?rest_route=\/wp\/v2\/users\/3"}],"replies":[{"embeddable":true,"href":"https:\/\/www.diarioimagen.net\/index.php?rest_route=%2Fwp%2Fv2%2Fcomments&post=414234"}],"version-history":[{"count":0,"href":"https:\/\/www.diarioimagen.net\/index.php?rest_route=\/wp\/v2\/posts\/414234\/revisions"}],"wp:attachment":[{"href":"https:\/\/www.diarioimagen.net\/index.php?rest_route=%2Fwp%2Fv2%2Fmedia&parent=414234"}],"wp:term":[{"taxonomy":"category","embeddable":true,"href":"https:\/\/www.diarioimagen.net\/index.php?rest_route=%2Fwp%2Fv2%2Fcategories&post=414234"},{"taxonomy":"post_tag","embeddable":true,"href":"https:\/\/www.diarioimagen.net\/index.php?rest_route=%2Fwp%2Fv2%2Ftags&post=414234"}],"curies":[{"name":"wp","href":"https:\/\/api.w.org\/{rel}","templated":true}]}}