{"id":414247,"date":"2019-02-07T00:09:17","date_gmt":"2019-02-07T06:09:17","guid":{"rendered":"https:\/\/www.diarioimagen.net\/?p=414247"},"modified":"2019-02-08T01:32:32","modified_gmt":"2019-02-08T07:32:32","slug":"huachicol-otra-guerra-perdida","status":"publish","type":"post","link":"https:\/\/www.diarioimagen.net\/?p=414247","title":{"rendered":"\u00bfHuachicol, otra guerra perdida?"},"content":{"rendered":"<h2>Poder y dinero<\/h2>\n<h5>V\u00edctor S\u00e1nchez Ba\u00f1os<em>\u00a0<\/em><\/h5>\n<p><em>\u00a0<\/em><\/p>\n<ul>\n<li><strong><em>Calder\u00f3n abri\u00f3 un frente fallido al narco<\/em><\/strong><\/li>\n<li><strong><em>Diputados contra Autonom\u00eda Universitaria<\/em><\/strong><\/li>\n<\/ul>\n<p><em>\u00a0<\/em><\/p>\n<p style=\"text-align: right;\"><strong><em>Cuidado con el hombre de un solo libro<br \/>\n<\/em><\/strong><em>Isaac D\u00b4Israeli, 1766-1840; <\/em><em>cr\u00edtico e historiador ingl\u00e9s<\/em><\/p>\n<p>&nbsp;<\/p>\n<div id=\"attachment_414312\" style=\"width: 470px\" class=\"wp-caption aligncenter\"><a href=\"https:\/\/www.diarioimagen.net\/?attachment_id=414312\" rel=\"attachment wp-att-414312\"><img loading=\"lazy\" decoding=\"async\" aria-describedby=\"caption-attachment-414312\" class=\"size-large wp-image-414312\" src=\"https:\/\/www.diarioimagen.net\/wp-content\/uploads\/2019\/02\/el-pez-por-su-boca-muere-jose-luis-460x407.jpg\" alt=\"\" width=\"460\" height=\"407\" srcset=\"https:\/\/www.diarioimagen.net\/wp-content\/uploads\/2019\/02\/el-pez-por-su-boca-muere-jose-luis-460x407.jpg 460w, https:\/\/www.diarioimagen.net\/wp-content\/uploads\/2019\/02\/el-pez-por-su-boca-muere-jose-luis-240x212.jpg 240w, https:\/\/www.diarioimagen.net\/wp-content\/uploads\/2019\/02\/el-pez-por-su-boca-muere-jose-luis-768x679.jpg 768w, https:\/\/www.diarioimagen.net\/wp-content\/uploads\/2019\/02\/el-pez-por-su-boca-muere-jose-luis.jpg 1200w\" sizes=\"auto, (max-width: 460px) 100vw, 460px\" \/><\/a><p id=\"caption-attachment-414312\" class=\"wp-caption-text\">El pez por su boca muere&#8230; | Jos\u00e9 Luis<\/p><\/div>\n<p>&nbsp;<\/p>\n<p>#Huachicol #\u00bfOtraGuerraPerdida? #LaGuerraDeCalder\u00f3n #Narcotr\u00e1fico #AMLO #DineroP\u00fablico #Hidalgo #OmarFayad #Jos\u00e9LuisRomo #Inversiones #UNAM #Autonom\u00edaUniversitaria #DiputadosDictadores #SigueAmenazaContraUniversidadesP\u00fablicas #IPADE #PiSA<\/p>\n<p>&nbsp;<\/p>\n<p>Apenas hab\u00edan pasado unos meses de ascender al poder presidencial cuando Felipe Calder\u00f3n, luego de reuniones de \u201calto nivel\u201d con autoridades estadunidenses, tom\u00f3 la decisi\u00f3n de declarar la guerra al narcotr\u00e1fico. Nuestros vecinos del norte estaban cansados de las enormes cantidades de droga que se importaba desde M\u00e9xico.<\/p>\n<p>Los motivos de esa guerra eran inconfesables. No se trataba de evitar, como lo habr\u00e1 pensado alguna vez Nancy, la esposa de Ronald Reagan, que se acabaran las adicciones entre la juventud estadounidense, sino el controlar un mercado de m\u00e1s de 20 mil millones de d\u00f3lares mensuales, \u00fanicamente con el trasiego de mariguana, coca\u00edna y algunas metanfetaminas.<\/p>\n<p>Los d\u00f3lares sal\u00edan de Estados Unidos para infinidad de actividades, muchas de ellas il\u00edcitas, hasta las \u201cl\u00edcitas\u201d como la inyecci\u00f3n a los mercados financieros que poco a poco se fortalecen en las naciones m\u00e1s poderosas del mundo.<\/p>\n<p>D\u00f3lares, d\u00f3lares y m\u00e1s d\u00f3lares, inundan las venas de bancos y acciones de fondos de inversi\u00f3n. Sin embargo, al pasar ese dinero por ah\u00ed, se convierte en dinero \u201climpio\u201d. Y, esto tiene una l\u00f3gica hasta infantil. Es un mar de dinero que no se lo pueden acabar las m\u00e1s poderosas y numerosas mafias de delincuentes.<\/p>\n<p>Sin embargo, mientras Calder\u00f3n dedicaba todo tipo de recursos para \u201cacabar\u201d con el narco, dej\u00f3 crecer otros mercados negros como el del robo y venta de combustible robado. Este no s\u00f3lo es gasolina, sino tambi\u00e9n gas y petr\u00f3leo crudo. No es una modalidad o novedad en la delincuencia organizada. Es un viejo sistema que data desde que Jos\u00e9 L\u00f3pez Portillo pretend\u00eda que los mexicanos nos prepar\u00e1ramos para \u201cadministrar la riqueza\u201d.<\/p>\n<p>Miles de millones de d\u00f3lares eran saqueados de la m\u00e1s importante industria mexicana: el petr\u00f3leo. El saqueo fue inaudito e impune. Nadie podr\u00eda a ver visualizado el grado de da\u00f1o al patrimonio nacional y de la forma en que frenaron el desarrollo y bienestar de millones de mexicanos.<\/p>\n<p>Por ello, la guerra de Andr\u00e9s Manuel L\u00f3pez Obrador contra el robo de combustibles, es importante y vital para la seguridad nacional. De lograr acabar con esas mafias, mediante el uso de la fuerza del Estado, recuperar\u00eda m\u00e1s de medio bill\u00f3n de pesos para sus programas sociales, que deber\u00edan reflejarse en obras de infraestructura.<\/p>\n<p>Contin\u00faa como una pregunta constante: \u00bfqu\u00e9 pasar\u00e1, como ocurre con el narcotr\u00e1fico, con el tejido social destruido por los huachicoleros? Pueblos enteros despegaron econ\u00f3micamente con ese delito y ahora quedar\u00e1n otra vez en la miseria. Se trata de buscar empleo para todos y mejorar las condiciones de vida de la sociedad.<\/p>\n<p><strong>PODEROSOS CABALLEROS<\/strong>: En dos a\u00f1os cuatro meses, las nuevas inversiones nacionales y extranjeras que llegaron a Hidalgo, que gobierna Omar Fayad, suman ya los 46 mil millones de pesos al cierre del presente a\u00f1o. Junto con su equipo de trabajo, encabezado por su secretario de Desarrollo Econ\u00f3mico, Jos\u00e9 Luis Romo, el hidalguense ha logrado lo que en administraciones no hab\u00eda sido posible: integrar y articular una estrategia que lleve a la entidad a ser uno de los principales destinos de inversi\u00f3n en el pa\u00eds. Se han aprovechado la infraestructura, seguridad, medios de transporte, universidades, suficiencia de mano de obra capacitada y facilidad para hacer negocios en el estado. El m\u00e1s reciente anuncio de inversi\u00f3n es la construcci\u00f3n de la Central de Ciclo Combinado la cual tendr\u00e1 una inversi\u00f3n de 10 mil millones de pesos y generar\u00e1 650 mega watts. *** La autonom\u00eda universitaria sigue en riesgo. Aunque elegante y con tacto pol\u00edtico el rector de la UNAM Enrique Graue Wiechers, demostr\u00f3 su preocupaci\u00f3n en un desplegado dirigido a los diputados Mario Mart\u00edn Delgado Carrillo, presidente de la Jucopo la C\u00e1mara de Diputados y miembros de diversas comisiones de la C\u00e1mara baja. A\u00fan no han borrado las reformas al art\u00edculo 3, 31 y 73 de la Constituci\u00f3n sobre la autonom\u00eda de las universidades p\u00fablicas. El presidente L\u00f3pez Obrador y el titular de la SEP, Esteban Moctezuma, ya se pronunciaron en contra de coartar la autonom\u00eda de las universidades, pero siguen necios algunos legisladores de coartar la libertad de c\u00e1tedra en las instituciones p\u00fablicas de educaci\u00f3n superior. El peque\u00f1o dictadorcillo de algunos pol\u00edticos aflora cuando tienen un \u201cchisguete\u201d de poder.<\/p>\n<p><strong>RESPONSABILIDAD SOCIAL CORPORATIVA<\/strong>: El IPADE Business School, liderado por Rafael G\u00f3mez Nava, hizo mancuerna con PiSA Farmac\u00e9utica, de \u00d3scar Osorio, en el Reto PiSA, un certamen que busca impulsar las habilidades estrat\u00e9gicas y complementar la formaci\u00f3n acad\u00e9mica de los participantes del Full-Time MBA del IPADE, adem\u00e1s de apoyar el reclutamiento de nuevos talentos.<\/p>\n<p><a href=\"http:\/\/poderydinero.mx\" target=\"_blank\" rel=\"noopener\"><em>poderydinero.mx<\/em><\/a><em><b><br \/>\n<\/b><a href=\"mailto:vsanchezb@gmail.com\" target=\"_blank\" rel=\"noopener\">vsanchezb@gmail.com<br \/>\n<\/a><strong>Twitter:<\/strong><a href=\"https:\/\/twitter.com\/vsanchezbanos\" target=\"_blank\" rel=\"noopener\">@vsanchezbano<br \/>\n<\/a><strong>Facebook:\u00a0<\/strong><a href=\"https:\/\/www.facebook.com\/vsanchezbanos?fref=ts\" target=\"_blank\" rel=\"noopener\">vsanchezbano<\/a><\/em><\/p>\n","protected":false},"excerpt":{"rendered":"<p><span style=\"color: #005497;\"><strong>V\u00edctor S\u00e1nchez Ba\u00f1os<\/strong><\/span><br \/>\n<br \/>\nApenas hab\u00edan pasado unos meses de ascender al poder presidencial cuando Felipe Calder\u00f3n, luego de reuniones de \u201calto nivel\u201d con autoridades estadunidenses, tom\u00f3 la decisi\u00f3n de declarar la guerra al narcotr\u00e1fico. Nuestros vecinos del norte estaban cansados de las enormes cantidades de droga que se importaba desde M\u00e9xico.<\/p>\n","protected":false},"author":3,"featured_media":414312,"comment_status":"open","ping_status":"open","sticky":false,"template":"","format":"standard","meta":{"_monsterinsights_skip_tracking":false,"_monsterinsights_sitenote_active":false,"_monsterinsights_sitenote_note":"","_monsterinsights_sitenote_category":0,"footnotes":""},"categories":[38844],"tags":[43674,38847,38848],"class_list":["post-414247","post","type-post","status-publish","format-standard","has-post-thumbnail","hentry","category-victor-sanchez-banos","tag-opinion","tag-poder-y-dinero","tag-victor-sanchez-banos"],"_links":{"self":[{"href":"https:\/\/www.diarioimagen.net\/index.php?rest_route=\/wp\/v2\/posts\/414247","targetHints":{"allow":["GET"]}}],"collection":[{"href":"https:\/\/www.diarioimagen.net\/index.php?rest_route=\/wp\/v2\/posts"}],"about":[{"href":"https:\/\/www.diarioimagen.net\/index.php?rest_route=\/wp\/v2\/types\/post"}],"author":[{"embeddable":true,"href":"https:\/\/www.diarioimagen.net\/index.php?rest_route=\/wp\/v2\/users\/3"}],"replies":[{"embeddable":true,"href":"https:\/\/www.diarioimagen.net\/index.php?rest_route=%2Fwp%2Fv2%2Fcomments&post=414247"}],"version-history":[{"count":0,"href":"https:\/\/www.diarioimagen.net\/index.php?rest_route=\/wp\/v2\/posts\/414247\/revisions"}],"wp:featuredmedia":[{"embeddable":true,"href":"https:\/\/www.diarioimagen.net\/index.php?rest_route=\/wp\/v2\/media\/414312"}],"wp:attachment":[{"href":"https:\/\/www.diarioimagen.net\/index.php?rest_route=%2Fwp%2Fv2%2Fmedia&parent=414247"}],"wp:term":[{"taxonomy":"category","embeddable":true,"href":"https:\/\/www.diarioimagen.net\/index.php?rest_route=%2Fwp%2Fv2%2Fcategories&post=414247"},{"taxonomy":"post_tag","embeddable":true,"href":"https:\/\/www.diarioimagen.net\/index.php?rest_route=%2Fwp%2Fv2%2Ftags&post=414247"}],"curies":[{"name":"wp","href":"https:\/\/api.w.org\/{rel}","templated":true}]}}