{"id":414255,"date":"2019-02-07T00:11:59","date_gmt":"2019-02-07T06:11:59","guid":{"rendered":"https:\/\/www.diarioimagen.net\/?p=414255"},"modified":"2019-02-07T08:29:03","modified_gmt":"2019-02-07T14:29:03","slug":"no-se-mareen-atiendanos-dice-monreal-a-secretarios-de-amlo","status":"publish","type":"post","link":"https:\/\/www.diarioimagen.net\/?p=414255","title":{"rendered":"No se mareen, ati\u00e9ndanos, dice Monreal a secretarios de AMLO"},"content":{"rendered":"<h2>Tras la puerta del poder<\/h2>\n<h5>Roberto Vizca\u00edno<\/h5>\n<p>&nbsp;<\/p>\n<div id=\"attachment_414306\" style=\"width: 470px\" class=\"wp-caption aligncenter\"><a href=\"https:\/\/www.diarioimagen.net\/?attachment_id=414306\" rel=\"attachment wp-att-414306\"><img loading=\"lazy\" decoding=\"async\" aria-describedby=\"caption-attachment-414306\" class=\"size-large wp-image-414306\" src=\"https:\/\/www.diarioimagen.net\/wp-content\/uploads\/2019\/02\/desempleo-LUIS-XAVIER-460x356.jpg\" alt=\"\" width=\"460\" height=\"356\" srcset=\"https:\/\/www.diarioimagen.net\/wp-content\/uploads\/2019\/02\/desempleo-LUIS-XAVIER-460x356.jpg 460w, https:\/\/www.diarioimagen.net\/wp-content\/uploads\/2019\/02\/desempleo-LUIS-XAVIER-240x186.jpg 240w, https:\/\/www.diarioimagen.net\/wp-content\/uploads\/2019\/02\/desempleo-LUIS-XAVIER-768x594.jpg 768w, https:\/\/www.diarioimagen.net\/wp-content\/uploads\/2019\/02\/desempleo-LUIS-XAVIER.jpg 1200w\" sizes=\"auto, (max-width: 460px) 100vw, 460px\" \/><\/a><p id=\"caption-attachment-414306\" class=\"wp-caption-text\">Desempleo&#8230; | Luis Xavier<\/p><\/div>\n<p>&nbsp;<\/p>\n<p>El coordinador de la mayor\u00eda senatorial de Morena y presidente de la Junta de Coordinaci\u00f3n Pol\u00edtica del Senado, el zacatecano <strong>Ricardo Monreal,<\/strong> se fue al fondo ayer al pedirle a la secretaria de Gobernaci\u00f3n, <strong>Olga S\u00e1nchez Cordero<\/strong>, que, como Jefa del Gabinete de <strong>Andr\u00e9s Manuel L\u00f3pez Obrador<\/strong> dijera a los secretarios que no se mareen, que atiendan a los senadores.<\/p>\n<p>\u201cLe pedimos a usted, adem\u00e1s de escucharla y de exponer su tema respecto de la pol\u00edtica interna, sea nuestra interlocutora con los otros secretarios de Estado y directores, porque luego no se entiende la dimensi\u00f3n y el nivel de la colaboraci\u00f3n en la pol\u00edtica y, en ocasiones, variadas y distintas, los secretarios de Estado o miembros del Ejecutivo, no atienden y no act\u00faan con sensibilidad el reclamo de senadoras y senadores\u201d.<\/p>\n<p>El reclamo caus\u00f3 no s\u00f3lo sorpresa, sino expectaci\u00f3n porque nunca antes un l\u00edder parlamentario del nivel de Monreal, hab\u00eda cuestionado de tal manera al gabinete del Gobierno al que pertenece su propio partido.<\/p>\n<p>Y agreg\u00f3, para dejar sentado que secretarios de Estado y Senadores de Morena son compa\u00f1eros del mismo grupo pol\u00edtico, el de <strong>AMLO<\/strong>.<\/p>\n<p>\u201cNo estamos haciendo otra cosa m\u00e1s que lo que la Constituci\u00f3n y la ley nos indica. Y estamos, tambi\u00e9n, tratando, y lo vamos a lograr, de llevar al Poder Legislativo a un poder aut\u00f3nomo que le sirva al pa\u00eds, que constituya una real acci\u00f3n de equilibrio, un contrapeso real entre los poderes y una actitud siempre dispuesta a escuchar\u201d.<\/p>\n<p>Dijo que unos y otros, desde el gobierno federal o desde el Congreso, todos ellos tienen el objetivo de sacar adelante el proyecto de naci\u00f3n ofrecido por <strong>AMLO <\/strong>en campa\u00f1a.<\/p>\n<p>Y por si se les hubiera olvidado lo que represent\u00f3 L\u00f3pez Obrador en esta campa\u00f1a que llev\u00f3 a todos a los cargos que ahora ocupan, les recet\u00f3 la numeralia de las elecciones del 1 de julio pasado:<\/p>\n<ul>\n<li>En 25 estados del pa\u00eds, 25, sus f\u00f3rmulas de mayor\u00eda resultaron triunfadoras\u2026 25 estados del pa\u00eds.<\/li>\n<li>S\u00f3lo en 6 estados se logr\u00f3 la primera minor\u00eda, y desafortunadamente, s\u00f3lo en 1 estado en el pa\u00eds, no tenemos representaci\u00f3n, 1 s\u00f3lo en todo el pa\u00eds.<\/li>\n<\/ul>\n<p>\u201cPor eso, con una actitud abierta, seria congruente, le pedimos que usted constituya la interlocuci\u00f3n con los secretarios, porque no queremos que se mareen, no queremos que desoigan las propuestas, peticiones y gestiones de los senadores y senadoras, y no queremos que caminen en sentido contrario, que los electores plantearon en las urnas\u201d.<\/p>\n<p>Monreal le record\u00f3 que antes de ser titular de Gobernaci\u00f3n fue electa senadora y como tal es para de la bancada de Morena en el Senado.<\/p>\n<p>\u201c\u2026entendemos su papel en la Secretar\u00eda de Gobernaci\u00f3n, en estos momentos cruciales de la vida p\u00fablica del pa\u00eds. Debe de ser, para usted, un gran orgullo, como mujer destacada, el encabezar esta Secretar\u00eda de la pol\u00edtica interna, porque, estoy seguro, que va a demostrar con creces que el Presidente ten\u00eda raz\u00f3n\u2026<\/p>\n<p>\u201cY, por eso, nos adelantamos, queremos de usted un trato normal, respetuoso, amable, de poder a poder, nunca de subordinaci\u00f3n, nunca de inclinaci\u00f3n de un poder hacia otro\u201d.<\/p>\n<p><strong>S\u00e1nchez Cordero <\/strong>acus\u00f3 recibo del mensaje del zacatecano y se refiri\u00f3 a \u00e9l como \u201csu coordinador\u201d, justo para recordar que es senadora-secretaria de Gobernaci\u00f3n.<\/p>\n<p>O sea, antes legisladora que funcionaria. \u00bfser\u00e1 un mensaje de pronto regreso a su esca\u00f1o?<\/p>\n<p style=\"text-align: center;\"><strong>Golpeada<\/strong><\/p>\n<p>Y es que <strong>S\u00e1nchez Cordero<\/strong> lleg\u00f3 a su cita con los senadores de Morena en medio del esc\u00e1ndalo estallado por el diario Reforma en que se le acusa de haber eludido registrar un departamento de 11 millones de pesos en Houston, Texas.<\/p>\n<p>La verdad es que ese departamento de apenas 500 mil d\u00f3lares no tiene nada que ver frente a los departamentos que le exhibi\u00f3 <em>The New York Times<\/em> al ex gobernador de Oaxaca <strong>Jos\u00e9 Murat <\/strong>y a su hijo <strong>Alejandro<\/strong> -hoy gobernador del mismo estado-, que de acuerdo a la valoraci\u00f3n del diario sumaban los 68 millones de d\u00f3lares.<\/p>\n<p>Nada tampoco frente a las posesiones que se dijo tiene el ex gobernador de Veracruz <strong>Miguel \u00c1ngel Yunes<\/strong> y su hijo <strong>Omar <\/strong>en EU que pudieran rebasar los 498 millones de pesos.<\/p>\n<p>En su momento el grupo Anonymous revel\u00f3 una conversaci\u00f3n de ambos Yunes donde el hijo le hablaba al padre de querer invertir 400 millones de d\u00f3lares en un proyecto inmobiliario en Houston, Texas, por la venta de 280 departamentos en 180 mil d\u00f3lares cada uno.<\/p>\n<p>El caso <strong>S\u00e1nchez Cordero<\/strong> no est\u00e1 en el monto de su propiedad, sino en la intenci\u00f3n de no revelar p\u00fablicamente que era due\u00f1a de ese departamento de Houston.<\/p>\n<p>Mucho se ha hablado en estos dos meses que la secretaria de Gobernaci\u00f3n no se encuentra ya c\u00f3moda en el equipo de <strong>AMLO,<\/strong> e incluso <strong>Raymundo Riva Palacio<\/strong> afirm\u00f3 el martes que ella ya le ha presentado en dos ocasiones la renuncia al presidente.<\/p>\n<p>No ser\u00eda extra\u00f1o que el affaire del departamento en Houston sea lo que propicie su renuncia a Gobernaci\u00f3n y su regreso al Senado.<\/p>\n<p style=\"text-align: center;\"><strong>El l\u00edo de las guarder\u00edas<\/strong><\/p>\n<p>El draconiano recorte presupuestal en 9 mil estancias infantiles en los 32 estados del pa\u00eds, que mantienen en vilo a miles de educadoras, m\u00e9dicos, psic\u00f3logas y otros que laboran en estas guarder\u00edas del IMSS, ISSSTE, Salud y la ahora secretar\u00eda de Bienestar antes Sedesol, cre\u00f3 anteayer una grave situaci\u00f3n en Palacio Nacional\u00a0 hasta donde llegaron representantes de estos trabajadores quienes exigieron ver y hablar con el presidente Andr\u00e9s Manuel L\u00f3pez Obrador quien en esos momentos daba su conferencia de prensa diaria.<\/p>\n<p>Los inconformes reclamaban no s\u00f3lo no tener informaci\u00f3n de que va a pasar con sus fuentes de empleo, porque el presupuesto de Egresos de 2019 s\u00f3lo contempla apenas un 50% de los recursos que se destinaron durante el a\u00f1o pasado, sino sobre c\u00f3mo se va a atender a unos 13 millones de ni\u00f1os que hoy est\u00e1n inscritos en esos centros.<\/p>\n<p>En su mayor\u00eda son ni\u00f1os cuyas madres trabajan.<\/p>\n<p>Si se cancelan las guarder\u00edas, esas madres no tienen d\u00f3nde dejar a sus hijos peque\u00f1os para poder seguir en sus trabajos.<\/p>\n<p>Presionado por estas manifestaciones de inconformidad que ya llegaron a Palacio Nacional, el secretario Ejecutivo del Sistema Nacional de Protecci\u00f3n Integral de Ni\u00f1as, Ni\u00f1os y Adolescentes Ricardo Bucio y el subsecretario de Derechos Humanos de Gobernaci\u00f3n, Alejandro Encinas informaron que en estos d\u00edas Andr\u00e9s Manuel L\u00f3pez Obrador anunciar\u00e1 su Pol\u00edtica Integral por la Primera Infancia que contempla, entre otras acciones, articular justamente a las guarder\u00edas o estancias infantiles hoy sin recursos y en conflicto.<\/p>\n<p><strong>Bucio<\/strong> inform\u00f3 que en el pa\u00eds \u201chay indicadores negativos en la problem\u00e1tica de los 12.7 millones de ni\u00f1as y ni\u00f1os de 0 a 5 a\u00f1os: uno de cada dos vive en pobreza, dos de cada 10 en pobreza extrema y dos de cada 10 en zonas rurales tienen desnutrici\u00f3n cr\u00f3nica\u201d.<\/p>\n<p>Enfrentar esta problem\u00e1tica, concluy\u00f3, requiere de establecer una articulaci\u00f3n gubernamental para disminuir las duplicidades y aumentar el impacto de beneficios para esa poblaci\u00f3n.<\/p>\n<p>Este \u201cAcuerdo Integral por la Primera Infancia\u201d lo anunciar\u00e1 <strong>L\u00f3pez Obrador<\/strong> en los siguientes d\u00edas, dijo.<\/p>\n<p><em><a href=\"http:\/\/endirecto.mx\" target=\"_blank\" rel=\"noopener\">www.endirecto.mx<\/a><\/em><br \/>\n<em><a href=\"https:\/\/twitter.com\/_rvizcaino\" target=\"_blank\" rel=\"noopener\">@_RVizcaino<\/a><\/em><br \/>\n<a href=\"https:\/\/www.facebook.com\/rvizcainoa\" target=\"_blank\" rel=\"noopener\">f<em>acebook.com\/rvizcainoa<\/em><\/a><\/p>\n","protected":false},"excerpt":{"rendered":"<p><span style=\"color: #005497;\"><strong>Roberto Vizca\u00edno<\/strong><\/span><br \/>\n<br \/>\nEl coordinador de la mayor\u00eda senatorial de Morena y presidente de la Junta de Coordinaci\u00f3n Pol\u00edtica del Senado, el zacatecano <strong>Ricardo Monreal,<\/strong> se fue al fondo ayer al pedirle a la secretaria de Gobernaci\u00f3n, <strong>Olga S\u00e1nchez Cordero<\/strong>, que, como Jefa del Gabinete de <strong>Andr\u00e9s Manuel L\u00f3pez Obrador<\/strong> dijera a los secretarios que no se mareen, que atiendan a los senadores.<\/p>\n","protected":false},"author":3,"featured_media":414306,"comment_status":"open","ping_status":"open","sticky":false,"template":"","format":"standard","meta":{"_monsterinsights_skip_tracking":false,"_monsterinsights_sitenote_active":false,"_monsterinsights_sitenote_note":"","_monsterinsights_sitenote_category":0,"footnotes":""},"categories":[136],"tags":[43674,93,94],"class_list":["post-414255","post","type-post","status-publish","format-standard","has-post-thumbnail","hentry","category-roberto-vizcaino-opinion","tag-opinion","tag-roberto-vizcaino","tag-tras-la-puerta-del-poder"],"_links":{"self":[{"href":"https:\/\/www.diarioimagen.net\/index.php?rest_route=\/wp\/v2\/posts\/414255","targetHints":{"allow":["GET"]}}],"collection":[{"href":"https:\/\/www.diarioimagen.net\/index.php?rest_route=\/wp\/v2\/posts"}],"about":[{"href":"https:\/\/www.diarioimagen.net\/index.php?rest_route=\/wp\/v2\/types\/post"}],"author":[{"embeddable":true,"href":"https:\/\/www.diarioimagen.net\/index.php?rest_route=\/wp\/v2\/users\/3"}],"replies":[{"embeddable":true,"href":"https:\/\/www.diarioimagen.net\/index.php?rest_route=%2Fwp%2Fv2%2Fcomments&post=414255"}],"version-history":[{"count":0,"href":"https:\/\/www.diarioimagen.net\/index.php?rest_route=\/wp\/v2\/posts\/414255\/revisions"}],"wp:featuredmedia":[{"embeddable":true,"href":"https:\/\/www.diarioimagen.net\/index.php?rest_route=\/wp\/v2\/media\/414306"}],"wp:attachment":[{"href":"https:\/\/www.diarioimagen.net\/index.php?rest_route=%2Fwp%2Fv2%2Fmedia&parent=414255"}],"wp:term":[{"taxonomy":"category","embeddable":true,"href":"https:\/\/www.diarioimagen.net\/index.php?rest_route=%2Fwp%2Fv2%2Fcategories&post=414255"},{"taxonomy":"post_tag","embeddable":true,"href":"https:\/\/www.diarioimagen.net\/index.php?rest_route=%2Fwp%2Fv2%2Ftags&post=414255"}],"curies":[{"name":"wp","href":"https:\/\/api.w.org\/{rel}","templated":true}]}}