{"id":414359,"date":"2019-02-08T00:07:32","date_gmt":"2019-02-08T06:07:32","guid":{"rendered":"https:\/\/www.diarioimagen.net\/?p=414359"},"modified":"2019-02-10T22:44:51","modified_gmt":"2019-02-11T04:44:51","slug":"lopez-obrador-se-cancelara-entrega-de-apoyos-a-ongs","status":"publish","type":"post","link":"https:\/\/www.diarioimagen.net\/?p=414359","title":{"rendered":"L\u00f3pez Obrador: se cancelar\u00e1 entrega de apoyos a ONGs"},"content":{"rendered":"<ul>\n<li><em><strong>Pol\u00e9mica por recorte de recursos a guarder\u00edas<\/strong><\/em><\/li>\n<li><em><strong>La ayuda se les dar\u00e1 de manera directa a los beneficiarios, anuncia el mandatario<\/strong><\/em><\/li>\n<\/ul>\n<p>&nbsp;<\/p>\n<div id=\"attachment_414436\" style=\"width: 470px\" class=\"wp-caption aligncenter\"><a href=\"https:\/\/www.diarioimagen.net\/?attachment_id=414436\" rel=\"attachment wp-att-414436\"><img loading=\"lazy\" decoding=\"async\" aria-describedby=\"caption-attachment-414436\" class=\"size-large wp-image-414436\" src=\"https:\/\/www.diarioimagen.net\/wp-content\/uploads\/2019\/02\/AMLO8-460x259.jpg\" alt=\"\" width=\"460\" height=\"259\" srcset=\"https:\/\/www.diarioimagen.net\/wp-content\/uploads\/2019\/02\/AMLO8-460x259.jpg 460w, https:\/\/www.diarioimagen.net\/wp-content\/uploads\/2019\/02\/AMLO8-240x135.jpg 240w, https:\/\/www.diarioimagen.net\/wp-content\/uploads\/2019\/02\/AMLO8-235x132.jpg 235w, https:\/\/www.diarioimagen.net\/wp-content\/uploads\/2019\/02\/AMLO8-202x114.jpg 202w, https:\/\/www.diarioimagen.net\/wp-content\/uploads\/2019\/02\/AMLO8-350x196.jpg 350w, https:\/\/www.diarioimagen.net\/wp-content\/uploads\/2019\/02\/AMLO8-220x123.jpg 220w, https:\/\/www.diarioimagen.net\/wp-content\/uploads\/2019\/02\/AMLO8-237x132.jpg 237w, https:\/\/www.diarioimagen.net\/wp-content\/uploads\/2019\/02\/AMLO8.jpg 480w\" sizes=\"auto, (max-width: 460px) 100vw, 460px\" \/><\/a><p id=\"caption-attachment-414436\" class=\"wp-caption-text\">\u00abSe iniciaron, seg\u00fan inform\u00f3 Claudia (Sheinbaum), dos acciones inmediatas, tomando como referencia las dos delegaciones, ahora alcald\u00edas o demarcaciones, Iztapalapa y Gustavo A. Madero y ya hay una disminuci\u00f3n de delito en Gustavo A. Madero\u00bb.<\/p><\/div>\n<p>&nbsp;<\/p>\n<p>El presidente Andr\u00e9s Manuel L\u00f3pez Obrador inform\u00f3 en su conferencia matutina que ya no habr\u00e1 entrega de recursos a las organizaciones de la sociedad civil, ya que los apoyos se entregar\u00e1n de manera directa.<\/p>\n<p>\u201cNo se va a entregar apoyo a ninguna organizaci\u00f3n social, ni de la sociedad civil o las organizaciones no gubernamentales; no se van a transferir recursos en beneficio de la gente a trav\u00e9s de intermediarios, todo va a ser directo, de la Tesorer\u00eda de la Federaci\u00f3n al beneficiario\u201d.<\/p>\n<p>Dijo que la decisi\u00f3n de acabar con los intermediarios en la entrega de apoyos se debi\u00f3 a que \u00e9stos no llegaban \u201ccompletos\u201d.<\/p>\n<p>\u201cCon esto, vamos a generar ahorros del 30 por ciento, porque se demuestra que no llegaban los apoyos completos; tenemos pruebas\u201d.<\/p>\n<p>Acus\u00f3 que en el caso de las estancias infantiles se encontraron irregularidades en el registro de los menores, por lo que a partir de ahora los apoyos ser\u00e1n entregados directamente a los padres.<\/p>\n<p>El Presidente indic\u00f3 que se dar\u00e1 apoyo directo de mil 600 pesos por ni\u00f1o a padres y madres de familia y no a las estancias infantiles.<\/p>\n<p>Esto, dijo, porque se detectaron irregularidades en las estancias.<\/p>\n<p>\u201cSe les va entregar el apoyo directo a los padres ya las madres, no a las estancias infantiles y que ellos con lo que les corresponde puedan entregar esos recursos a quienes manejan las estancias infantiles o manejen esos recursos de la manera que ellos decidan, porque hay irregularidades en en el manejo de las estancias infantiles\u201d, se\u00f1al\u00f3.El mandatario reiter\u00f3 que se proteger\u00e1 a los ni\u00f1os.<\/p>\n<p>En d\u00edas pasados, educadoras y legisladores de oposici\u00f3n reprocharon el recorte de 50 por ciento a estancias infantiles y demandaron garantizar su operaci\u00f3n. El mi\u00e9rcoles, el secretario de Hacienda y Cr\u00e9dito P\u00fablico, Carlos Urz\u00faa, dijo que incluso se podr\u00eda dar el dinero a los abuelitos de los ni\u00f1os para que se encarguen de su cuidado.<\/p>\n<p>Tras ser cuestionado por su comentario, L\u00f3pez Obrador dijo que el titular de Hacienda no lo hizo para ofender. \u201cNo lo hizo con prop\u00f3sito de ofender, sucede que los abuelitos, las abuelitas ayudan, hay madres solteras que se apoyan en sus mam\u00e1s, en las abuelitas de los ni\u00f1os, as\u00ed es la familia en general, pero no creo yo que Carlos haya eso hecho con prop\u00f3sito de ofender\u201d.<\/p>\n<p>Al presentar la distribuci\u00f3n de fondos para el bienestar, el Presidente reiter\u00f3 que el resto de apoyos, como a campesinos, adultos mayores y discapacitados, tambi\u00e9n ser\u00e1n de manera directa para evitar actos de corrupci\u00f3n.<\/p>\n<p>\u201cVamos a hacer rendir el presupuesto en m\u00e1s de 30 por ciento, porque en el censo que estamos haciendo hemos encontrado que no se entregaban los fondos completos, tenemos pruebas de que hab\u00eda corrupci\u00f3n en la entrega de los apoyos a la gente\u201d, expuso.<\/p>\n<p>\u201cAdem\u00e1s, quiero decirles que ahora como nunca va a haber fondos para el bienestar y a las pruebas me remito\u201d.<\/p>\n<p>Inform\u00f3 que de la revisi\u00f3n de los censos para el bienestar que han realizado, se detectaron actos de corrupci\u00f3n, como por ejemplo el hecho de que el n\u00famero de ni\u00f1os que van a las estancias no corresponden a los que est\u00e1n registrados como beneficiarios.<\/p>\n<p>Asimismo, advirti\u00f3 que \u201caunque haya plantones o toma de oficinas\u201d, la intermediaci\u00f3n v\u00eda organizaciones sociales o civiles no obtendr\u00e1 recursos del presupuesto p\u00fablico como antes. De insistir en la pr\u00e1ctica del pasado, L\u00f3pez Obrador anunci\u00f3 que har\u00e1 p\u00fablica la lista de agrupaciones que recib\u00edan dinero \u201ctras negociar\u201d con los anteriores gobiernos.<\/p>\n<p style=\"text-align: center;\"><strong>Beneficio a 8.5 millones de adultos<br \/>\nmayores con 2 mil 550 pesos bimestrales<\/strong><\/p>\n<p>L\u00f3pez Obrador, inform\u00f3 que 8 millones 500 mil adultos mayores ser\u00e1n beneficiados con 2,550 pesos cada dos meses. En conferencia de prensa matutina, L\u00f3pez Obrador inform\u00f3 que la pensi\u00f3n ser\u00e1 de manera universal\u00a0 y se invertir\u00e1n 10 mil millones de pesos en el \u201cPrograma Pensi\u00f3n para el Bienestar de las Personas Adultas Mayores\u201d para la entrega de las pensiones a los adultos mayores.<\/p>\n<p>Dijo que se espera que antes de que finalice febrero se haya entregado el apoyo econ\u00f3mico a los adultos mayores correspondiente a los dos primeros meses del a\u00f1o.<\/p>\n<p>Indic\u00f3 que no solo ser\u00e1n los adultos mayores pobres lo que reciban este apoyo econ\u00f3mico sino todos los adultos mayores por su contribuci\u00f3n a lo que han aportado durante toda su vida, dijo, es una recompensa.<\/p>\n<p>Reiter\u00f3 que la pensi\u00f3n destinada a los adultos mayores se dar\u00e1 cada dos meses.<\/p>\n<p>\u201cSe est\u00e1 hablando de 18 mil millones cada dos meses para adultos mayores\u201d, dijo.<\/p>\n<p>El Presidente agreg\u00f3 que los apoyos se dar\u00e1n de manera directa, tanto a adultos mayores, como a personas con discapacidad, estudiantes o productores.<\/p>\n<p>\u201cAs\u00ed se van a dispersar los cr\u00e9ditos de las tandas del bienestar, todo de esta forma\u201d.<\/p>\n<p>Expres\u00f3 su confianza en que as\u00ed como se est\u00e1 terminando por definir el mecanismo de apoyo a adultos mayores, a m\u00e1s tardar a mediados de este a\u00f1o se tengan definidos todos los procedimientos de los programas de bienestar. Asegur\u00f3 que todos los padrones se van a transparentar para que todo el pueblo sepa c\u00f3mo se est\u00e1n distribuyendo los beneficios de la gente.<\/p>\n<p>Destac\u00f3 que no va a quedar un hogar pobre sin recibir un apoyo. Dijo que se est\u00e1n revisando los padrones, pero hay inconsistencias y se est\u00e1 cruzando la informaci\u00f3n por lo que es importante un censo. Enfatiz\u00f3 que ya se ha censado a alrededor de 25 millones de personas. Agreg\u00f3 que ese censo de bienestar es una materia prima fundamental para poder llevar a cabo la ayuda.<\/p>\n<p>\u201c\u00bfSi no tenemos esos censos, c\u00f3mo dispersamos los fondos?\u201d, cuestion\u00f3 el presidente. L\u00f3pez Obrador estuvo acompa\u00f1ado por la tesorera de la Federaci\u00f3n, Dalia Borja; por la secretaria de Bienestar, Mar\u00eda Luisa Albores y la subsecretaria de Bienestar, Ariadna Montiel. Sueltan a 90 por ciento de huachicoleros detenidos<\/p>\n<p>En otro tema, L\u00f3pez Obrador reconoci\u00f3 que el 90 por ciento de los detenidos por robo de combustible han salido de prisi\u00f3n.<\/p>\n<p>Advirti\u00f3 que, debido a que el huachicol no es considerado un delito grave, que amerite prisi\u00f3n preventiva oficiosa, s\u00f3lo han podido encerrar a 60 de los 600 detenidos por la autoridad.<\/p>\n<p>\u201cHoy se inform\u00f3 sobre los detenidos, a partir de este proceso. Ha habido alrededor de 600 detenidos. S\u00f3lo se ha podido mantener alrededor de 60 presuntos responsables o culpables. Ese fue el informe que nos presentaron\u201d, dijo.<\/p>\n<p>L\u00f3pez Obrador volvi\u00f3 a exhortar a los legisladores federales para que avalen la reforma al Art\u00edculo 19 de la Constituci\u00f3n, con la finalidad de que los responsables del robo de hidrocarburos no puedan llevar su proceso penal en libertad bajo fianza.<\/p>\n<p>\u201cLa ley es muy laxa, muy blanda, por eso la reforma que est\u00e1 en el Congreso. Aprovecho para hacer este exhorto, convocatoria e invitaci\u00f3n a los legisladores a que ya aprueben las reformas, para que sea delito grave\u201d, expres\u00f3.<\/p>\n<p>El jefe del Ejecutivo inform\u00f3 que en enero y lo que va de febrero se han presentado m\u00e1s de 200 denuncias por ese delito ante la Fiscal\u00eda General de la Rep\u00fablica (FGR).<\/p>\n<p>A pregunta expresa, sobre las tomas clandestinas detectadas en la Ciudad de M\u00e9xico, el Presidente advirti\u00f3 que se podr\u00eda investigar a los ex jefes delegacionales, siempre y cuando exista denuncia o lo determine la FGR.<\/p>\n<p style=\"text-align: center;\"><strong>Reporta AMLO 4.8 homicidios<br \/>\ndiarios en la CDMX<\/strong><\/p>\n<p>El Presidente indic\u00f3 que el n\u00famero de homicidios en la Ciudad de M\u00e9xico se increment\u00f3 de 4.6 a 4.8 diarios, los cuales, en su mayor\u00eda, est\u00e1n ligados a la delincuencia organizada.<\/p>\n<p>\u201cHay lugares donde hay m\u00e1s homicidios, por eso, el operativo en Tijuana, ya en la ciudad se increment\u00f3 de 4.6 a 4.8 los homicidios, es decir casi 5 homicidios diarios en la CDMX\u201d, inform\u00f3.<\/p>\n<p>\u201cCuando yo gobern\u00e9 la capital, el promedio que dejamos fue 1.8, de 4.6 a 1.8 es considerable. La diferencia es que ahora a los homicidios se vinculan m\u00e1s a la delincuencia organizada\u201d.<\/p>\n<p>El mandatario dijo que las acciones de seguridad est\u00e1n enfocadas en las alcald\u00edas de Gustavo A. Madero e Iztapalapa, debido al alza de cr\u00edmenes. Agreg\u00f3 que se trabaja de manera coordinada con la jefa de Gobierno, Claudia Sheinbaum. \u201cLa atencion especial es a Gustavo A. Madero e Iztapalapa, donde ha crecido el n\u00famero de asesinatos.<\/p>\n<p>Desgraciadamente, en la CDMX, en los \u00faltimos tiempos aument\u00f3 el n\u00famero de homicidios en un porcentaje considerable y ya se est\u00e1 actuando de manera conjunta, tenemos pendiente Iztapalapa\u00bb, explic\u00f3.<\/p>\n","protected":false},"excerpt":{"rendered":"<p>El presidente Andr\u00e9s Manuel L\u00f3pez Obrador inform\u00f3 en su conferencia matutina que ya no habr\u00e1 entrega de recursos a las organizaciones de la sociedad civil, ya que los apoyos se entregar\u00e1n de manera directa.<\/p>\n","protected":false},"author":3,"featured_media":414436,"comment_status":"open","ping_status":"open","sticky":false,"template":"","format":"standard","meta":{"_monsterinsights_skip_tracking":false,"_monsterinsights_sitenote_active":false,"_monsterinsights_sitenote_note":"","_monsterinsights_sitenote_category":0,"footnotes":""},"categories":[3],"tags":[2545,2701,43673,82659,25372],"class_list":["post-414359","post","type-post","status-publish","format-standard","has-post-thumbnail","hentry","category-nacional","tag-amlo","tag-apoyo","tag-nacional","tag-ongs","tag-recorte"],"_links":{"self":[{"href":"https:\/\/www.diarioimagen.net\/index.php?rest_route=\/wp\/v2\/posts\/414359","targetHints":{"allow":["GET"]}}],"collection":[{"href":"https:\/\/www.diarioimagen.net\/index.php?rest_route=\/wp\/v2\/posts"}],"about":[{"href":"https:\/\/www.diarioimagen.net\/index.php?rest_route=\/wp\/v2\/types\/post"}],"author":[{"embeddable":true,"href":"https:\/\/www.diarioimagen.net\/index.php?rest_route=\/wp\/v2\/users\/3"}],"replies":[{"embeddable":true,"href":"https:\/\/www.diarioimagen.net\/index.php?rest_route=%2Fwp%2Fv2%2Fcomments&post=414359"}],"version-history":[{"count":0,"href":"https:\/\/www.diarioimagen.net\/index.php?rest_route=\/wp\/v2\/posts\/414359\/revisions"}],"wp:featuredmedia":[{"embeddable":true,"href":"https:\/\/www.diarioimagen.net\/index.php?rest_route=\/wp\/v2\/media\/414436"}],"wp:attachment":[{"href":"https:\/\/www.diarioimagen.net\/index.php?rest_route=%2Fwp%2Fv2%2Fmedia&parent=414359"}],"wp:term":[{"taxonomy":"category","embeddable":true,"href":"https:\/\/www.diarioimagen.net\/index.php?rest_route=%2Fwp%2Fv2%2Fcategories&post=414359"},{"taxonomy":"post_tag","embeddable":true,"href":"https:\/\/www.diarioimagen.net\/index.php?rest_route=%2Fwp%2Fv2%2Ftags&post=414359"}],"curies":[{"name":"wp","href":"https:\/\/api.w.org\/{rel}","templated":true}]}}