{"id":414362,"date":"2019-02-08T00:11:08","date_gmt":"2019-02-08T06:11:08","guid":{"rendered":"https:\/\/www.diarioimagen.net\/?p=414362"},"modified":"2019-02-08T03:37:21","modified_gmt":"2019-02-08T09:37:21","slug":"ofrecen-proteccion-a-quienes-ayuden-a-esclarecer-caso-ayotzinapa","status":"publish","type":"post","link":"https:\/\/www.diarioimagen.net\/?p=414362","title":{"rendered":"Ofrecen protecci\u00f3n a quienes ayuden a esclarecer caso Ayotzinapa"},"content":{"rendered":"<p><a href=\"https:\/\/www.diarioimagen.net\/?attachment_id=414460\" rel=\"attachment wp-att-414460\"><img loading=\"lazy\" decoding=\"async\" class=\"aligncenter size-large wp-image-414460\" src=\"https:\/\/www.diarioimagen.net\/wp-content\/uploads\/2019\/02\/IGUALA8-460x259.jpg\" alt=\"\" width=\"460\" height=\"259\" srcset=\"https:\/\/www.diarioimagen.net\/wp-content\/uploads\/2019\/02\/IGUALA8-460x259.jpg 460w, https:\/\/www.diarioimagen.net\/wp-content\/uploads\/2019\/02\/IGUALA8-240x135.jpg 240w, https:\/\/www.diarioimagen.net\/wp-content\/uploads\/2019\/02\/IGUALA8-235x132.jpg 235w, https:\/\/www.diarioimagen.net\/wp-content\/uploads\/2019\/02\/IGUALA8-202x114.jpg 202w, https:\/\/www.diarioimagen.net\/wp-content\/uploads\/2019\/02\/IGUALA8-350x196.jpg 350w, https:\/\/www.diarioimagen.net\/wp-content\/uploads\/2019\/02\/IGUALA8-220x123.jpg 220w, https:\/\/www.diarioimagen.net\/wp-content\/uploads\/2019\/02\/IGUALA8-237x132.jpg 237w, https:\/\/www.diarioimagen.net\/wp-content\/uploads\/2019\/02\/IGUALA8.jpg 480w\" sizes=\"auto, (max-width: 460px) 100vw, 460px\" \/><\/a><\/p>\n<p>&nbsp;<\/p>\n<p>El presidente Andr\u00e9s Manuel L\u00f3pez Obrador anunci\u00f3 que habr\u00e1 protecci\u00f3n del gobierno y consideraciones legales con quienes proporcionen informaci\u00f3n para esclarecer el caso Iguala, pues este tema es prioridad de su gobierno, \u201cnos importa mucho saber la verdad y saber el paradero de los j\u00f3venes\u201d.<\/p>\n<p>Al encabezar la entrega de becas a j\u00f3venes en Iguala, Guerrero, mencion\u00f3 que ya hay una comisi\u00f3n para atender este asunto, pues lo que se busca es que ya no se relacione al pueblo de Iguala con los \u201chechos horrendos que se dieron en esta regi\u00f3n\u201d.<\/p>\n<p>\u201cYa queremos que eso se limpie y que iniciemos conociendo la verdad, una etapa nueva en Iguala, en Guerrero y en todo M\u00e9xico\u201d, expres\u00f3 el mandatario federal ante el gobernador de la entidad, H\u00e9ctor Astudillo Flores, y habitantes de este municipio.<\/p>\n<p>Acompa\u00f1ado por el secretario de Educaci\u00f3n P\u00fablica, Esteban Moctezuma Barrag\u00e1n, indic\u00f3 que realizar en esta regi\u00f3n el inicio de la Entrega de Becas Bienestar para las Familias tambi\u00e9n consiste en un homenaje a los j\u00f3venes estudiantes de Ayotzinapa desaparecidos.<\/p>\n<p>Record\u00f3 que por estos hechos hay personas en la c\u00e1rcel y algunos sostienen que est\u00e1n all\u00ed de manera injusta, pero ahora se abre de nuevo la investigaci\u00f3n para que todo aquel que quiera aportar datos a fin de que se conozca la verdad, lo haga y habr\u00e1 beneficios de ley para la protecci\u00f3n de quienes que den informaci\u00f3n.<\/p>\n<p>L\u00f3pez Obrador enfatiz\u00f3 que la educaci\u00f3n no es un privilegio, sino un derecho del pueblo que se va a garantizar a todos, as\u00ed como las oportunidades de trabajo para los j\u00f3venes, mediante becas para que sean capacitados para el empleo, con tutores.<\/p>\n<p>De esta manera, los j\u00f3venes, unos estudiando y otros trabajando, \u201cvan a ser atendidos como merecen, por justicia y, adem\u00e1s, para que no caigan en la tentaci\u00f3n de tomar el camino de las conductas antisociales; nunca m\u00e1s darle la espalda a los j\u00f3venes, siempre atenderlos\u201d, expres\u00f3.<\/p>\n<p>El Presidente refrend\u00f3 que el objetivo principal de su administraci\u00f3n es terminar con la corrupci\u00f3n, ya que M\u00e9xico es uno de los pa\u00edses m\u00e1s corruptos en el mundo, \u201cpero no es por el pueblo, es por los malos gobiernos, por los que se dedican a robar, a saquear, a sacar beneficios a costa del sufrimiento de la gente\u201d.<\/p>\n<p>Record\u00f3 al ex presidente de Chile, Salvador Allende, quien sufri\u00f3 un golpe de Estado, hecho que a \u00e9l lo marc\u00f3 mientras estudiaba la universidad, \u201cpor eso yo no acepto las dictaduras, las imposiciones, quiero que en M\u00e9xico y en todos los pueblos del mundo haya democracia y haya justicia\u201d.<\/p>\n<p>En ese sentido dijo que este sector de la poblaci\u00f3n recibir\u00e1 la estafeta para que contin\u00faen el trabajo que ya se dejar\u00e1 avanzado y les pidi\u00f3 que no haya retrocesos y se sigan modificando los estilos de gobiernos autoritarios y corruptos para que siempre haya dignidad, justicia y felicidad en el pueblo.<\/p>\n<p>Tras reconocer que hay m\u00faltiples demandas en la sociedad, adelant\u00f3 que poco a poco se ir\u00e1 regularizando la situaci\u00f3n de los trabajadores del sector salud, donde muchos cuentan con contratos por honorarios; se mejorar\u00e1 el sector para tambi\u00e9n garantizar el derecho a la salud, y se regularizar\u00e1 la situaci\u00f3n de los trabajadores de la educaci\u00f3n.<\/p>\n<p>Asimismo, reconoci\u00f3 al gobernador H\u00e9ctor Astudillo, de quien dijo que \u201cse ha portado muy bien, muy bien, requetebi\u00e9n\u201d, y dijo que tras la petici\u00f3n que hizo de apoyar a los productores agr\u00edcolas con fertilizantes, \u00e9ste se entregar\u00e1 de manera gratuita en la entidad.<\/p>\n<p>En el combate a la corrupci\u00f3n, L\u00f3pez Obrador record\u00f3 que a poco m\u00e1s de dos meses de su administraci\u00f3n ya se han logrado ahorros importantes en acciones como que no se devolvieran impuestos por miles de millones de pesos a los antiguos accionistas de una empresa cervecera.<\/p>\n<p>As\u00ed como con el combate al llamado \u201chuachicol\u201d, en donde el robo de pipas ha disminuido en 90 por ciento y si contin\u00faa este esfuerzo, habr\u00e1 ahorros de cuando menos 50 mil millones de pesos, y todo ese dinero que se ahorre, en el combate a la corrupci\u00f3n, se destinar\u00e1 al pueblo mediante apoyos.<\/p>\n","protected":false},"excerpt":{"rendered":"<p>El presidente Andr\u00e9s Manuel L\u00f3pez Obrador anunci\u00f3 que habr\u00e1 protecci\u00f3n del gobierno y consideraciones legales con quienes proporcionen informaci\u00f3n para esclarecer el caso Iguala, pues este tema es prioridad de su gobierno, \u201cnos importa mucho saber la verdad y saber el paradero de los j\u00f3venes\u201d.<\/p>\n","protected":false},"author":3,"featured_media":414460,"comment_status":"open","ping_status":"open","sticky":false,"template":"","format":"standard","meta":{"_monsterinsights_skip_tracking":false,"_monsterinsights_sitenote_active":false,"_monsterinsights_sitenote_note":"","_monsterinsights_sitenote_category":0,"footnotes":""},"categories":[3],"tags":[21346,82660,43673,21373],"class_list":["post-414362","post","type-post","status-publish","format-standard","has-post-thumbnail","hentry","category-nacional","tag-ayotzinapa","tag-esclarecer","tag-nacional","tag-normalistas"],"_links":{"self":[{"href":"https:\/\/www.diarioimagen.net\/index.php?rest_route=\/wp\/v2\/posts\/414362","targetHints":{"allow":["GET"]}}],"collection":[{"href":"https:\/\/www.diarioimagen.net\/index.php?rest_route=\/wp\/v2\/posts"}],"about":[{"href":"https:\/\/www.diarioimagen.net\/index.php?rest_route=\/wp\/v2\/types\/post"}],"author":[{"embeddable":true,"href":"https:\/\/www.diarioimagen.net\/index.php?rest_route=\/wp\/v2\/users\/3"}],"replies":[{"embeddable":true,"href":"https:\/\/www.diarioimagen.net\/index.php?rest_route=%2Fwp%2Fv2%2Fcomments&post=414362"}],"version-history":[{"count":0,"href":"https:\/\/www.diarioimagen.net\/index.php?rest_route=\/wp\/v2\/posts\/414362\/revisions"}],"wp:featuredmedia":[{"embeddable":true,"href":"https:\/\/www.diarioimagen.net\/index.php?rest_route=\/wp\/v2\/media\/414460"}],"wp:attachment":[{"href":"https:\/\/www.diarioimagen.net\/index.php?rest_route=%2Fwp%2Fv2%2Fmedia&parent=414362"}],"wp:term":[{"taxonomy":"category","embeddable":true,"href":"https:\/\/www.diarioimagen.net\/index.php?rest_route=%2Fwp%2Fv2%2Fcategories&post=414362"},{"taxonomy":"post_tag","embeddable":true,"href":"https:\/\/www.diarioimagen.net\/index.php?rest_route=%2Fwp%2Fv2%2Ftags&post=414362"}],"curies":[{"name":"wp","href":"https:\/\/api.w.org\/{rel}","templated":true}]}}