{"id":414370,"date":"2019-02-08T00:10:53","date_gmt":"2019-02-08T06:10:53","guid":{"rendered":"https:\/\/www.diarioimagen.net\/?p=414370"},"modified":"2019-02-08T03:37:14","modified_gmt":"2019-02-08T09:37:14","slug":"retoma-cnte-bloqueo-en-patzcuaro-y-uruapan","status":"publish","type":"post","link":"https:\/\/www.diarioimagen.net\/?p=414370","title":{"rendered":"Retoma CNTE bloqueo en P\u00e1tzcuaro y Uruapan"},"content":{"rendered":"<ul>\n<li><strong><em>Ya suman 23 d\u00edas de estrangulamientos de v\u00edas ferroviarias<\/em><\/strong><\/li>\n<li><strong><em>Retan maestros disidentes a las autoridades estatales y federales<\/em><\/strong><\/li>\n<\/ul>\n<p>&nbsp;<\/p>\n<div id=\"attachment_414454\" style=\"width: 470px\" class=\"wp-caption aligncenter\"><a href=\"https:\/\/www.diarioimagen.net\/?attachment_id=414454\" rel=\"attachment wp-att-414454\"><img loading=\"lazy\" decoding=\"async\" aria-describedby=\"caption-attachment-414454\" class=\"size-large wp-image-414454\" src=\"https:\/\/www.diarioimagen.net\/wp-content\/uploads\/2019\/02\/CNTE8a-460x259.jpg\" alt=\"\" width=\"460\" height=\"259\" srcset=\"https:\/\/www.diarioimagen.net\/wp-content\/uploads\/2019\/02\/CNTE8a-460x259.jpg 460w, https:\/\/www.diarioimagen.net\/wp-content\/uploads\/2019\/02\/CNTE8a-240x135.jpg 240w, https:\/\/www.diarioimagen.net\/wp-content\/uploads\/2019\/02\/CNTE8a-235x132.jpg 235w, https:\/\/www.diarioimagen.net\/wp-content\/uploads\/2019\/02\/CNTE8a-202x114.jpg 202w, https:\/\/www.diarioimagen.net\/wp-content\/uploads\/2019\/02\/CNTE8a-350x196.jpg 350w, https:\/\/www.diarioimagen.net\/wp-content\/uploads\/2019\/02\/CNTE8a-220x123.jpg 220w, https:\/\/www.diarioimagen.net\/wp-content\/uploads\/2019\/02\/CNTE8a-237x132.jpg 237w, https:\/\/www.diarioimagen.net\/wp-content\/uploads\/2019\/02\/CNTE8a.jpg 480w\" sizes=\"auto, (max-width: 460px) 100vw, 460px\" \/><\/a><p id=\"caption-attachment-414454\" class=\"wp-caption-text\">El ex gobernador de Coahuila, Jorge Juan Torres L\u00f3pez, no podr\u00e1 ser extraditado a EU, luego que un juez federal otorg\u00f3 una suspensi\u00f3n provisional.<\/p><\/div>\n<p>&nbsp;<\/p>\n<p>Luego que el gobierno de Michoac\u00e1n liber\u00f3 el pago de bonos y salarios de normalistas, la dirigencia de la CNTE llam\u00f3 a asamblea para conminar a la liberaci\u00f3n de v\u00edas y reactivar el di\u00e1logo con autoridades.<\/p>\n<p>Sin embargo, ayer, a la v\u00eda del ferrocarril bloqueada en Uruapan, se sum\u00f3 la ubicada en P\u00e1tzcuaro.<\/p>\n<p>En la primera no se ha retirado el plant\u00f3n, mientras que la segunda fue tomada desde las 7:00 horas, donde colocaron palos y piedras.<\/p>\n<p>A 23 d\u00edas de que iniciaron las protestas, los centistas s\u00f3lo se han liberado cinco de los siete tramos ferroviarios que tomaron en Michoac\u00e1n desde el pasado 14 de enero. Por su parte, la Secretar\u00eda de Seguridad P\u00fablica (SSP) en la entidad precis\u00f3 que en P\u00e1tzcuaro se encuentran 20 maestros en las v\u00edas quienes no permiten el paso del tren, mientras que en Caltzontzin est\u00e1n alrededor de 80 profesores.<\/p>\n<p>El secretario de Educaci\u00f3n estatal, Alberto Frutis, dijo a medios locales que fueron liberados 95 millones de pesos por concepto del bono denominado Compensaci\u00f3n \u00danica Nacional, y 80 millones de pesos para el pago a normalistas con contrato con la dependencia.<\/p>\n<p>Adem\u00e1s de ello, en enero pagaron 230 millones para saldar las quincenas de enero, y 950 millones de bonos.<\/p>\n<p>Refiri\u00f3 que el gobierno estatal cuenta con hasta 500 millones de pesos para continuar con pagos, pero est\u00e1 condicionado a la liberaci\u00f3n de v\u00edas y a la reactivaci\u00f3n de clases.<\/p>\n<p>\u201cLo que resolver\u00e1 el conflicto es que se levanten de las v\u00edas, retomen las actividades, levanten el plant\u00f3n, no est\u00e9n da\u00f1ando los centros comerciales y a partir de ah\u00ed, los ofrecimientos ya establecidos en ese documento de trabajo empezar\u00e1n a fluir\u201d, manifest\u00f3.<\/p>\n<p>Desde la noche del mi\u00e9rcoles, la Secci\u00f3n 18 de la CNTE llam\u00f3 a asamblea entre coordinadores de sus 22 regiones para notificar avances y definir su plan de acci\u00f3n.<\/p>\n<p>Seg\u00fan fuentes del gremio, la reuni\u00f3n convocada por el dirigente estatal, V\u00edctor Manuel Zavala, ir\u00e1 en el tenor de pedir apoyo para la liberaci\u00f3n de v\u00edas para que se pueda reactivar la mesa tripartita y avanzar en negociaciones.<\/p>\n<p>Autoridades estatales y federales est\u00e1n a la espera de las resoluciones de la asamblea.<\/p>\n<p>Aunque se convoc\u00f3 este jueves se prev\u00edas que se realizar\u00eda por la tarde, pues algunos coordinadores argumentaron que fue una convocatoria precipitada y pidieron tiempo para consultar a sus agremiados y trasladarse.<\/p>\n<p>Seg\u00fan la Asociaci\u00f3n Mexicana de Ferrocarriles (AMF), los bloqueos a v\u00edas en Michoac\u00e1n han causado que dos mil 900 toneladas de mercanc\u00edas permanezcan detenidas y 351 ferrocarriles varados.<\/p>\n<p style=\"text-align: center;\"><strong>Kansas City denuncia a la CNTE por bloqueo ferroviario<\/strong><\/p>\n<p>Dirigentes de la Coordinadora Nacional de Trabajadores de la Educaci\u00f3n (CNTE), de la Secci\u00f3n XVIII habr\u00edan sido llamados a declarar por los bloqueos realizados a las v\u00edas f\u00e9rreas de Michoac\u00e1n.<\/p>\n<p>El bloqueo habr\u00eda impedido la movilizaci\u00f3n de al menos 351 trenes de carga, con m\u00e1s de 20,000 contenedores en total. Lo cual habr\u00eda generado p\u00e9rdidas millonarias a diversas industrias.<\/p>\n<p>La CNTE emiti\u00f3 un comunicado en el que denuncian \u201clos atentados en contra de nuestra libertad de expresi\u00f3n y de manifestaci\u00f3n, a base de persecuciones judiciales que no contribuyen a solucionar la grave problem\u00e1tica educativa de Michoac\u00e1n\u201c.<\/p>\n<p>La Fiscal\u00eda General de la Rep\u00fablica estar\u00eda respondiendo a una denuncia realizada por Kansas City Southern M\u00e9xico, confirm\u00f3 la empresa.<\/p>\n<p>\u201cKCSM interpuso denuncia por cada bloqueo registrado. Eso es un procedimiento que marca la ley como concesionarios. No obstante, el seguimiento lo est\u00e1 dando la autoridad correspondiente\u201d, explic\u00f3 la compa\u00f1\u00eda.<\/p>\n<p>El sindicato \u201cexige que el gobierno resuelva sus leg\u00edtimas demandas, antes que buscar intimidar y coartar nuestras libertades, pues no permitir\u00e1n este tipo de actos\u201d.<\/p>\n<p style=\"text-align: center;\"><strong>\u201cSigue bloqueo por grupo radical\u201d<\/strong><\/p>\n<p>El gobernador de Michoac\u00e1n, Silvano Aureoles, argument\u00f3 que no se han liberado dos v\u00edas f\u00e9rreas, porque un grupo radical de la CNTE demanda otros temas administrativos.<\/p>\n<p>Sin embargo, confi\u00f3 en que los l\u00edderes de la Coordinadora Nacional de Trabajadores de la Educaci\u00f3n logren convencerlos de que sus peticiones requieren tiempo.<\/p>\n<p>\u201cHay un grupo de maestros muy radicalizado que su postura es todo o nada. Quieren todo lo que se les debe y no es posible\u201d.<\/p>\n<p>Por ejemplo, expuso, busca que se regularicen mil 500 plazas de directores o subdirectores, y eso, justific\u00f3, s\u00f3lo lo puede hacer el Gobierno federal, pero es un proceso largo.<\/p>\n<p>Adem\u00e1s, que las plazas que son de docentes, no de directivos, tambi\u00e9n se regularicen.<\/p>\n<p>\u201cOtra es la desconcentraci\u00f3n del pago para que el maestro que est\u00e1 en un centro de trabajo ah\u00ed se le canalice su pago y no en otro centro, cosas que requieren tr\u00e1mites administrativos.<\/p>\n<p>\u201cSobre el pago y los bonos, para lo que nos alcanza (lo entregado por el Gobierno federal) ahora es para pagar la mitad del adeudo, y lo que estoy proponiendo es un calendario para cubrir en los siguientes meses lo que falta\u201d, inform\u00f3.<\/p>\n<p>Adem\u00e1s, consider\u00f3, los maestros que bloquean la v\u00eda f\u00e9rrea aprovecharon para introducir la disputa que existe en la entidad por la dirigencia de la CNTE.<\/p>\n<p>\u201cLa mayor\u00eda de los maestros lo acept\u00f3, pero este grupito no. Los maestros (dirigentes) est\u00e1n trabajando para convencerlos de que se respete el acuerdo, porque est\u00e1 tomado, el de liberar las v\u00edas, pero ese grupo desoy\u00f3\u201d, se\u00f1al\u00f3.<\/p>\n","protected":false},"excerpt":{"rendered":"<p>Luego que el gobierno de Michoac\u00e1n liber\u00f3 el pago de bonos y salarios de normalistas, la dirigencia de la CNTE llam\u00f3 a asamblea para conminar a la liberaci\u00f3n de v\u00edas y reactivar el di\u00e1logo con autoridades.<\/p>\n","protected":false},"author":3,"featured_media":414454,"comment_status":"open","ping_status":"open","sticky":false,"template":"","format":"standard","meta":{"_monsterinsights_skip_tracking":false,"_monsterinsights_sitenote_active":false,"_monsterinsights_sitenote_note":"","_monsterinsights_sitenote_category":0,"footnotes":""},"categories":[3],"tags":[19218,7473,43673,82662],"class_list":["post-414370","post","type-post","status-publish","format-standard","has-post-thumbnail","hentry","category-nacional","tag-bloqueo","tag-cnte","tag-nacional","tag-retoma"],"_links":{"self":[{"href":"https:\/\/www.diarioimagen.net\/index.php?rest_route=\/wp\/v2\/posts\/414370","targetHints":{"allow":["GET"]}}],"collection":[{"href":"https:\/\/www.diarioimagen.net\/index.php?rest_route=\/wp\/v2\/posts"}],"about":[{"href":"https:\/\/www.diarioimagen.net\/index.php?rest_route=\/wp\/v2\/types\/post"}],"author":[{"embeddable":true,"href":"https:\/\/www.diarioimagen.net\/index.php?rest_route=\/wp\/v2\/users\/3"}],"replies":[{"embeddable":true,"href":"https:\/\/www.diarioimagen.net\/index.php?rest_route=%2Fwp%2Fv2%2Fcomments&post=414370"}],"version-history":[{"count":0,"href":"https:\/\/www.diarioimagen.net\/index.php?rest_route=\/wp\/v2\/posts\/414370\/revisions"}],"wp:featuredmedia":[{"embeddable":true,"href":"https:\/\/www.diarioimagen.net\/index.php?rest_route=\/wp\/v2\/media\/414454"}],"wp:attachment":[{"href":"https:\/\/www.diarioimagen.net\/index.php?rest_route=%2Fwp%2Fv2%2Fmedia&parent=414370"}],"wp:term":[{"taxonomy":"category","embeddable":true,"href":"https:\/\/www.diarioimagen.net\/index.php?rest_route=%2Fwp%2Fv2%2Fcategories&post=414370"},{"taxonomy":"post_tag","embeddable":true,"href":"https:\/\/www.diarioimagen.net\/index.php?rest_route=%2Fwp%2Fv2%2Ftags&post=414370"}],"curies":[{"name":"wp","href":"https:\/\/api.w.org\/{rel}","templated":true}]}}